{"id":99426,"date":"2020-09-21T18:32:15","date_gmt":"2020-09-21T22:32:15","guid":{"rendered":"https:\/\/linitiative.ca\/International\/hamdi-bennani-un-des-meilleurs-ambassadeurs-de-la-chanson-malouf-sen-va\/"},"modified":"2020-09-21T18:32:15","modified_gmt":"2020-09-21T22:32:15","slug":"hamdi-bennani-un-des-meilleurs-ambassadeurs-de-la-chanson-malouf-sen-va","status":"publish","type":"post","link":"https:\/\/linitiative.ca\/International\/hamdi-bennani-un-des-meilleurs-ambassadeurs-de-la-chanson-malouf-sen-va\/","title":{"rendered":"Hamdi Bennani, un des meilleurs ambassadeurs de la chanson Malouf s&rsquo;en va"},"content":{"rendered":"<div readability=\"36\">\n<p><strong>ANNABA- Les artistes et acteurs de la sc\u00e8ne culturelle dans la wilaya d\u2019Annaba ont \u00e9t\u00e9 unanimes \u00e0 reconnaitre que le chanteur b\u00f4nois Hamdi Bennani, surnomm\u00e9 \u00ab\u00a0l\u2019ange blanc\u00a0\u00bb d\u00e9c\u00e9d\u00e9 lundi matin \u00e0 l\u2019\u00e2ge de 77 ans fut un des meilleurs ambassadeurs de la chanson Malouf et la musique andalouse sur la sc\u00e8ne internationale.<\/strong><\/p>\n<\/div>\n<div readability=\"72.208908406524\">\n<p>Compagnon de route du d\u00e9funt artiste pendant pr\u00e8s de 60 ans, le chanteur \u00e9galement annabi Ayachi Dhib assure que Mohamed Cherif Bennani alias Hamdi Bennani avait \u00ab\u00a0r\u00e9ussi \u00e0 marier dans sa musique authenticit\u00e9 et modernit\u00e9\u00a0\u00bb.<\/p>\n<p>Visiblement tr\u00e8s \u00e9mu, il a d\u00e9clar\u00e9 que \u00ab\u00a0le d\u00e9funt a su respecter les r\u00e8gles de base de l\u2019art andalou authentique en ex\u00e9cutant les diverses Nouba tout en s\u2019ouvrant aux autres tonalit\u00e9s de sorte \u00e0 d\u00e9velopper un style \u00e0 part \u00e0 la fois authentique et moderne qui lui avait permis de repr\u00e9senter l\u2019art andalou \u00e0 l\u2019\u00e9chelle nationale et internationale\u00a0\u00bb.<\/p>\n<blockquote readability=\"12\">\n<p><em><strong>Selon le t\u00e9moignage du m\u00eame artiste, Bennani qui avait c\u00f4toy\u00e9 les ma\u00eetres du Malouf que furent El Kourd, Hassan El Annabi, Cheikh Triki, Mohamed-Tahar Fergani et bien d\u2019autres \u00e9tait \u00ab\u00a0un passionn\u00e9 des Nouba authentiques ex\u00e9cut\u00e9es \u00e0 l\u2019Oud et au violon \u00e9galement ouvert aux potentialit\u00e9s des sonorit\u00e9s des nouveaux instruments modernes dont la guitare basse par lesquelles il a pu conqu\u00e9rir une vaste audience nationale et internationale\u00a0\u00bb.<\/strong><\/em><\/p>\n<\/blockquote>\n<p>Bennani, ajoute-t-il, a d\u00e9but\u00e9 son parcours artistique \u00e0 l\u2019orchestre de la musique et de la chanson Malouf Hassani El Annabi cr\u00e9\u00e9 en 1970 par la commune d\u2019Annaba avec lequel il \u00e9tait parvenu \u00e0 se distinguer lors d\u2019un concert anim\u00e9 \u00e0 Alger en pr\u00e9sence du d\u00e9funt pr\u00e9sident Houari Boumediene.<\/p>\n<p>Pour cheikh El Ayachi, le chanteur des mythiques tubes \u00ab\u00a0Ya bahi El djamel\u00a0\u00bb, \u00ab\u00a0Ouyoun lahbara\u00a0\u00bb et \u00ab\u00a0Djani ma djani\u00a0\u00bb qui conserveront son empreinte singuli\u00e8re a toujours su apporter g\u00e9n\u00e9reusement la joie aux c\u0153urs des m\u00e9lomanes.<\/p>\n<hr\/>\n<h3 class=\"catItemTitle\">Lire aussi:\u00a0<a href=\"http:\/\/www.aps.dz\/culture\/109958-l-icone-du-malouf-hamdi-bennani-n-est-plus\">L&rsquo;icone du malouf Hamdi Bennani n&rsquo;est plus<\/a><\/h3>\n<hr\/>\n<p>De son c\u00f4t\u00e9, le directeur de la maison de la culture \u00ab\u00a0Mohamed Boudiaf\u00a0\u00bb, Rachid Sa\u00efdi, a confi\u00e9 que le d\u00e9funt Bennani \u00e9tait connu pour \u00ab\u00a0son humilit\u00e9 et son encouragement aux jeunes talents qu\u2019il accueillait toujours dans le bureau de l\u2019Union des artistes d\u2019Annaba qu\u2019il tenait \u00e0 la maison de la culture\u00a0\u00bb.<\/p>\n<p>R\u00e9dha Arfaoui, jeune chanteur du genre chaabi, assure aussi que le d\u00e9funt tout comme son fils Kamel ouvrait constamment les portes de son studio \u00e0 Annaba aux jeunes artistes qui d\u00e9sirent sortir leurs albums.Hamdi Bennani est d\u00e9c\u00e9d\u00e9 lundi matin \u00e0 l\u2019h\u00f4pital Ibn Sina d\u2019Annaba \u00e0 l\u2019\u00e2ge de 77 ans. Il a \u00e9t\u00e9 inhum\u00e9 apr\u00e8s la pri\u00e8re d\u2019El Asr au cimeti\u00e8re familiale de Sidi A\u00efssa dans la ville d\u2019Annaba.<\/p>\n<\/div>\n<p>Auteur:<br \/>\n<a href=\"http:\/\/www.aps.dz\/culture\/109979-hamdi-bennani-un-des-meilleurs-ambassadeurs-de-la-chanson-malouf-sur-la-scene-internationale\">Cliquez ici pour lire l&rsquo;article depuis sa source.<\/a><\/p>\n","protected":false},"excerpt":{"rendered":"<p>ANNABA- Les artistes et acteurs de la sc\u00e8ne culturelle dans la wilaya d\u2019Annaba ont \u00e9t\u00e9 unanimes \u00e0 reconnaitre que le chanteur b\u00f4nois Hamdi Bennani, surnomm\u00e9 \u00ab\u00a0l\u2019ange blanc\u00a0\u00bb d\u00e9c\u00e9d\u00e9 lundi matin \u00e0 l\u2019\u00e2ge de 77 ans fut un des meilleurs ambassadeurs de la chanson Malouf et la musique andalouse sur la sc\u00e8ne internationale. Compagnon de route [&hellip;]<\/p>\n","protected":false},"author":1790,"featured_media":0,"comment_status":"closed","ping_status":"closed","sticky":false,"template":"","format":"standard","meta":{"fifu_image_url":"","fifu_image_alt":"","footnotes":""},"categories":[53,79],"tags":[],"class_list":["post-99426","post","type-post","status-publish","format-standard","hentry","category-algerie","category-culture"],"_links":{"self":[{"href":"https:\/\/linitiative.ca\/International\/wp-json\/wp\/v2\/posts\/99426","targetHints":{"allow":["GET"]}}],"collection":[{"href":"https:\/\/linitiative.ca\/International\/wp-json\/wp\/v2\/posts"}],"about":[{"href":"https:\/\/linitiative.ca\/International\/wp-json\/wp\/v2\/types\/post"}],"author":[{"embeddable":true,"href":"https:\/\/linitiative.ca\/International\/wp-json\/wp\/v2\/users\/1790"}],"replies":[{"embeddable":true,"href":"https:\/\/linitiative.ca\/International\/wp-json\/wp\/v2\/comments?post=99426"}],"version-history":[{"count":0,"href":"https:\/\/linitiative.ca\/International\/wp-json\/wp\/v2\/posts\/99426\/revisions"}],"wp:attachment":[{"href":"https:\/\/linitiative.ca\/International\/wp-json\/wp\/v2\/media?parent=99426"}],"wp:term":[{"taxonomy":"category","embeddable":true,"href":"https:\/\/linitiative.ca\/International\/wp-json\/wp\/v2\/categories?post=99426"},{"taxonomy":"post_tag","embeddable":true,"href":"https:\/\/linitiative.ca\/International\/wp-json\/wp\/v2\/tags?post=99426"}],"curies":[{"name":"wp","href":"https:\/\/api.w.org\/{rel}","templated":true}]}}