{"id":99428,"date":"2020-09-21T09:40:00","date_gmt":"2020-09-21T13:40:00","guid":{"rendered":"https:\/\/linitiative.ca\/International\/5e-rassemblement-de-solidarite-avec-khaled-drareni\/"},"modified":"2020-09-21T09:40:00","modified_gmt":"2020-09-21T13:40:00","slug":"5e-rassemblement-de-solidarite-avec-khaled-drareni","status":"publish","type":"post","link":"https:\/\/linitiative.ca\/International\/5e-rassemblement-de-solidarite-avec-khaled-drareni\/","title":{"rendered":"5e rassemblement de solidarit\u00e9 avec Khaled Drareni"},"content":{"rendered":"<div id=\"originalText\" readability=\"68\">\n<p>Un sit-in de solidarit\u00e9 avec le journaliste Khaled Drareni s\u2019est tenu, ce lundi, \u00e0 l\u2019int\u00e9rieur de la Maison de la presse Tahar Djaout.<\/p>\n<p>Plusieurs journalistes, \u00e9tudiants et membres de la soci\u00e9t\u00e9 civile, ont pris part \u00e0 ce cinqui\u00e8me rassemblement hebdomadaire, pour exiger la lib\u00e9ration de Khaled Drareni et r\u00e9clamer \u00ab une presse libre et une justice ind\u00e9pendante\u00a0\u00bb.<\/p>\n<p>\u00ab\u00a0C\u2019est notre devoir d\u2019\u00eatre ici, sous sommes venus pour revendiquer la lib\u00e9ration de Khaled Drareni et les d\u00e9tenus d\u2019opinion, et nous continuerons \u00e0 nous\u00a0rassembler le temps qu\u2019il faudra jusqu\u2019\u00e0 leur lib\u00e9ration\u00a0\u00bb, a d\u00e9clar\u00e9 Hakim Addad, militant et ancien pr\u00e9sident de l\u2019Association RAJ.<\/p>\n<p>\u00ab\u00a0Le pourvoi en cassation a \u00e9t\u00e9 enregistr\u00e9, ce qui nous reste \u00e0 faire c\u2019est de se mobiliser davantage et \u00eatre plus nombreux \u00e0 exiger sa lib\u00e9ration\u00a0\u00bb, a soutenu Me Aouicha Bekhti,\u00a0membre du collectif de d\u00e9fense.<\/p>\n<p>Pour rappel, le correspondant de TV5 Monde, a \u00e9t\u00e9 condamn\u00e9 en appel, mardi 15 septembre, \u00e0 deux ans de prison ferme par la Cour d\u2019Alger. Un pourvoi en cassation aupr\u00e8s de la Cour supr\u00eame a \u00e9t\u00e9 formalis\u00e9, jeudi dernier, par le collectif\u00a0de\u00a0d\u00e9fense\u00a0du\u00a0journaliste.<\/p>\n<p><iframe loading=\"lazy\" allow=\"encrypted-media\" allowfullscreen=\"true\" allowtransparency=\"true\" frameborder=\"0\" height=\"413\" scrolling=\"no\" src=\"https:\/\/www.facebook.com\/plugins\/video.php?href=https%3A%2F%2Fwww.facebook.com%2FJournaLiberteOfficiel%2Fvideos%2F708289389754804%2F&amp;show_text=false&amp;width=734&amp;height=413&amp;appId\" class=\"c6\" width=\"734\">[embedded content]<\/iframe><\/p>\n<p class=\"c7\"><strong>S.B<\/strong><\/p>\n<\/div>\n<div id=\"text_core\" readability=\"68\">\n<p>Un sit-in de solidarit\u00e9 avec le journaliste Khaled Drareni s\u2019est tenu, ce lundi, \u00e0 l\u2019int\u00e9rieur de la Maison de la presse Tahar Djaout.<\/p>\n<p>Plusieurs journalistes, \u00e9tudiants et membres de la soci\u00e9t\u00e9 civile, ont pris part \u00e0 ce cinqui\u00e8me rassemblement hebdomadaire, pour exiger la lib\u00e9ration de Khaled Drareni et r\u00e9clamer \u00ab une presse libre et une justice ind\u00e9pendante\u00a0\u00bb.<\/p>\n<p>\u00ab\u00a0C\u2019est notre devoir d\u2019\u00eatre ici, sous sommes venus pour revendiquer la lib\u00e9ration de Khaled Drareni et les d\u00e9tenus d\u2019opinion, et nous continuerons \u00e0 nous\u00a0rassembler le temps qu\u2019il faudra jusqu\u2019\u00e0 leur lib\u00e9ration\u00a0\u00bb, a d\u00e9clar\u00e9 Hakim Addad, militant et ancien pr\u00e9sident de l\u2019Association RAJ.<\/p>\n<p>\u00ab\u00a0Le pourvoi en cassation a \u00e9t\u00e9 enregistr\u00e9, ce qui nous reste \u00e0 faire c\u2019est de se mobiliser davantage et \u00eatre plus nombreux \u00e0 exiger sa lib\u00e9ration\u00a0\u00bb, a soutenu Me Aouicha Bekhti,\u00a0membre du collectif de d\u00e9fense.<\/p>\n<p>Pour rappel, le correspondant de TV5 Monde, a \u00e9t\u00e9 condamn\u00e9 en appel, mardi 15 septembre, \u00e0 deux ans de prison ferme par la Cour d\u2019Alger. Un pourvoi en cassation aupr\u00e8s de la Cour supr\u00eame a \u00e9t\u00e9 formalis\u00e9, jeudi dernier, par le collectif\u00a0de\u00a0d\u00e9fense\u00a0du\u00a0journaliste.<\/p>\n<p><iframe loading=\"lazy\" allow=\"encrypted-media\" allowfullscreen=\"true\" allowtransparency=\"true\" frameborder=\"0\" height=\"413\" scrolling=\"no\" src=\"https:\/\/www.facebook.com\/plugins\/video.php?href=https%3A%2F%2Fwww.facebook.com%2FJournaLiberteOfficiel%2Fvideos%2F708289389754804%2F&amp;show_text=false&amp;width=734&amp;height=413&amp;appId\" class=\"c6\" width=\"734\">[embedded content]<\/iframe><\/p>\n<p class=\"c7\"><strong>S.B<\/strong><\/p>\n<\/div>\n<p>Auteur:<br \/>\n<a href=\"https:\/\/www.liberte-algerie.com\/actualite\/5e-rassemblement-de-solidarite-avec-khaled-drareni-345933\">Cliquez ici pour lire l&rsquo;article depuis sa source.<\/a><\/p>\n","protected":false},"excerpt":{"rendered":"<p>Un sit-in de solidarit\u00e9 avec le journaliste Khaled Drareni s\u2019est tenu, ce lundi, \u00e0 l\u2019int\u00e9rieur de la Maison de la presse Tahar Djaout. Plusieurs journalistes, \u00e9tudiants et membres de la soci\u00e9t\u00e9 civile, ont pris part \u00e0 ce cinqui\u00e8me rassemblement hebdomadaire, pour exiger la lib\u00e9ration de Khaled Drareni et r\u00e9clamer \u00ab une presse libre et une [&hellip;]<\/p>\n","protected":false},"author":1742,"featured_media":0,"comment_status":"closed","ping_status":"closed","sticky":false,"template":"","format":"standard","meta":{"fifu_image_url":"","fifu_image_alt":"","footnotes":""},"categories":[73,53],"tags":[],"class_list":["post-99428","post","type-post","status-publish","format-standard","hentry","category-actualite","category-algerie"],"_links":{"self":[{"href":"https:\/\/linitiative.ca\/International\/wp-json\/wp\/v2\/posts\/99428","targetHints":{"allow":["GET"]}}],"collection":[{"href":"https:\/\/linitiative.ca\/International\/wp-json\/wp\/v2\/posts"}],"about":[{"href":"https:\/\/linitiative.ca\/International\/wp-json\/wp\/v2\/types\/post"}],"author":[{"embeddable":true,"href":"https:\/\/linitiative.ca\/International\/wp-json\/wp\/v2\/users\/1742"}],"replies":[{"embeddable":true,"href":"https:\/\/linitiative.ca\/International\/wp-json\/wp\/v2\/comments?post=99428"}],"version-history":[{"count":0,"href":"https:\/\/linitiative.ca\/International\/wp-json\/wp\/v2\/posts\/99428\/revisions"}],"wp:attachment":[{"href":"https:\/\/linitiative.ca\/International\/wp-json\/wp\/v2\/media?parent=99428"}],"wp:term":[{"taxonomy":"category","embeddable":true,"href":"https:\/\/linitiative.ca\/International\/wp-json\/wp\/v2\/categories?post=99428"},{"taxonomy":"post_tag","embeddable":true,"href":"https:\/\/linitiative.ca\/International\/wp-json\/wp\/v2\/tags?post=99428"}],"curies":[{"name":"wp","href":"https:\/\/api.w.org\/{rel}","templated":true}]}}