{"id":99432,"date":"2020-09-21T18:32:33","date_gmt":"2020-09-21T22:32:33","guid":{"rendered":"https:\/\/linitiative.ca\/International\/eclairage%e2%80%88-quand-m6-fait-dans-la-manip\/"},"modified":"2020-09-21T18:32:33","modified_gmt":"2020-09-21T22:32:33","slug":"eclairage%e2%80%88-quand-m6-fait-dans-la-manip","status":"publish","type":"post","link":"https:\/\/linitiative.ca\/International\/eclairage%e2%80%88-quand-m6-fait-dans-la-manip\/","title":{"rendered":"Eclairage\u2008 : Quand M6  fait dans la manip"},"content":{"rendered":"<p>Compte tenu de la bande annonce de l\u2019\u00e9mission \u00abEnqu\u00eate exclusive, L\u2019Alg\u00e9rie, le pays de toutes les r\u00e9voltes, \u2014\u00e9mission qui laissait entendre un contenu \u00e0 caract\u00e8re socioculturel sur la jeunesse alg\u00e9rienne\u2014, on s\u2019attendait donc \u00e0 un regard certes objectivement critique mais dans son acception politique de la part de ses concepteurs et r\u00e9alisatrice de ce documentaire comme on l\u2019aura d\u00e9j\u00e0 vu en d\u2019autres circonstances, s\u2019agissant d\u2019autres pays que le n\u00f4tre. Mais on ne s\u2019attendait certainement pas \u00e0 un tel d\u00e9versement scandaleux de haine, de d\u00e9sinformation et de mauvaise foi sur la situation politique, socio\u00e9conomique et culturelle de notre pays.\u00a0 Pour tout dire, dans cette \u00e9mission qui frise le r\u00e9quisitoire, la manipulation et le proc\u00e8s d\u2019intention, on aura tout vu de l\u2019Alg\u00e9rie des clich\u00e9s, des contre-v\u00e9rit\u00e9s et des id\u00e9es pr\u00e9fabriqu\u00e9es dans d\u2019obscurs laboratoires. Ainsi, on aura vu des s\u00e9quences sc\u00e9naris\u00e9es et pratiquement mises en sc\u00e8ne, avec des figurants orient\u00e9s, faute d\u2019acteurs. On aura donc vu l\u2019Alg\u00e9rie de la jeunesse qui d\u00e9sesp\u00e8re, notamment dans des villes comme Ouargla, qui abrite des entreprises telles Sonatrach et ses filiales. On aura vu l\u2019Alg\u00e9rie des malfa\u00e7ons dans la construction immobili\u00e8re, et notamment dans les cit\u00e9s AADL \u00e0 propos desquels on se sera empress\u00e9 de pointer du doigt les r\u00e9alisateurs \u00e9trangers auteurs de ces malfa\u00e7ons dans la construction des logements en question, en l\u2019occurrence les Chinois et les Turcs, histoire de dire \u00abvous voyez, c\u2019est mal fait parce que ce sont eux les r\u00e9alisateurs de ces logements et vous Alg\u00e9riens, vous n\u2019avez rien contr\u00f4l\u00e9 du travail qu\u2019ils ont fait\u00bb. On aura vu l\u2019Alg\u00e9rie de la femme maintenue dans un \u00e9tat d\u2019inf\u00e9riorit\u00e9 et de mineure \u00e0 perp\u00e9tuit\u00e9. De l\u2019islamisme radical, pr\u00e9sent\u00e9 comme s\u2019il s\u2019agissait, pour les concepteurs, d\u2019en faire la promotion politique. On aura vu aussi l\u2019Alg\u00e9rie du commerce informel, etc. La liste des griefs n\u2019est tout au plus qu\u2019indicative car s\u2019il fallait tous les citer, on en serait carr\u00e9ment \u00e0 un livre blanc, un de plus, sur notre pays.<br \/>En revanche, on n\u2019aura rien vu, mais absolument rien vu de l\u2019autre Alg\u00e9rie dans toute son immensit\u00e9 multidimensionnelle, celle du quotidien ordinaire et des travailleurs anonymes, ceux-l\u00e0 m\u00eame dont le labeur et la pers\u00e9v\u00e9rance permet au pays de rester debout en d\u00e9pit de l\u2019adversit\u00e9. On n\u2019aura rien vu de l\u2019Alg\u00e9rie au parcours historique jusque-l\u00e0 effectu\u00e9 avec opini\u00e2tret\u00e9 et qui a malgr\u00e9 tout r\u00e9v\u00e9l\u00e9 que de nos jours, en d\u00e9pit de l\u2019extr\u00eame jeunesse de sa population et d\u2019une ind\u00e9pendance relativement r\u00e9cente, notre pays a une longue histoire inscrite dans celle du Bassin m\u00e9diterran\u00e9en. On n\u2019aura rien vu de l\u2019Alg\u00e9rie de toujours, l\u2019un de ces rares pays o\u00f9 la diversit\u00e9 g\u00e9ographique et environnementale est intimement li\u00e9e \u00e0 la profondeur de l\u2019histoire, de la civilisation, de la culture. On n\u2019aura rien vu de cette Alg\u00e9rie qui entame des r\u00e9formes pour se mettre au diapason des d\u00e9fis internationaux et des attentes de la population. Bref, on n\u2019aura rien vu de l\u2019Alg\u00e9rie telle qu\u2019elle appara\u00eet aux uns et aux autres.<br \/>Autrement dit, de l\u2019Alg\u00e9rie telle qu\u2019elle est, dans sa vie de tous les jours. Dans l\u2019\u00e9preuve comme dans la joie. Dans ses aspirations \u00e0 un mieux-\u00eatre. Dans ses f\u00eates. Dans les multiples occupations ordinaires de ses habitants. Bref, on n\u2019aura rien vu de cette Alg\u00e9rie-l\u00e0 mais ce ne sont certainement pas les coups bas m\u00e9diatiques r\u00e9currents \u2014tel celui de dimanche dernier sur M6\u2014 qui viendrait \u00e0 bout de l\u2019opini\u00e2tret\u00e9 et de la capacit\u00e9 de r\u00e9silience l\u00e9gendaire des Alg\u00e9riens.<br \/>\u00abL\u2019enqu\u00eate exclusive\u00bb suinte la haine, la manipulation et la volont\u00e9 d\u2019entraver la marche du pays vers un avenir meilleur. Elle d\u00e9montre, qu\u2019outre-M\u00e9diterran\u00e9e, des lobbies nostalgiques du \u00abtemps b\u00e9ni des colonies\u00bb, continue, en ramant \u00e0 contre-courant de l\u2019histoire et \u00e0 coups de falsification de la r\u00e9alit\u00e9, d\u2019\u0153uvrer \u00e0 la d\u00e9stabilisation du pays. Des lobbies qui n\u2019accepteront jamais que l\u2019ex-indig\u00e8ne puisse \u00e9voluer d\u2019\u00e9gal \u00e0 \u00e9gal avec leur monde \u00abcivilis\u00e9\u00bb.<br \/>Le reportage pr\u00e9fabriqu\u00e9 de M6 d\u00e9montre qu\u2019il existe encore en France des courants de pens\u00e9e bien identifi\u00e9s qui ne veulent pas d\u2019une relation apais\u00e9e entre les deux pays et d\u2019une coop\u00e9ration mutuellement b\u00e9n\u00e9fique. Leur objectif est clair : maintenir, par les moyens les plus vils, l\u2019Alg\u00e9rie dans une position de colonie \u00e9conomique et culturelle. Mais leurs desseins sont vou\u00e9s \u00e0 l\u2019\u00e9chec. Le peuple alg\u00e9rien qui a d\u00e9montr\u00e9 son degr\u00e9 de civisme et de maturit\u00e9 politique tout au long du Hirak que certains tentent de d\u00e9vier de son cours, n\u2019est pas dupe.<br \/><strong>EL MOUDJAHID<\/strong><\/p>\n<p>Auteur: elmoudjahid<br \/>\n<a href=\"http:\/\/www.elmoudjahid.com\/fr\/actualites\/159915\">Cliquez ici pour lire l&rsquo;article depuis sa source.<\/a><\/p>\n","protected":false},"excerpt":{"rendered":"<p>Compte tenu de la bande annonce de l\u2019\u00e9mission \u00abEnqu\u00eate exclusive, L\u2019Alg\u00e9rie, le pays de toutes les r\u00e9voltes, \u2014\u00e9mission qui laissait entendre un contenu \u00e0 caract\u00e8re socioculturel sur la jeunesse alg\u00e9rienne\u2014, on s\u2019attendait donc \u00e0 un regard certes objectivement critique mais dans son acception politique de la part de ses concepteurs et r\u00e9alisatrice de ce documentaire [&hellip;]<\/p>\n","protected":false},"author":1744,"featured_media":0,"comment_status":"closed","ping_status":"closed","sticky":false,"template":"","format":"standard","meta":{"fifu_image_url":"","fifu_image_alt":"","footnotes":""},"categories":[73,53],"tags":[],"class_list":["post-99432","post","type-post","status-publish","format-standard","hentry","category-actualite","category-algerie"],"_links":{"self":[{"href":"https:\/\/linitiative.ca\/International\/wp-json\/wp\/v2\/posts\/99432","targetHints":{"allow":["GET"]}}],"collection":[{"href":"https:\/\/linitiative.ca\/International\/wp-json\/wp\/v2\/posts"}],"about":[{"href":"https:\/\/linitiative.ca\/International\/wp-json\/wp\/v2\/types\/post"}],"author":[{"embeddable":true,"href":"https:\/\/linitiative.ca\/International\/wp-json\/wp\/v2\/users\/1744"}],"replies":[{"embeddable":true,"href":"https:\/\/linitiative.ca\/International\/wp-json\/wp\/v2\/comments?post=99432"}],"version-history":[{"count":0,"href":"https:\/\/linitiative.ca\/International\/wp-json\/wp\/v2\/posts\/99432\/revisions"}],"wp:attachment":[{"href":"https:\/\/linitiative.ca\/International\/wp-json\/wp\/v2\/media?parent=99432"}],"wp:term":[{"taxonomy":"category","embeddable":true,"href":"https:\/\/linitiative.ca\/International\/wp-json\/wp\/v2\/categories?post=99432"},{"taxonomy":"post_tag","embeddable":true,"href":"https:\/\/linitiative.ca\/International\/wp-json\/wp\/v2\/tags?post=99432"}],"curies":[{"name":"wp","href":"https:\/\/api.w.org\/{rel}","templated":true}]}}