{"id":99457,"date":"2020-09-21T18:33:24","date_gmt":"2020-09-21T22:33:24","guid":{"rendered":"https:\/\/linitiative.ca\/International\/pros-serie-a-les-debuts-reussis-de-bennacer-et-du-milan-ac-2\/"},"modified":"2020-09-21T18:33:24","modified_gmt":"2020-09-21T22:33:24","slug":"pros-serie-a-les-debuts-reussis-de-bennacer-et-du-milan-ac-2","status":"publish","type":"post","link":"https:\/\/linitiative.ca\/International\/pros-serie-a-les-debuts-reussis-de-bennacer-et-du-milan-ac-2\/","title":{"rendered":"Pros : Serie A : Les d\u00e9buts r\u00e9ussis de Bennacer et du Milan AC"},"content":{"rendered":"<div readability=\"32\">\n<p>Auteur : <span class=\"time\">lundi 21 septembre 2020 21:43<\/span><\/p>\n<\/div>\n<div id=\"post_core\" readability=\"36\">\n<p>La saison commence bien pour le Milan AC et son attaquant Zlatan Ibrahimovic. D\u00e8s la 1\u00e8re journ\u00e9e de Serie A, le Su\u00e9dois a offert la victoire aux Rossoneri contre Bologne (2-0) ce lundi soir. L&rsquo;ancien Parisien a d&rsquo;abord repris de la t\u00eate un centre du Fran\u00e7ais Th\u00e9o Hernandez (35e). Avant de valider son doubl\u00e9 sur penalty (50e) obtenu par Isma\u00ebl Bennacer. Les Milanais ont d\u00e9sormais rendez-vous \u00e0 Crotone dimanche (17h) pour la 2e journ\u00e9e.<\/p>\n<p><strong>Publi\u00e9 dans :<\/strong> <span>BENNACER<\/span><\/p>\n<\/div>\n<p>Auteur:<br \/>\n<a href=\"http:\/\/www.lebuteur.com\/article\/detail?titre=serie-a-les-debuts-reussis-de-bennacer-et-du-milan-ac&#038;id=97338&#038;utm_source=feedburner&#038;utm_medium=feed&#038;utm_campaign=Feed%3A+GalerieFArtciles+%28Les+derniers+articles++-+lebuteur.com%29\">Cliquez ici pour lire l&rsquo;article depuis sa source.<\/a><\/p>\n","protected":false},"excerpt":{"rendered":"<p>Auteur : lundi 21 septembre 2020 21:43 La saison commence bien pour le Milan AC et son attaquant Zlatan Ibrahimovic. D\u00e8s la 1\u00e8re journ\u00e9e de Serie A, le Su\u00e9dois a offert la victoire aux Rossoneri contre Bologne (2-0) ce lundi soir. L&rsquo;ancien Parisien a d&rsquo;abord repris de la t\u00eate un centre du Fran\u00e7ais Th\u00e9o Hernandez [&hellip;]<\/p>\n","protected":false},"author":1738,"featured_media":99459,"comment_status":"closed","ping_status":"closed","sticky":false,"template":"","format":"standard","meta":{"fifu_image_url":"","fifu_image_alt":"","footnotes":""},"categories":[53,75],"tags":[],"class_list":["post-99457","post","type-post","status-publish","format-standard","has-post-thumbnail","hentry","category-algerie","category-sport"],"_links":{"self":[{"href":"https:\/\/linitiative.ca\/International\/wp-json\/wp\/v2\/posts\/99457","targetHints":{"allow":["GET"]}}],"collection":[{"href":"https:\/\/linitiative.ca\/International\/wp-json\/wp\/v2\/posts"}],"about":[{"href":"https:\/\/linitiative.ca\/International\/wp-json\/wp\/v2\/types\/post"}],"author":[{"embeddable":true,"href":"https:\/\/linitiative.ca\/International\/wp-json\/wp\/v2\/users\/1738"}],"replies":[{"embeddable":true,"href":"https:\/\/linitiative.ca\/International\/wp-json\/wp\/v2\/comments?post=99457"}],"version-history":[{"count":0,"href":"https:\/\/linitiative.ca\/International\/wp-json\/wp\/v2\/posts\/99457\/revisions"}],"wp:featuredmedia":[{"embeddable":true,"href":"https:\/\/linitiative.ca\/International\/wp-json\/"}],"wp:attachment":[{"href":"https:\/\/linitiative.ca\/International\/wp-json\/wp\/v2\/media?parent=99457"}],"wp:term":[{"taxonomy":"category","embeddable":true,"href":"https:\/\/linitiative.ca\/International\/wp-json\/wp\/v2\/categories?post=99457"},{"taxonomy":"post_tag","embeddable":true,"href":"https:\/\/linitiative.ca\/International\/wp-json\/wp\/v2\/tags?post=99457"}],"curies":[{"name":"wp","href":"https:\/\/api.w.org\/{rel}","templated":true}]}}