{"id":99460,"date":"2020-09-21T11:58:00","date_gmt":"2020-09-21T15:58:00","guid":{"rendered":"https:\/\/linitiative.ca\/International\/universite-ibn-khaldoun-de-tiaret-des-projets-bilateraux-entre-lalgerie-et-lue-en-debat\/"},"modified":"2020-09-21T11:58:00","modified_gmt":"2020-09-21T15:58:00","slug":"universite-ibn-khaldoun-de-tiaret-des-projets-bilateraux-entre-lalgerie-et-lue-en-debat","status":"publish","type":"post","link":"https:\/\/linitiative.ca\/International\/universite-ibn-khaldoun-de-tiaret-des-projets-bilateraux-entre-lalgerie-et-lue-en-debat\/","title":{"rendered":"UNIVERSITE\u00a0\u00bb IBN-KHALDOUN\u00a0\u00bb DE TIARET : Des projets bilat\u00e9raux entre l&rsquo;Alg\u00e9rie et l&rsquo;UE en d\u00e9bat"},"content":{"rendered":"<p><br id=\"sep_para_1\" class=\"sep_para access\"\/><\/p>\n<div id=\"para_1\" class=\"para_38707961 resize\">\n<div class=\"texte access firstletter\">Dimanche, 20 septembre 2020, la grande salle de conf\u00e9rences, relevant de la facult\u00e9 des sciences appliqu\u00e9es d\u00e9pendante de l&rsquo;universit\u00e9 \u00ab\u00a0Ibn-Khaldoun\u00a0\u00bb a abrit\u00e9 les activit\u00e9s de formation et d&rsquo;accompagnement, selon des conventions sign\u00e9es entre le minist\u00e8re de L\u2019enseignement sup\u00e9rieur et la recherche scientifique, repr\u00e9sent\u00e9 par l&rsquo;universit\u00e9\u00a0\u00bb Ibn-Khaldoun\u00a0\u00bb, le minist\u00e8re de la solidarit\u00e9, d&rsquo;une part et la d\u00e9l\u00e9gation de l&rsquo;union europ\u00e9enne d&rsquo;autres parts et ce dans le cadre des projets bilat\u00e9raux entre l&rsquo;Alg\u00e9rie et l&rsquo;union europ\u00e9enne ,dont les fins en sont le soutien du d\u00e9veloppement durable connu sous le nom\u00a0 de P.A.D.S.EL-NOA, qui fixe les modalit\u00e9s du d\u00e9veloppement durable au niveau du nord alg\u00e9rien apprend-on aupr\u00e8s de Mr Abidine Toumi, responsable de la cellule d&rsquo;information et de communication, relevant de l&rsquo;universit\u00e9 \u00ab\u00a0Ibn-Khaldoun\u00a0\u00bb.Notre interlocuteur ,ajoute, que le programme des activit\u00e9s de cette rencontre, vise en premier lieu :le soutien et l&rsquo;accompagnement des jeunes universitaires dipl\u00f4m\u00e9s ,porteurs d&rsquo;initiatives pouvant \u00eatre d&rsquo;un impact \u00e9conomique salutaire, sp\u00e9cifiquement pour des r\u00e9gions rurales .Cette rencontre permet aux jeunes porteurs de projets, un bon accompagnement et aussi l&rsquo;efficace structuration des projets selon les normes fix\u00e9es par le programme PADSEL-NOA. Notre interlocuteur, nous a inform\u00e9 que cette rencontre est anim\u00e9e par des sp\u00e9cialistes et des experts et ce avant la concr\u00e9tisation de leurs projets sur terrain.<\/div>\n<\/div>\n<p>Auteur: Abdelkader Benrebiha<br \/>\n<a href=\"https:\/\/www.reflexiondz.net\/UNIVERSITE-IBN-KHALDOUN-DE-TIARET-Des-projets-bilateraux-entre-l-Algerie-et-l-UE-en-debat_a65308.html\">Cliquez ici pour lire l&rsquo;article depuis sa source.<\/a><\/p>\n","protected":false},"excerpt":{"rendered":"<p>Dimanche, 20 septembre 2020, la grande salle de conf\u00e9rences, relevant de la facult\u00e9 des sciences appliqu\u00e9es d\u00e9pendante de l&rsquo;universit\u00e9 \u00ab\u00a0Ibn-Khaldoun\u00a0\u00bb a abrit\u00e9 les activit\u00e9s de formation et d&rsquo;accompagnement, selon des conventions sign\u00e9es entre le minist\u00e8re de L\u2019enseignement sup\u00e9rieur et la recherche scientifique, repr\u00e9sent\u00e9 par l&rsquo;universit\u00e9\u00a0\u00bb Ibn-Khaldoun\u00a0\u00bb, le minist\u00e8re de la solidarit\u00e9, d&rsquo;une part et la [&hellip;]<\/p>\n","protected":false},"author":1740,"featured_media":0,"comment_status":"closed","ping_status":"closed","sticky":false,"template":"","format":"standard","meta":{"fifu_image_url":"","fifu_image_alt":"","footnotes":""},"categories":[53,76],"tags":[],"class_list":["post-99460","post","type-post","status-publish","format-standard","hentry","category-algerie","category-regions"],"_links":{"self":[{"href":"https:\/\/linitiative.ca\/International\/wp-json\/wp\/v2\/posts\/99460","targetHints":{"allow":["GET"]}}],"collection":[{"href":"https:\/\/linitiative.ca\/International\/wp-json\/wp\/v2\/posts"}],"about":[{"href":"https:\/\/linitiative.ca\/International\/wp-json\/wp\/v2\/types\/post"}],"author":[{"embeddable":true,"href":"https:\/\/linitiative.ca\/International\/wp-json\/wp\/v2\/users\/1740"}],"replies":[{"embeddable":true,"href":"https:\/\/linitiative.ca\/International\/wp-json\/wp\/v2\/comments?post=99460"}],"version-history":[{"count":0,"href":"https:\/\/linitiative.ca\/International\/wp-json\/wp\/v2\/posts\/99460\/revisions"}],"wp:attachment":[{"href":"https:\/\/linitiative.ca\/International\/wp-json\/wp\/v2\/media?parent=99460"}],"wp:term":[{"taxonomy":"category","embeddable":true,"href":"https:\/\/linitiative.ca\/International\/wp-json\/wp\/v2\/categories?post=99460"},{"taxonomy":"post_tag","embeddable":true,"href":"https:\/\/linitiative.ca\/International\/wp-json\/wp\/v2\/tags?post=99460"}],"curies":[{"name":"wp","href":"https:\/\/api.w.org\/{rel}","templated":true}]}}