{"id":99482,"date":"2020-09-21T10:02:22","date_gmt":"2020-09-21T14:02:22","guid":{"rendered":"https:\/\/linitiative.ca\/International\/%ef%bb%bfdes-centaines-de-sans-papiers-entament-un-periple-de-700-km\/"},"modified":"2020-09-21T10:02:22","modified_gmt":"2020-09-21T14:02:22","slug":"%ef%bb%bfdes-centaines-de-sans-papiers-entament-un-periple-de-700-km","status":"publish","type":"post","link":"https:\/\/linitiative.ca\/International\/%ef%bb%bfdes-centaines-de-sans-papiers-entament-un-periple-de-700-km\/","title":{"rendered":"\ufeffDes centaines de sans-papiers entament un p\u00e9riple de 700 Km"},"content":{"rendered":"<p class=\"has-text-color has-vivid-red-color c2\"><strong>Marche pour la r\u00e9gularisation<\/strong><\/p>\n<p class=\"c3\"><strong>Karim Ben Amar<\/strong><\/p>\n<p class=\"has-text-color has-vivid-cyan-blue-color\"><strong>700 Kilom\u00e8tres \u00e0 pieds, c\u2019est l\u2019op\u00e9ration initi\u00e9e par des sans-papiers pour demander la r\u00e9gularisation de leur situation en France. Partie de Marseille samedi 19 septembre, cette marche se dirige vers Paris o\u00f9 elle est attendue le 17 octobre prochain. D\u00e9tail d\u2019un p\u00e9riple.<\/strong><\/p>\n<p>Une sacr\u00e9e trotte a \u00e9t\u00e9 initi\u00e9e par des sans-papiers afin de demander la r\u00e9gularisation de leur situation administrative en France. La marche de 700Km a d\u00e9but\u00e9 \u00e0 Marseille le samedi 19 septembre. L\u2019arriv\u00e9e du cort\u00e8ge qui comportera des centaines de personnes, est pr\u00e9vue le 17 octobre, aux portes du Palais de l\u2019Elys\u00e9e, r\u00e9sidence du Pr\u00e9sident de la R\u00e9publique. Cinq haltes sont n\u00e9anmoins pr\u00e9vues dans de grandes villes fran\u00e7aises.<\/p>\n<p>Les motifs de cette marche sont tout d\u2019abord\u00a0: la r\u00e9gularisation des situations de l\u2019ensemble des sans-papiers, la fermeture des centres de r\u00e9tention administrative et la mise en place d\u2019un programme sp\u00e9cial pour combattre la pr\u00e9carit\u00e9 dans laquelle vivent les sans-papiers (impossible de louer un logement etc).<\/p>\n<p>L\u2019op\u00e9ration a \u00e9t\u00e9 lanc\u00e9e \u00e0 l\u2019appel de 15 collectifs de sans-papiers, de la Marche des solidarit\u00e9s, des \u00c9tats g\u00e9n\u00e9raux des migrations et de plus de 120 organisations.<\/p>\n<p>Plusieurs collectifs et organisations qui soutiennent le mouvement gardent une certaine distance \u00abafin de laisser parler ceux qui en ont besoin\u00bb, pr\u00e9cise le quotidien\u00a0fran\u00e7ais La Provence\u00a0dans ses colonnes, ajoutant que \u00ables marcheurs d\u00e9noncent la politique migratoire absurde et inhumaine du gouvernement et de l\u2019Europe bas\u00e9e sur une chasse aux sans-papiers\u00bb, bien loin des pays comme l\u2019Espagne et le Portugal qui ont r\u00e9cemment proc\u00e9d\u00e9 \u00e0 une r\u00e9gularisation massive des sans-papiers \u00e9tablis sur leurs sols.<\/p>\n<p>Auteur: M&rsquo;hammed rahal<br \/>\n<a href=\"http:\/\/albayane.press.ma\/%EF%BB%BFdes-centaines-de-sans-papiers-entament-un-periple-de-700-km.html\">Cliquez ici pour lire l&rsquo;article depuis sa source.<\/a><\/p>\n","protected":false},"excerpt":{"rendered":"<p>Marche pour la r\u00e9gularisation Karim Ben Amar 700 Kilom\u00e8tres \u00e0 pieds, c\u2019est l\u2019op\u00e9ration initi\u00e9e par des sans-papiers pour demander la r\u00e9gularisation de leur situation en France. Partie de Marseille samedi 19 septembre, cette marche se dirige vers Paris o\u00f9 elle est attendue le 17 octobre prochain. D\u00e9tail d\u2019un p\u00e9riple. Une sacr\u00e9e trotte a \u00e9t\u00e9 initi\u00e9e [&hellip;]<\/p>\n","protected":false},"author":1760,"featured_media":0,"comment_status":"closed","ping_status":"closed","sticky":false,"template":"","format":"standard","meta":{"fifu_image_url":"","fifu_image_alt":"","footnotes":""},"categories":[73,54],"tags":[],"class_list":["post-99482","post","type-post","status-publish","format-standard","hentry","category-actualite","category-maroc"],"_links":{"self":[{"href":"https:\/\/linitiative.ca\/International\/wp-json\/wp\/v2\/posts\/99482","targetHints":{"allow":["GET"]}}],"collection":[{"href":"https:\/\/linitiative.ca\/International\/wp-json\/wp\/v2\/posts"}],"about":[{"href":"https:\/\/linitiative.ca\/International\/wp-json\/wp\/v2\/types\/post"}],"author":[{"embeddable":true,"href":"https:\/\/linitiative.ca\/International\/wp-json\/wp\/v2\/users\/1760"}],"replies":[{"embeddable":true,"href":"https:\/\/linitiative.ca\/International\/wp-json\/wp\/v2\/comments?post=99482"}],"version-history":[{"count":0,"href":"https:\/\/linitiative.ca\/International\/wp-json\/wp\/v2\/posts\/99482\/revisions"}],"wp:attachment":[{"href":"https:\/\/linitiative.ca\/International\/wp-json\/wp\/v2\/media?parent=99482"}],"wp:term":[{"taxonomy":"category","embeddable":true,"href":"https:\/\/linitiative.ca\/International\/wp-json\/wp\/v2\/categories?post=99482"},{"taxonomy":"post_tag","embeddable":true,"href":"https:\/\/linitiative.ca\/International\/wp-json\/wp\/v2\/tags?post=99482"}],"curies":[{"name":"wp","href":"https:\/\/api.w.org\/{rel}","templated":true}]}}