{"id":99484,"date":"2020-09-21T10:04:45","date_gmt":"2020-09-21T14:04:45","guid":{"rendered":"https:\/\/linitiative.ca\/International\/%ef%bb%bfla-rentree-demeure-dans-le-virtuel\/"},"modified":"2020-09-21T10:04:45","modified_gmt":"2020-09-21T14:04:45","slug":"%ef%bb%bfla-rentree-demeure-dans-le-virtuel","status":"publish","type":"post","link":"https:\/\/linitiative.ca\/International\/%ef%bb%bfla-rentree-demeure-dans-le-virtuel\/","title":{"rendered":"\ufeffLa rentr\u00e9e demeure dans le virtuel"},"content":{"rendered":"<p class=\"has-text-color has-vivid-red-color c2\"><strong>Enseignement<\/strong><\/p>\n<p class=\"c3\"><strong>B. Amenzou<\/strong><\/p>\n<p class=\"has-text-color c4\">La rentr\u00e9e scolaire 2020-2021 demeure tr\u00e8s virtuelle. En effet, dans plusieurs contr\u00e9es du royaume, y compris dans la pr\u00e9fecture de Casablanca, capitale \u00e9conomique du pays, cette rentr\u00e9e n\u2019a eu lieu, dans la plupart des cas, que sur les r\u00e9seaux sociaux et dans les d\u00e9clarations du ministre de l\u2019Education nationale, de la formation professionnelle, de l\u2019enseignement sup\u00e9rieur et de la recherche scientifique, v\u00e9hicul\u00e9es par les m\u00e9dias.<\/p>\n<p>Car, sur le terrain, on se rend compte facilement que des lyc\u00e9es, des coll\u00e8ges et des \u00e9coles publiques du primaire ne sont pas dot\u00e9s d\u2019infrastructures n\u00e9cessaires pour lancer la formule de l\u2019enseignement \u00e0 distance.<\/p>\n<p>Dans plusieurs \u00e9tablissements, la connexion internet, souvent lente, n\u2019est disponible que dans l\u2019administration, d\u00e9di\u00e9e exclusivement \u00e0 l\u2019usage administratif. Du coup, les enseignants rencontrent d\u2019innombrables probl\u00e8mes pour joindre leurs \u00e9l\u00e8ves via des applications de messageries instantan\u00e9es, leurs comptes sur les r\u00e9seaux sociaux et par leurs propres moyens. Selon des informations recueillies, lundi, aupr\u00e8s de certaines \u00e9coles publiques dans la pr\u00e9fecture de Casablanca, la plupart des enseignants n\u2019ont pas encore pu joindre l\u2019ensemble des \u00e9l\u00e8ves.<\/p>\n<p>C\u2019est-\u00e0-dire que les cours n\u2019ont pas encore d\u00e9marr\u00e9. Et rien ne pr\u00e9sage leur d\u00e9marrage effectif dans les prochains jours. C\u2019est ce constat qui aurait pouss\u00e9 le ministre de tutelle \u00e0 \u00e9voquer la formule d\u2019auto-apprentissage. Dans ce cas, les lois devaient \u00eatre revues pour recadrer les missions de son d\u00e9partement.<\/p>\n<p>Dans le priv\u00e9, des formules d\u2019enseignement \u00e0 distance ont \u00e9t\u00e9 effectivement mises en place par des \u00e9tablissements, alors que des probl\u00e8mes autour des frais de scolarit\u00e9 du dernier trimestre de l\u2019ann\u00e9e pr\u00e9c\u00e9dente demeurent soulev\u00e9s dans plusieurs cas. De m\u00eame, plusieurs parents n\u2019ont pas accept\u00e9 de payer des frais de scolarit\u00e9 pour l\u2019enseignement en pr\u00e9sentiel pour voir enfin de compte leurs enfants devant les \u00e9crans \u00e0 la maison o\u00f9 la pr\u00e9sence d\u2019un \u00e9ducateur est indispensable pour leur encadrement dans les cas o\u00f9 les deux parents travaillent. Autant dire que les probl\u00e8mes soulev\u00e9s lors du dernier trimestre pour les frais de scolarit\u00e9 seront encore accentu\u00e9s cette ann\u00e9e.<\/p>\n<p>Des \u00e9tablissements facturent un service et offrent un autre. Dans les zones o\u00f9 la formule de l\u2019enseignement en pr\u00e9sentiel a \u00e9t\u00e9 adopt\u00e9e, des groupes restreints ont \u00e9t\u00e9 form\u00e9s pour s\u2019aligner sur les r\u00e8gles de s\u00e9curit\u00e9 sanitaires, for\u00e7ant ainsi un all\u00e8gement du programme. Dans ce cas de figure \u00e9galement, l\u2019\u00e9cole facture un service et offre un autre. Car, les \u00e9coles du priv\u00e9 n\u2019ont pas revu \u00e0 la baisse les frais de scolarit\u00e9, m\u00eame si les services ont \u00e9t\u00e9 simplifi\u00e9s. En plus de tous ces dysfonctionnements, la question de l\u2019\u00e9galit\u00e9 des chances est bafou\u00e9e sur toute la ligne.<\/p>\n<p>Auteur: M&rsquo;hammed rahal<br \/>\n<a href=\"http:\/\/albayane.press.ma\/%EF%BB%BFla-rentree-demeure-dans-le-virtuel.html\">Cliquez ici pour lire l&rsquo;article depuis sa source.<\/a><\/p>\n","protected":false},"excerpt":{"rendered":"<p>Enseignement B. Amenzou La rentr\u00e9e scolaire 2020-2021 demeure tr\u00e8s virtuelle. En effet, dans plusieurs contr\u00e9es du royaume, y compris dans la pr\u00e9fecture de Casablanca, capitale \u00e9conomique du pays, cette rentr\u00e9e n\u2019a eu lieu, dans la plupart des cas, que sur les r\u00e9seaux sociaux et dans les d\u00e9clarations du ministre de l\u2019Education nationale, de la formation [&hellip;]<\/p>\n","protected":false},"author":1760,"featured_media":0,"comment_status":"closed","ping_status":"closed","sticky":false,"template":"","format":"standard","meta":{"fifu_image_url":"","fifu_image_alt":"","footnotes":""},"categories":[73,54],"tags":[],"class_list":["post-99484","post","type-post","status-publish","format-standard","hentry","category-actualite","category-maroc"],"_links":{"self":[{"href":"https:\/\/linitiative.ca\/International\/wp-json\/wp\/v2\/posts\/99484","targetHints":{"allow":["GET"]}}],"collection":[{"href":"https:\/\/linitiative.ca\/International\/wp-json\/wp\/v2\/posts"}],"about":[{"href":"https:\/\/linitiative.ca\/International\/wp-json\/wp\/v2\/types\/post"}],"author":[{"embeddable":true,"href":"https:\/\/linitiative.ca\/International\/wp-json\/wp\/v2\/users\/1760"}],"replies":[{"embeddable":true,"href":"https:\/\/linitiative.ca\/International\/wp-json\/wp\/v2\/comments?post=99484"}],"version-history":[{"count":0,"href":"https:\/\/linitiative.ca\/International\/wp-json\/wp\/v2\/posts\/99484\/revisions"}],"wp:attachment":[{"href":"https:\/\/linitiative.ca\/International\/wp-json\/wp\/v2\/media?parent=99484"}],"wp:term":[{"taxonomy":"category","embeddable":true,"href":"https:\/\/linitiative.ca\/International\/wp-json\/wp\/v2\/categories?post=99484"},{"taxonomy":"post_tag","embeddable":true,"href":"https:\/\/linitiative.ca\/International\/wp-json\/wp\/v2\/tags?post=99484"}],"curies":[{"name":"wp","href":"https:\/\/api.w.org\/{rel}","templated":true}]}}