{"id":99491,"date":"2020-09-21T10:20:55","date_gmt":"2020-09-21T14:20:55","guid":{"rendered":"https:\/\/linitiative.ca\/International\/%ef%bb%bfvaste-operation-de-desinfection-du-port-dessaouira-2\/"},"modified":"2020-09-21T10:20:55","modified_gmt":"2020-09-21T14:20:55","slug":"%ef%bb%bfvaste-operation-de-desinfection-du-port-dessaouira-2","status":"publish","type":"post","link":"https:\/\/linitiative.ca\/International\/%ef%bb%bfvaste-operation-de-desinfection-du-port-dessaouira-2\/","title":{"rendered":"\ufeffVaste op\u00e9ration de d\u00e9sinfection du port d\u2019Essaouira"},"content":{"rendered":"<p class=\"has-text-color has-vivid-red-color c2\"><strong>Apr\u00e8s sa fermeture en raison de la Covid-19<\/strong><\/p>\n<p class=\"has-text-color c3\"><strong>Une vaste op\u00e9ration de d\u00e9sinfection et de st\u00e9rilisation a \u00e9t\u00e9 men\u00e9e, dimanche, dans le port d\u2019Essaouira suite \u00e0 sa fermeture jusqu\u2019\u00e0 nouvel ordre, en raison de l\u2019apparition de cas d\u2019infection par le nouveau coronavirus (Covid-19).<\/strong><\/p>\n<p>Entr\u00e9e en vigueur vendredi dernier, la d\u00e9cision de fermeture, prise par le comit\u00e9 de veille provincial, pr\u00e9sid\u00e9 par le gouverneur de la province, M. Adil El Maliki, s\u2019inscrit dans le cadre du renforcement des mesures de pr\u00e9vention et de pr\u00e9caution en vue d\u2019enrayer la propagation de la pand\u00e9mie de la Covid-19 au niveau de cette structure portuaire.<\/p>\n<p>D\u2019importants moyens humains et logistiques ont \u00e9t\u00e9 mobilis\u00e9s, dans ce sens, pour la mise en \u0153uvre de cette action pr\u00e9ventive prise par les autorit\u00e9s d\u2019Essaouira pour lutter contre le nouveau coronavirus.<\/p>\n<p>Ainsi, cette vaste op\u00e9ration, men\u00e9e en \u00e9troite coordination avec les autorit\u00e9s locales et l\u2019ensemble des services concern\u00e9s, a port\u00e9 sur la d\u00e9sinfection des diff\u00e9rentes entr\u00e9es, sorties et d\u00e9pendances du port, des barques et chalutiers rest\u00e9s immobilis\u00e9s aux quais suite \u00e0 l\u2019arr\u00eat de toute activit\u00e9 maritime, ainsi que de la halle aux poissons, le but ultime \u00e9tant de pr\u00e9server la s\u00e9curit\u00e9 sanitaire des citoyens, des usagers, des fonctionnaires et des professionnels de la p\u00eache au niveau du port.<\/p>\n<p>Dans une d\u00e9claration \u00e0 la presse \u00e0 cette occasion, le directeur de l\u2019Agence Nationale des Ports (ANP) \u00e0 Essaouira, Mohamed Majdi, a pr\u00e9cis\u00e9 que suite \u00e0 l\u2019apparition de cas d\u2019infection par la Covid-19 dans la halle aux poissons, les services s\u00e9curitaires et portuaires ont tenu une r\u00e9union d\u2019urgence en vue de renforcer les dispositifs de pr\u00e9vention et de pr\u00e9caution d\u00e9j\u00e0 en vigueur pour la lutte contre la propagation de la pand\u00e9mie.<\/p>\n<p>Ces nouvelles mesures visent \u00e0 favoriser la reprise, dans des conditions s\u00fbres, de l\u2019activit\u00e9 portuaire dans les plus brefs d\u00e9lais, a-t-il affirm\u00e9, tout en saluant l\u2019adh\u00e9sion de l\u2019ensemble des parties prenantes \u00e0 cette op\u00e9ration, dont les professionnels, afin que toutes les activit\u00e9s au niveau du port d\u2019Essaouira retrouvent leur cours normal le plus rapidement possible.<\/p>\n<p>De son c\u00f4t\u00e9, M. Mohamed Jbilou, repr\u00e9sentant de la Chambre des p\u00eaches maritimes de l\u2019Atlantique Nord \u00e0 Essaouira, a mis en avant, dans une d\u00e9claration similaire, la pertinence des nouvelles d\u00e9cisions et mesures prises par les autorit\u00e9s de la ville en vue de stopper la propagation du nouveau coronavirus et d\u2019\u00e9viter le risque d\u2019apparition de nouvelles infections et contaminations au niveau du port de la cit\u00e9 des Aliz\u00e9s.<\/p>\n<p>Dans ce cadre, M. Jbilou, \u00e9galement pr\u00e9sident de l\u2019association des propri\u00e9taires des barques de la p\u00eache au chalut au port d\u2019Essaouira, a salu\u00e9 la d\u00e9cision de fermeture du port et d\u2019arr\u00eat provisoire de toute activit\u00e9 maritime et de p\u00eache, et l\u2019organisation de cette vaste op\u00e9ration de d\u00e9sinfection, qui visent, en premier lieu, \u00e0 garantir la s\u00fbret\u00e9 et la s\u00e9curit\u00e9 sanitaire de l\u2019ensemble des usagers et des employ\u00e9s de cette structure portuaire ainsi que des professionnels et des marins-p\u00eacheurs.<\/p>\n<p>Pour sa part, M. Sa\u00efd Qamari, membre de la Chambre des p\u00eaches maritimes de l\u2019Atlantique Nord, a mis en relief l\u2019importance de la d\u00e9cision de fermeture du port et de la suspension de toute activit\u00e9 de p\u00eache, conform\u00e9ment aux mesures prises par le comit\u00e9 de veille provincial, pour la lutte contre la Covid-19.<\/p>\n<p>Il a \u00e9galement lou\u00e9 l\u2019organisation de cette vaste op\u00e9ration de d\u00e9sinfection et de st\u00e9rilisation ayant touch\u00e9 les diff\u00e9rentes d\u00e9pendances et quais du port ainsi que les barques de p\u00eache artisanale, les chalutiers et la halle aux poissons, tout en soulignant la grande vigilance et la mobilisation constante des autorit\u00e9s locales, des services s\u00e9curitaires, tous corps confondus, et des autres parties comp\u00e9tentes (ANP, d\u00e9l\u00e9gation de la p\u00eache maritime\u2026) pour la lutte contre la pand\u00e9mie au niveau du port, ainsi que l\u2019interaction positive des professionnels de la p\u00eache avec ces nouvelles mesures.<\/p>\n<p>M. Qamari a, en outre, \u00e9mis le souhait de voir l\u2019activit\u00e9 au port d\u2019Essaouira reprendre son cours normal tr\u00e8s rapidement, eu \u00e9gard au r\u00f4le majeur et \u00e0 la place centrale qu\u2019occupe le secteur de la p\u00eache dans l\u2019\u00e9conomie locale.<\/p>\n<p>Auteur: M&rsquo;hammed rahal<br \/>\n<a href=\"http:\/\/albayane.press.ma\/%EF%BB%BFvaste-operation-de-desinfection-du-port-dessaouira.html\">Cliquez ici pour lire l&rsquo;article depuis sa source.<\/a><\/p>\n","protected":false},"excerpt":{"rendered":"<p>Apr\u00e8s sa fermeture en raison de la Covid-19 Une vaste op\u00e9ration de d\u00e9sinfection et de st\u00e9rilisation a \u00e9t\u00e9 men\u00e9e, dimanche, dans le port d\u2019Essaouira suite \u00e0 sa fermeture jusqu\u2019\u00e0 nouvel ordre, en raison de l\u2019apparition de cas d\u2019infection par le nouveau coronavirus (Covid-19). Entr\u00e9e en vigueur vendredi dernier, la d\u00e9cision de fermeture, prise par le [&hellip;]<\/p>\n","protected":false},"author":1760,"featured_media":0,"comment_status":"closed","ping_status":"closed","sticky":false,"template":"","format":"standard","meta":{"fifu_image_url":"","fifu_image_alt":"","footnotes":""},"categories":[73,54],"tags":[],"class_list":["post-99491","post","type-post","status-publish","format-standard","hentry","category-actualite","category-maroc"],"_links":{"self":[{"href":"https:\/\/linitiative.ca\/International\/wp-json\/wp\/v2\/posts\/99491","targetHints":{"allow":["GET"]}}],"collection":[{"href":"https:\/\/linitiative.ca\/International\/wp-json\/wp\/v2\/posts"}],"about":[{"href":"https:\/\/linitiative.ca\/International\/wp-json\/wp\/v2\/types\/post"}],"author":[{"embeddable":true,"href":"https:\/\/linitiative.ca\/International\/wp-json\/wp\/v2\/users\/1760"}],"replies":[{"embeddable":true,"href":"https:\/\/linitiative.ca\/International\/wp-json\/wp\/v2\/comments?post=99491"}],"version-history":[{"count":0,"href":"https:\/\/linitiative.ca\/International\/wp-json\/wp\/v2\/posts\/99491\/revisions"}],"wp:attachment":[{"href":"https:\/\/linitiative.ca\/International\/wp-json\/wp\/v2\/media?parent=99491"}],"wp:term":[{"taxonomy":"category","embeddable":true,"href":"https:\/\/linitiative.ca\/International\/wp-json\/wp\/v2\/categories?post=99491"},{"taxonomy":"post_tag","embeddable":true,"href":"https:\/\/linitiative.ca\/International\/wp-json\/wp\/v2\/tags?post=99491"}],"curies":[{"name":"wp","href":"https:\/\/api.w.org\/{rel}","templated":true}]}}