{"id":99494,"date":"2020-09-21T10:11:55","date_gmt":"2020-09-21T14:11:55","guid":{"rendered":"https:\/\/linitiative.ca\/International\/hydrocarbures-un-avant-projet-de-decret-au-sgg\/"},"modified":"2020-09-21T10:11:55","modified_gmt":"2020-09-21T14:11:55","slug":"hydrocarbures-un-avant-projet-de-decret-au-sgg","status":"publish","type":"post","link":"https:\/\/linitiative.ca\/International\/hydrocarbures-un-avant-projet-de-decret-au-sgg\/","title":{"rendered":"Hydrocarbures: Un avant-projet de d\u00e9cret au SGG"},"content":{"rendered":"<div class=\"body\">\n<div class=\"field field-name-body field-type-text-with-summary field-label-hidden\">\n<div class=\"field-items\" readability=\"9\">\n<div class=\"field-item even\" property=\"content:encoded\" readability=\"13\">\n<p class=\"rtejustify\">L&rsquo;avant-projet de d\u00e9cret d&rsquo;application de la loi 67-15 sur l&rsquo;importation, l&rsquo;exportation et le raffinage, le stockage et la distribution des hydrocarbures a \u00e9t\u00e9 mis en consultation publique au niveau du SGG. Ce texte vise \u00e0 encadrer les modalit\u00e9s de contr\u00f4le de la qualit\u00e9 de ces produits. Il fixe \u00e9galement le volume du stock permanent au niveau des stations-service. Ce d\u00e9cret d\u00e9finit aussi les obligations des distributeurs et des g\u00e9rants des stations en mati\u00e8re de disponibilit\u00e9 et de qualit\u00e9 de ces produits, selon les crit\u00e8res fix\u00e9s par un cahier des charges.<br \/><em>M.A.M. <\/em><\/p>\n<\/div>\n<\/div>\n<\/div>\n<\/div>\n<div class=\"eco-conseil\">\n<div class=\"view view-eco-conseil-16 view-id-eco_conseil_16 view-display-id-cookies view-dom-id-04d9e247b83a5a72d560cf5dd9ec23f8\">\n<div class=\"view-content\">\n<div id=\"views-bootstrap-grid-1\" class=\"views-bootstrap-grid-plugin-style\">\n<div class=\"row\">\n<div class=\" col-xs-12 col-lg-4\">\n<div class=\"row\">\n<div class=\"col col-xs-12 col-lg-12\">\n<div class=\"field-content\"><a href=\"\/article\/1067452-covid-donnees-personnelles-fuites-sans-suite\"><img loading=\"lazy\" decoding=\"async\" class=\"img-responsive\" typeof=\"foaf:Image\" src=\"https:\/\/www.leconomiste.com\/sites\/default\/files\/eco7\/public\/styles\/800x400\/public\/default_images\/default_une.jpg?itok=4jZlgnIZ\" width=\"660\" height=\"330\" alt=\"\"\/><\/a><\/div>\n<\/div>\n<div class=\" title_suite_2 col col-xs-12 col-lg-12\"> <a href=\"\/article\/1067452-covid-donnees-personnelles-fuites-sans-suite\"\/><span class=\"field-content\">Covid\/Donn\u00e9es personnelles: Fuites sans suite\u2026<\/span><\/div>\n<\/div>\n<\/div>\n<div class=\" col-xs-12 col-lg-4\">\n<div class=\"row\">\n<div class=\"col col-xs-12 col-lg-12\">\n<div class=\"field-content\"><a href=\"\/article\/1067451-gels-hydro-alcooliques-prolongation-des-mesures-speciales\"><img loading=\"lazy\" decoding=\"async\" class=\"img-responsive\" typeof=\"foaf:Image\" src=\"https:\/\/www.leconomiste.com\/sites\/default\/files\/eco7\/public\/styles\/800x400\/public\/default_images\/default_une.jpg?itok=4jZlgnIZ\" width=\"660\" height=\"330\" alt=\"\"\/><\/a><\/div>\n<\/div>\n<div class=\" title_suite_2 col col-xs-12 col-lg-12\"> <a href=\"\/article\/1067451-gels-hydro-alcooliques-prolongation-des-mesures-speciales\"\/><span class=\"field-content\">Gels hydro-alcooliques: Prolongation des mesures sp\u00e9ciales<\/span><\/div>\n<\/div>\n<\/div>\n<div class=\" col-xs-12 col-lg-4\">\n<div class=\"row\">\n<div class=\"col col-xs-12 col-lg-12\">\n<div class=\"field-content\"><a href=\"\/article\/1067450-casablanca-les-restrictions-maintenues\"><img loading=\"lazy\" decoding=\"async\" class=\"img-responsive\" typeof=\"foaf:Image\" src=\"https:\/\/www.leconomiste.com\/sites\/default\/files\/eco7\/public\/styles\/800x400\/public\/default_images\/default_une.jpg?itok=4jZlgnIZ\" width=\"660\" height=\"330\" alt=\"\"\/><\/a><\/div>\n<\/div>\n<div class=\" title_suite_2 col col-xs-12 col-lg-12\"> <a href=\"\/article\/1067450-casablanca-les-restrictions-maintenues\"\/><span class=\"field-content\">Casablanca: Les restrictions maintenues<\/span><\/div>\n<\/div>\n<\/div>\n<\/div>\n<\/div>\n<\/div>\n<\/div>\n<\/div>\n<p>Auteur: hlafriqi<br \/>\n<a href=\"https:\/\/www.leconomiste.com\/article\/1067448-hydrocarbures-un-avant-projet-de-decret-au-sgg\">Cliquez ici pour lire l&rsquo;article depuis sa source.<\/a><\/p>\n","protected":false},"excerpt":{"rendered":"<p>L&rsquo;avant-projet de d\u00e9cret d&rsquo;application de la loi 67-15 sur l&rsquo;importation, l&rsquo;exportation et le raffinage, le stockage et la distribution des hydrocarbures a \u00e9t\u00e9 mis en consultation publique au niveau du SGG. Ce texte vise \u00e0 encadrer les modalit\u00e9s de contr\u00f4le de la qualit\u00e9 de ces produits. Il fixe \u00e9galement le volume du stock permanent au [&hellip;]<\/p>\n","protected":false},"author":1763,"featured_media":0,"comment_status":"closed","ping_status":"closed","sticky":false,"template":"","format":"standard","meta":{"fifu_image_url":"","fifu_image_alt":"","footnotes":""},"categories":[78,54],"tags":[],"class_list":["post-99494","post","type-post","status-publish","format-standard","hentry","category-economie","category-maroc"],"_links":{"self":[{"href":"https:\/\/linitiative.ca\/International\/wp-json\/wp\/v2\/posts\/99494","targetHints":{"allow":["GET"]}}],"collection":[{"href":"https:\/\/linitiative.ca\/International\/wp-json\/wp\/v2\/posts"}],"about":[{"href":"https:\/\/linitiative.ca\/International\/wp-json\/wp\/v2\/types\/post"}],"author":[{"embeddable":true,"href":"https:\/\/linitiative.ca\/International\/wp-json\/wp\/v2\/users\/1763"}],"replies":[{"embeddable":true,"href":"https:\/\/linitiative.ca\/International\/wp-json\/wp\/v2\/comments?post=99494"}],"version-history":[{"count":0,"href":"https:\/\/linitiative.ca\/International\/wp-json\/wp\/v2\/posts\/99494\/revisions"}],"wp:attachment":[{"href":"https:\/\/linitiative.ca\/International\/wp-json\/wp\/v2\/media?parent=99494"}],"wp:term":[{"taxonomy":"category","embeddable":true,"href":"https:\/\/linitiative.ca\/International\/wp-json\/wp\/v2\/categories?post=99494"},{"taxonomy":"post_tag","embeddable":true,"href":"https:\/\/linitiative.ca\/International\/wp-json\/wp\/v2\/tags?post=99494"}],"curies":[{"name":"wp","href":"https:\/\/api.w.org\/{rel}","templated":true}]}}