{"id":99496,"date":"2020-09-21T10:12:56","date_gmt":"2020-09-21T14:12:56","guid":{"rendered":"https:\/\/linitiative.ca\/International\/indemnite-covid-19-le-decret-loi-au-bo\/"},"modified":"2020-09-21T10:12:56","modified_gmt":"2020-09-21T14:12:56","slug":"indemnite-covid-19-le-decret-loi-au-bo","status":"publish","type":"post","link":"https:\/\/linitiative.ca\/International\/indemnite-covid-19-le-decret-loi-au-bo\/","title":{"rendered":"Indemnit\u00e9 Covid-19: Le d\u00e9cret-loi au BO"},"content":{"rendered":"<div class=\"body\">\n<div class=\"field field-name-body field-type-text-with-summary field-label-hidden\">\n<div class=\"field-items\" readability=\"10.111111111111\">\n<div class=\"field-item even\" property=\"content:encoded\" readability=\"15.407407407407\">\n<p class=\"rtejustify\">Adopt\u00e9 en Conseil de gouvernement, puis valid\u00e9 en Commission dans les deux Chambres du Parlement, le d\u00e9cret-loi sur les mesures exceptionnelles au profit des employeurs adh\u00e9rents \u00e0 la CNSS et leurs salari\u00e9s a \u00e9t\u00e9 publi\u00e9 au Bulletin officiel. Il s&rsquo;agit de la 2e phase de l&rsquo;indemnit\u00e9 Covid-19, qui ciblera d\u00e9sormais, en plus des travailleurs ind\u00e9pendants et non salari\u00e9s, les secteurs les plus touch\u00e9s par l&rsquo;actuelle crise, m\u00eame s&rsquo;ils ne sont pas en arr\u00eat d&rsquo;activit\u00e9 (cf.<a href=\"https:\/\/www.leconomiste.com\">www.leconomiste.com<\/a>).<br \/><em>M.A.M.<\/em><\/p>\n<\/div>\n<\/div>\n<\/div>\n<\/div>\n<div class=\"eco-conseil\">\n<div class=\"view view-eco-conseil-16 view-id-eco_conseil_16 view-display-id-cookies view-dom-id-7ccf885b1ac76241648511c8eaefa020\">\n<div class=\"view-content\">\n<div id=\"views-bootstrap-grid-1\" class=\"views-bootstrap-grid-plugin-style\">\n<div class=\"row\">\n<div class=\" col-xs-12 col-lg-4\">\n<div class=\"row\">\n<div class=\"col col-xs-12 col-lg-12\">\n<div class=\"field-content\"><a href=\"\/article\/1067452-covid-donnees-personnelles-fuites-sans-suite\"><img loading=\"lazy\" decoding=\"async\" class=\"img-responsive\" typeof=\"foaf:Image\" src=\"https:\/\/www.leconomiste.com\/sites\/default\/files\/eco7\/public\/styles\/800x400\/public\/default_images\/default_une.jpg?itok=4jZlgnIZ\" width=\"660\" height=\"330\" alt=\"\"\/><\/a><\/div>\n<\/div>\n<div class=\" title_suite_2 col col-xs-12 col-lg-12\"> <a href=\"\/article\/1067452-covid-donnees-personnelles-fuites-sans-suite\"\/><span class=\"field-content\">Covid\/Donn\u00e9es personnelles: Fuites sans suite\u2026<\/span><\/div>\n<\/div>\n<\/div>\n<div class=\" col-xs-12 col-lg-4\">\n<div class=\"row\">\n<div class=\"col col-xs-12 col-lg-12\">\n<div class=\"field-content\"><a href=\"\/article\/1067451-gels-hydro-alcooliques-prolongation-des-mesures-speciales\"><img loading=\"lazy\" decoding=\"async\" class=\"img-responsive\" typeof=\"foaf:Image\" src=\"https:\/\/www.leconomiste.com\/sites\/default\/files\/eco7\/public\/styles\/800x400\/public\/default_images\/default_une.jpg?itok=4jZlgnIZ\" width=\"660\" height=\"330\" alt=\"\"\/><\/a><\/div>\n<\/div>\n<div class=\" title_suite_2 col col-xs-12 col-lg-12\"> <a href=\"\/article\/1067451-gels-hydro-alcooliques-prolongation-des-mesures-speciales\"\/><span class=\"field-content\">Gels hydro-alcooliques: Prolongation des mesures sp\u00e9ciales<\/span><\/div>\n<\/div>\n<\/div>\n<div class=\" col-xs-12 col-lg-4\">\n<div class=\"row\">\n<div class=\"col col-xs-12 col-lg-12\">\n<div class=\"field-content\"><a href=\"\/article\/1067450-casablanca-les-restrictions-maintenues\"><img loading=\"lazy\" decoding=\"async\" class=\"img-responsive\" typeof=\"foaf:Image\" src=\"https:\/\/www.leconomiste.com\/sites\/default\/files\/eco7\/public\/styles\/800x400\/public\/default_images\/default_une.jpg?itok=4jZlgnIZ\" width=\"660\" height=\"330\" alt=\"\"\/><\/a><\/div>\n<\/div>\n<div class=\" title_suite_2 col col-xs-12 col-lg-12\"> <a href=\"\/article\/1067450-casablanca-les-restrictions-maintenues\"\/><span class=\"field-content\">Casablanca: Les restrictions maintenues<\/span><\/div>\n<\/div>\n<\/div>\n<\/div>\n<\/div>\n<\/div>\n<\/div>\n<\/div>\n<p>Auteur: hlafriqi<br \/>\n<a href=\"https:\/\/www.leconomiste.com\/article\/1067449-indemnite-covid-19-le-decret-loi-au-bo\">Cliquez ici pour lire l&rsquo;article depuis sa source.<\/a><\/p>\n","protected":false},"excerpt":{"rendered":"<p>Adopt\u00e9 en Conseil de gouvernement, puis valid\u00e9 en Commission dans les deux Chambres du Parlement, le d\u00e9cret-loi sur les mesures exceptionnelles au profit des employeurs adh\u00e9rents \u00e0 la CNSS et leurs salari\u00e9s a \u00e9t\u00e9 publi\u00e9 au Bulletin officiel. Il s&rsquo;agit de la 2e phase de l&rsquo;indemnit\u00e9 Covid-19, qui ciblera d\u00e9sormais, en plus des travailleurs ind\u00e9pendants [&hellip;]<\/p>\n","protected":false},"author":1763,"featured_media":0,"comment_status":"closed","ping_status":"closed","sticky":false,"template":"","format":"standard","meta":{"fifu_image_url":"","fifu_image_alt":"","footnotes":""},"categories":[78,54],"tags":[],"class_list":["post-99496","post","type-post","status-publish","format-standard","hentry","category-economie","category-maroc"],"_links":{"self":[{"href":"https:\/\/linitiative.ca\/International\/wp-json\/wp\/v2\/posts\/99496","targetHints":{"allow":["GET"]}}],"collection":[{"href":"https:\/\/linitiative.ca\/International\/wp-json\/wp\/v2\/posts"}],"about":[{"href":"https:\/\/linitiative.ca\/International\/wp-json\/wp\/v2\/types\/post"}],"author":[{"embeddable":true,"href":"https:\/\/linitiative.ca\/International\/wp-json\/wp\/v2\/users\/1763"}],"replies":[{"embeddable":true,"href":"https:\/\/linitiative.ca\/International\/wp-json\/wp\/v2\/comments?post=99496"}],"version-history":[{"count":0,"href":"https:\/\/linitiative.ca\/International\/wp-json\/wp\/v2\/posts\/99496\/revisions"}],"wp:attachment":[{"href":"https:\/\/linitiative.ca\/International\/wp-json\/wp\/v2\/media?parent=99496"}],"wp:term":[{"taxonomy":"category","embeddable":true,"href":"https:\/\/linitiative.ca\/International\/wp-json\/wp\/v2\/categories?post=99496"},{"taxonomy":"post_tag","embeddable":true,"href":"https:\/\/linitiative.ca\/International\/wp-json\/wp\/v2\/tags?post=99496"}],"curies":[{"name":"wp","href":"https:\/\/api.w.org\/{rel}","templated":true}]}}