{"id":99498,"date":"2020-09-21T10:13:47","date_gmt":"2020-09-21T14:13:47","guid":{"rendered":"https:\/\/linitiative.ca\/International\/casablanca-les-restrictions-maintenues\/"},"modified":"2020-09-21T10:13:47","modified_gmt":"2020-09-21T14:13:47","slug":"casablanca-les-restrictions-maintenues","status":"publish","type":"post","link":"https:\/\/linitiative.ca\/International\/casablanca-les-restrictions-maintenues\/","title":{"rendered":"Casablanca: Les restrictions maintenues"},"content":{"rendered":"<div class=\"body\">\n<div class=\"field field-name-body field-type-text-with-summary field-label-hidden\">\n<div class=\"field-items\" readability=\"9\">\n<div class=\"field-item even\" property=\"content:encoded\" readability=\"13\">\n<p class=\"rtejustify\">C&rsquo;\u00e9tait attendu. Les mesures restrictives prises au niveau de Casablanca depuis le 7 septembre dernier ont \u00e9t\u00e9 prolong\u00e9es de 14 jours. La d\u00e9cision, annonc\u00e9e vendredi dernier, a \u00e9t\u00e9 expliqu\u00e9e par la poursuite de la hausse des contaminations dans la m\u00e9tropole, qui enregistre le plus grand nombre de cas au niveau national.<br \/><em>M.A.M.<\/em><\/p>\n<\/div>\n<\/div>\n<\/div>\n<\/div>\n<div class=\"eco-conseil\">\n<div class=\"view view-eco-conseil-16 view-id-eco_conseil_16 view-display-id-cookies view-dom-id-1e292bb438fca21360cb5730ff38a81e\">\n<div class=\"view-content\">\n<div id=\"views-bootstrap-grid-1\" class=\"views-bootstrap-grid-plugin-style\">\n<div class=\"row\">\n<div class=\" col-xs-12 col-lg-4\">\n<div class=\"row\">\n<div class=\"col col-xs-12 col-lg-12\">\n<div class=\"field-content\"><a href=\"\/article\/1067452-covid-donnees-personnelles-fuites-sans-suite\"><img loading=\"lazy\" decoding=\"async\" class=\"img-responsive\" typeof=\"foaf:Image\" src=\"https:\/\/www.leconomiste.com\/sites\/default\/files\/eco7\/public\/styles\/800x400\/public\/default_images\/default_une.jpg?itok=4jZlgnIZ\" width=\"660\" height=\"330\" alt=\"\"\/><\/a><\/div>\n<\/div>\n<div class=\" title_suite_2 col col-xs-12 col-lg-12\"> <a href=\"\/article\/1067452-covid-donnees-personnelles-fuites-sans-suite\"\/><span class=\"field-content\">Covid\/Donn\u00e9es personnelles: Fuites sans suite\u2026<\/span><\/div>\n<\/div>\n<\/div>\n<div class=\" col-xs-12 col-lg-4\">\n<div class=\"row\">\n<div class=\"col col-xs-12 col-lg-12\">\n<div class=\"field-content\"><a href=\"\/article\/1067451-gels-hydro-alcooliques-prolongation-des-mesures-speciales\"><img loading=\"lazy\" decoding=\"async\" class=\"img-responsive\" typeof=\"foaf:Image\" src=\"https:\/\/www.leconomiste.com\/sites\/default\/files\/eco7\/public\/styles\/800x400\/public\/default_images\/default_une.jpg?itok=4jZlgnIZ\" width=\"660\" height=\"330\" alt=\"\"\/><\/a><\/div>\n<\/div>\n<div class=\" title_suite_2 col col-xs-12 col-lg-12\"> <a href=\"\/article\/1067451-gels-hydro-alcooliques-prolongation-des-mesures-speciales\"\/><span class=\"field-content\">Gels hydro-alcooliques: Prolongation des mesures sp\u00e9ciales<\/span><\/div>\n<\/div>\n<\/div>\n<div class=\" col-xs-12 col-lg-4\">\n<div class=\"row\">\n<div class=\"col col-xs-12 col-lg-12\">\n<div class=\"field-content\"><a href=\"\/article\/1067449-indemnite-covid-19-le-decret-loi-au-bo\"><img loading=\"lazy\" decoding=\"async\" class=\"img-responsive\" typeof=\"foaf:Image\" src=\"https:\/\/www.leconomiste.com\/sites\/default\/files\/eco7\/public\/styles\/800x400\/public\/default_images\/default_une.jpg?itok=4jZlgnIZ\" width=\"660\" height=\"330\" alt=\"\"\/><\/a><\/div>\n<\/div>\n<div class=\" title_suite_2 col col-xs-12 col-lg-12\"> <a href=\"\/article\/1067449-indemnite-covid-19-le-decret-loi-au-bo\"\/><span class=\"field-content\">Indemnit\u00e9 Covid-19: Le d\u00e9cret-loi au BO<\/span><\/div>\n<\/div>\n<\/div>\n<\/div>\n<\/div>\n<\/div>\n<\/div>\n<\/div>\n<p>Auteur: hlafriqi<br \/>\n<a href=\"https:\/\/www.leconomiste.com\/article\/1067450-casablanca-les-restrictions-maintenues\">Cliquez ici pour lire l&rsquo;article depuis sa source.<\/a><\/p>\n","protected":false},"excerpt":{"rendered":"<p>C&rsquo;\u00e9tait attendu. Les mesures restrictives prises au niveau de Casablanca depuis le 7 septembre dernier ont \u00e9t\u00e9 prolong\u00e9es de 14 jours. La d\u00e9cision, annonc\u00e9e vendredi dernier, a \u00e9t\u00e9 expliqu\u00e9e par la poursuite de la hausse des contaminations dans la m\u00e9tropole, qui enregistre le plus grand nombre de cas au niveau national.M.A.M. Covid\/Donn\u00e9es personnelles: Fuites sans [&hellip;]<\/p>\n","protected":false},"author":1763,"featured_media":0,"comment_status":"closed","ping_status":"closed","sticky":false,"template":"","format":"standard","meta":{"fifu_image_url":"","fifu_image_alt":"","footnotes":""},"categories":[78,54],"tags":[],"class_list":["post-99498","post","type-post","status-publish","format-standard","hentry","category-economie","category-maroc"],"_links":{"self":[{"href":"https:\/\/linitiative.ca\/International\/wp-json\/wp\/v2\/posts\/99498","targetHints":{"allow":["GET"]}}],"collection":[{"href":"https:\/\/linitiative.ca\/International\/wp-json\/wp\/v2\/posts"}],"about":[{"href":"https:\/\/linitiative.ca\/International\/wp-json\/wp\/v2\/types\/post"}],"author":[{"embeddable":true,"href":"https:\/\/linitiative.ca\/International\/wp-json\/wp\/v2\/users\/1763"}],"replies":[{"embeddable":true,"href":"https:\/\/linitiative.ca\/International\/wp-json\/wp\/v2\/comments?post=99498"}],"version-history":[{"count":0,"href":"https:\/\/linitiative.ca\/International\/wp-json\/wp\/v2\/posts\/99498\/revisions"}],"wp:attachment":[{"href":"https:\/\/linitiative.ca\/International\/wp-json\/wp\/v2\/media?parent=99498"}],"wp:term":[{"taxonomy":"category","embeddable":true,"href":"https:\/\/linitiative.ca\/International\/wp-json\/wp\/v2\/categories?post=99498"},{"taxonomy":"post_tag","embeddable":true,"href":"https:\/\/linitiative.ca\/International\/wp-json\/wp\/v2\/tags?post=99498"}],"curies":[{"name":"wp","href":"https:\/\/api.w.org\/{rel}","templated":true}]}}