{"id":99501,"date":"2020-09-21T10:14:34","date_gmt":"2020-09-21T14:14:34","guid":{"rendered":"https:\/\/linitiative.ca\/International\/gels-hydro-alcooliques-prolongation-des-mesures-speciales-2\/"},"modified":"2020-09-21T10:14:34","modified_gmt":"2020-09-21T14:14:34","slug":"gels-hydro-alcooliques-prolongation-des-mesures-speciales-2","status":"publish","type":"post","link":"https:\/\/linitiative.ca\/International\/gels-hydro-alcooliques-prolongation-des-mesures-speciales-2\/","title":{"rendered":"Gels hydro-alcooliques: Prolongation des mesures sp\u00e9ciales"},"content":{"rendered":"<div class=\"body\">\n<div class=\"field field-name-body field-type-text-with-summary field-label-hidden\">\n<div class=\"field-items\" readability=\"8.5\">\n<div class=\"field-item even\" property=\"content:encoded\" readability=\"12\">\n<p class=\"rtejustify\">Le gouvernement vient de prolonger, pour une dur\u00e9e de 6 mois, les mesures sp\u00e9ciales pour \u00e9viter une hausse des prix des gels hydro-alcooliques. Une d\u00e9cision du ministre des Finances a \u00e9t\u00e9 publi\u00e9e au BO, suite \u00e0 un avis favorable de la Commission minist\u00e9rielle mixte des prix.<br \/><em>M.A.M.<\/em><\/p>\n<\/div>\n<\/div>\n<\/div>\n<\/div>\n<div class=\"eco-conseil\">\n<div class=\"view view-eco-conseil-16 view-id-eco_conseil_16 view-display-id-cookies view-dom-id-090fe5b19e47d731cb8bebd24ab376b5\">\n<div class=\"view-content\">\n<div id=\"views-bootstrap-grid-1\" class=\"views-bootstrap-grid-plugin-style\">\n<div class=\"row\">\n<div class=\" col-xs-12 col-lg-4\">\n<div class=\"row\">\n<div class=\"col col-xs-12 col-lg-12\">\n<div class=\"field-content\"><a href=\"\/article\/1067452-covid-donnees-personnelles-fuites-sans-suite\"><img loading=\"lazy\" decoding=\"async\" class=\"img-responsive\" typeof=\"foaf:Image\" src=\"https:\/\/www.leconomiste.com\/sites\/default\/files\/eco7\/public\/styles\/800x400\/public\/default_images\/default_une.jpg?itok=4jZlgnIZ\" width=\"660\" height=\"330\" alt=\"\"\/><\/a><\/div>\n<\/div>\n<div class=\" title_suite_2 col col-xs-12 col-lg-12\"> <a href=\"\/article\/1067452-covid-donnees-personnelles-fuites-sans-suite\"\/><span class=\"field-content\">Covid\/Donn\u00e9es personnelles: Fuites sans suite\u2026<\/span><\/div>\n<\/div>\n<\/div>\n<div class=\" col-xs-12 col-lg-4\">\n<div class=\"row\">\n<div class=\"col col-xs-12 col-lg-12\">\n<div class=\"field-content\"><a href=\"\/article\/1067450-casablanca-les-restrictions-maintenues\"><img loading=\"lazy\" decoding=\"async\" class=\"img-responsive\" typeof=\"foaf:Image\" src=\"https:\/\/www.leconomiste.com\/sites\/default\/files\/eco7\/public\/styles\/800x400\/public\/default_images\/default_une.jpg?itok=4jZlgnIZ\" width=\"660\" height=\"330\" alt=\"\"\/><\/a><\/div>\n<\/div>\n<div class=\" title_suite_2 col col-xs-12 col-lg-12\"> <a href=\"\/article\/1067450-casablanca-les-restrictions-maintenues\"\/><span class=\"field-content\">Casablanca: Les restrictions maintenues<\/span><\/div>\n<\/div>\n<\/div>\n<div class=\" col-xs-12 col-lg-4\">\n<div class=\"row\">\n<div class=\"col col-xs-12 col-lg-12\">\n<div class=\"field-content\"><a href=\"\/article\/1067449-indemnite-covid-19-le-decret-loi-au-bo\"><img loading=\"lazy\" decoding=\"async\" class=\"img-responsive\" typeof=\"foaf:Image\" src=\"https:\/\/www.leconomiste.com\/sites\/default\/files\/eco7\/public\/styles\/800x400\/public\/default_images\/default_une.jpg?itok=4jZlgnIZ\" width=\"660\" height=\"330\" alt=\"\"\/><\/a><\/div>\n<\/div>\n<div class=\" title_suite_2 col col-xs-12 col-lg-12\"> <a href=\"\/article\/1067449-indemnite-covid-19-le-decret-loi-au-bo\"\/><span class=\"field-content\">Indemnit\u00e9 Covid-19: Le d\u00e9cret-loi au BO<\/span><\/div>\n<\/div>\n<\/div>\n<\/div>\n<\/div>\n<\/div>\n<\/div>\n<\/div>\n<p>Auteur: hlafriqi<br \/>\n<a href=\"https:\/\/www.leconomiste.com\/article\/1067451-gels-hydro-alcooliques-prolongation-des-mesures-speciales\">Cliquez ici pour lire l&rsquo;article depuis sa source.<\/a><\/p>\n","protected":false},"excerpt":{"rendered":"<p>Le gouvernement vient de prolonger, pour une dur\u00e9e de 6 mois, les mesures sp\u00e9ciales pour \u00e9viter une hausse des prix des gels hydro-alcooliques. Une d\u00e9cision du ministre des Finances a \u00e9t\u00e9 publi\u00e9e au BO, suite \u00e0 un avis favorable de la Commission minist\u00e9rielle mixte des prix.M.A.M. Covid\/Donn\u00e9es personnelles: Fuites sans suite\u2026 Casablanca: Les restrictions maintenues [&hellip;]<\/p>\n","protected":false},"author":1763,"featured_media":0,"comment_status":"closed","ping_status":"closed","sticky":false,"template":"","format":"standard","meta":{"fifu_image_url":"","fifu_image_alt":"","footnotes":""},"categories":[78,54],"tags":[],"class_list":["post-99501","post","type-post","status-publish","format-standard","hentry","category-economie","category-maroc"],"_links":{"self":[{"href":"https:\/\/linitiative.ca\/International\/wp-json\/wp\/v2\/posts\/99501","targetHints":{"allow":["GET"]}}],"collection":[{"href":"https:\/\/linitiative.ca\/International\/wp-json\/wp\/v2\/posts"}],"about":[{"href":"https:\/\/linitiative.ca\/International\/wp-json\/wp\/v2\/types\/post"}],"author":[{"embeddable":true,"href":"https:\/\/linitiative.ca\/International\/wp-json\/wp\/v2\/users\/1763"}],"replies":[{"embeddable":true,"href":"https:\/\/linitiative.ca\/International\/wp-json\/wp\/v2\/comments?post=99501"}],"version-history":[{"count":0,"href":"https:\/\/linitiative.ca\/International\/wp-json\/wp\/v2\/posts\/99501\/revisions"}],"wp:attachment":[{"href":"https:\/\/linitiative.ca\/International\/wp-json\/wp\/v2\/media?parent=99501"}],"wp:term":[{"taxonomy":"category","embeddable":true,"href":"https:\/\/linitiative.ca\/International\/wp-json\/wp\/v2\/categories?post=99501"},{"taxonomy":"post_tag","embeddable":true,"href":"https:\/\/linitiative.ca\/International\/wp-json\/wp\/v2\/tags?post=99501"}],"curies":[{"name":"wp","href":"https:\/\/api.w.org\/{rel}","templated":true}]}}