{"id":99502,"date":"2020-09-21T10:15:24","date_gmt":"2020-09-21T14:15:24","guid":{"rendered":"https:\/\/linitiative.ca\/International\/covid-donnees-personnelles-fuites-sans-suite\/"},"modified":"2020-09-21T10:15:24","modified_gmt":"2020-09-21T14:15:24","slug":"covid-donnees-personnelles-fuites-sans-suite","status":"publish","type":"post","link":"https:\/\/linitiative.ca\/International\/covid-donnees-personnelles-fuites-sans-suite\/","title":{"rendered":"Covid\/Donn\u00e9es personnelles: Fuites sans suite\u2026"},"content":{"rendered":"<div class=\"body\">\n<div class=\"field field-name-body field-type-text-with-summary field-label-hidden\">\n<div class=\"field-items\" readability=\"10.5\">\n<div class=\"field-item even\" property=\"content:encoded\" readability=\"16\">\n<p class=\"rtejustify\">Plus d&rsquo;une semaine apr\u00e8s la visite des inspecteurs du minist\u00e8re de la Sant\u00e9 \u00e0 F\u00e8s, on ne sait toujours pas quel est le r\u00e9sultat de l&rsquo;enqu\u00eate men\u00e9e sur la fuite des donn\u00e9es personnelles des patients Covid-19. Pourtant, les trois inspecteurs envoy\u00e9s par le ministre de la Sant\u00e9 avaient promis d&rsquo;identifier les responsables de cette fuite et de rendre leur rapport dans les plus brefs d\u00e9lais. Pour rappel, une personne, en dehors du circuit du minist\u00e8re de la Sant\u00e9 et des autorit\u00e9s de la ville de F\u00e8s, avait acc\u00e8s \u00e0 la plateforme Covid-19 et aux donn\u00e9es personnelles des cas positifs. Contact\u00e9 par L\u2019Economiste, Khalid A\u00eft Taleb a qualifi\u00e9 cet acte de \u00abgrave\u00bb. Et promis de s\u00e9vir\u2026<br \/><em>Y.S.A.<\/em><\/p>\n<\/div>\n<\/div>\n<\/div>\n<\/div>\n<div class=\"eco-conseil\">\n<div class=\"view view-eco-conseil-16 view-id-eco_conseil_16 view-display-id-cookies view-dom-id-492df096342034ce2a9dc5ef56c8b6a6\">\n<div class=\"view-content\">\n<div id=\"views-bootstrap-grid-1\" class=\"views-bootstrap-grid-plugin-style\">\n<div class=\"row\">\n<div class=\" col-xs-12 col-lg-4\">\n<div class=\"row\">\n<div class=\"col col-xs-12 col-lg-12\">\n<div class=\"field-content\"><a href=\"\/article\/1067451-gels-hydro-alcooliques-prolongation-des-mesures-speciales\"><img loading=\"lazy\" decoding=\"async\" class=\"img-responsive\" typeof=\"foaf:Image\" src=\"https:\/\/www.leconomiste.com\/sites\/default\/files\/eco7\/public\/styles\/800x400\/public\/default_images\/default_une.jpg?itok=4jZlgnIZ\" width=\"660\" height=\"330\" alt=\"\"\/><\/a><\/div>\n<\/div>\n<div class=\" title_suite_2 col col-xs-12 col-lg-12\"> <a href=\"\/article\/1067451-gels-hydro-alcooliques-prolongation-des-mesures-speciales\"\/><span class=\"field-content\">Gels hydro-alcooliques: Prolongation des mesures sp\u00e9ciales<\/span><\/div>\n<\/div>\n<\/div>\n<div class=\" col-xs-12 col-lg-4\">\n<div class=\"row\">\n<div class=\"col col-xs-12 col-lg-12\">\n<div class=\"field-content\"><a href=\"\/article\/1067450-casablanca-les-restrictions-maintenues\"><img loading=\"lazy\" decoding=\"async\" class=\"img-responsive\" typeof=\"foaf:Image\" src=\"https:\/\/www.leconomiste.com\/sites\/default\/files\/eco7\/public\/styles\/800x400\/public\/default_images\/default_une.jpg?itok=4jZlgnIZ\" width=\"660\" height=\"330\" alt=\"\"\/><\/a><\/div>\n<\/div>\n<div class=\" title_suite_2 col col-xs-12 col-lg-12\"> <a href=\"\/article\/1067450-casablanca-les-restrictions-maintenues\"\/><span class=\"field-content\">Casablanca: Les restrictions maintenues<\/span><\/div>\n<\/div>\n<\/div>\n<div class=\" col-xs-12 col-lg-4\">\n<div class=\"row\">\n<div class=\"col col-xs-12 col-lg-12\">\n<div class=\"field-content\"><a href=\"\/article\/1067449-indemnite-covid-19-le-decret-loi-au-bo\"><img loading=\"lazy\" decoding=\"async\" class=\"img-responsive\" typeof=\"foaf:Image\" src=\"https:\/\/www.leconomiste.com\/sites\/default\/files\/eco7\/public\/styles\/800x400\/public\/default_images\/default_une.jpg?itok=4jZlgnIZ\" width=\"660\" height=\"330\" alt=\"\"\/><\/a><\/div>\n<\/div>\n<div class=\" title_suite_2 col col-xs-12 col-lg-12\"> <a href=\"\/article\/1067449-indemnite-covid-19-le-decret-loi-au-bo\"\/><span class=\"field-content\">Indemnit\u00e9 Covid-19: Le d\u00e9cret-loi au BO<\/span><\/div>\n<\/div>\n<\/div>\n<\/div>\n<\/div>\n<\/div>\n<\/div>\n<\/div>\n<p>Auteur: hlafriqi<br \/>\n<a href=\"https:\/\/www.leconomiste.com\/article\/1067452-covid-donnees-personnelles-fuites-sans-suite\">Cliquez ici pour lire l&rsquo;article depuis sa source.<\/a><\/p>\n","protected":false},"excerpt":{"rendered":"<p>Plus d&rsquo;une semaine apr\u00e8s la visite des inspecteurs du minist\u00e8re de la Sant\u00e9 \u00e0 F\u00e8s, on ne sait toujours pas quel est le r\u00e9sultat de l&rsquo;enqu\u00eate men\u00e9e sur la fuite des donn\u00e9es personnelles des patients Covid-19. Pourtant, les trois inspecteurs envoy\u00e9s par le ministre de la Sant\u00e9 avaient promis d&rsquo;identifier les responsables de cette fuite [&hellip;]<\/p>\n","protected":false},"author":1763,"featured_media":0,"comment_status":"closed","ping_status":"closed","sticky":false,"template":"","format":"standard","meta":{"fifu_image_url":"","fifu_image_alt":"","footnotes":""},"categories":[78,54],"tags":[],"class_list":["post-99502","post","type-post","status-publish","format-standard","hentry","category-economie","category-maroc"],"_links":{"self":[{"href":"https:\/\/linitiative.ca\/International\/wp-json\/wp\/v2\/posts\/99502","targetHints":{"allow":["GET"]}}],"collection":[{"href":"https:\/\/linitiative.ca\/International\/wp-json\/wp\/v2\/posts"}],"about":[{"href":"https:\/\/linitiative.ca\/International\/wp-json\/wp\/v2\/types\/post"}],"author":[{"embeddable":true,"href":"https:\/\/linitiative.ca\/International\/wp-json\/wp\/v2\/users\/1763"}],"replies":[{"embeddable":true,"href":"https:\/\/linitiative.ca\/International\/wp-json\/wp\/v2\/comments?post=99502"}],"version-history":[{"count":0,"href":"https:\/\/linitiative.ca\/International\/wp-json\/wp\/v2\/posts\/99502\/revisions"}],"wp:attachment":[{"href":"https:\/\/linitiative.ca\/International\/wp-json\/wp\/v2\/media?parent=99502"}],"wp:term":[{"taxonomy":"category","embeddable":true,"href":"https:\/\/linitiative.ca\/International\/wp-json\/wp\/v2\/categories?post=99502"},{"taxonomy":"post_tag","embeddable":true,"href":"https:\/\/linitiative.ca\/International\/wp-json\/wp\/v2\/tags?post=99502"}],"curies":[{"name":"wp","href":"https:\/\/api.w.org\/{rel}","templated":true}]}}