{"id":99505,"date":"2020-09-21T07:45:00","date_gmt":"2020-09-21T11:45:00","guid":{"rendered":"https:\/\/linitiative.ca\/International\/comment-mechichi-compte-mettre-en-valeur-la-diplomatie-tunisienne-lui-laisser-plus-dinitiatives-et-lui-donner-plus-de-moyens-video-et-album-photos-2\/"},"modified":"2020-09-21T07:45:00","modified_gmt":"2020-09-21T11:45:00","slug":"comment-mechichi-compte-mettre-en-valeur-la-diplomatie-tunisienne-lui-laisser-plus-dinitiatives-et-lui-donner-plus-de-moyens-video-et-album-photos-2","status":"publish","type":"post","link":"https:\/\/linitiative.ca\/International\/comment-mechichi-compte-mettre-en-valeur-la-diplomatie-tunisienne-lui-laisser-plus-dinitiatives-et-lui-donner-plus-de-moyens-video-et-album-photos-2\/","title":{"rendered":"Comment Mechichi compte \u2018\u2019mettre en valeur la diplomatie tunisienne, lui laisser plus d\u2019initiatives et lui donner plus de moyens\u2019\u2019 (Vid\u00e9o et Album Photos)"},"content":{"rendered":"<p>Mod\u00e9r\u00e9, prudent, mais affichant une vision claire ! Hichem Mechichi se d\u00e9clare fermement r\u00e9solu \u00e0 mettre en valeur l\u2019action de la diplomatie tunisienne, lui accorder une plus large mage d\u2019initiative et la doter, dans l\u2019optimisation du disponible, plus de moyens. C\u2019est ce qu\u2019il affirm\u00e9 en ouvrant lundi matin au si\u00e8ge du minist\u00e8re des Affaires \u00e9trang\u00e8res les travaux de la 38\u00e8me conf\u00e9rence annuelle des ambassadeurs, consuls g\u00e9n\u00e9raux et consuls de Tunisie \u00e0 l\u2019\u00e9tranger. Forger un cadre juridique appropri\u00e9 aux agents et personnels du minist\u00e8re, redessiner la carte du r\u00e9seau diplomatique et consulaire, inventer de nouveaux m\u00e9canismes d\u2019action, encourager la parit\u00e9 du genre, et renforcer la coordination interd\u00e9partementale pour faciliter le travail entre le minist\u00e8re, les postes \u00e0 l\u2019\u00e9tranger et les diff\u00e9rents minist\u00e8res et organismes : le chef du gouvernement s\u2019y engage.<\/p>\n<p class=\"c2\"><iframe loading=\"lazy\" src=\"https:\/\/www.youtube.com\/embed\/1HnZlJXZ8oo\" allow=\"accelerometer; autoplay; clipboard-write; encrypted-media; gyroscope; picture-in-picture\" allowfullscreen=\"\" width=\"560\" height=\"315\" frameborder=\"0\">[embedded content]<\/iframe><\/p>\n<p>Parmi les missions essentielles que le chef du gouvernement invite les chefs de missions diplomatiques et consulaires tunisiens \u00e0 accomplir avec la plus haute importance, la lutte contre le terrorisme et la mobilisation de la coop\u00e9ration \u00e9conomique, avec son corollaire, le financement. Pour le terrorisme, il s\u2019agit pour Mechichi de renforcer toutes les formes appropri\u00e9es de coop\u00e9ration en la mati\u00e8re, d\u2019alerte, d\u2019anticipation et de traque. Quant \u00e0 l\u2019imp\u00e9rative coop\u00e9ration \u00e9conomique, elle doit favoriser la promotion des exportations, du tourisme et de l\u2019investissement ext\u00e9rieur, mais aussi et surtout, la mobilisation de dons et de financements \u00e0 des conditions avantageuses, afin d\u2019acc\u00e9l\u00e9rer la relance \u00e9conomique et de cr\u00e9er des emplois.<\/p>\n<h2>\u2018\u2019Rien ne saurait nous co\u00fbter cher&#8230;\u2019\u2019<\/h2>\n<p>Le chef du gouvernement est tr\u00e8s clair dans ses propos. Pour mettre en \u0153uvre efficacement la politique \u00e9trang\u00e8res trac\u00e9e par le pr\u00e9sident de la R\u00e9publique (comme l\u2019en investit la constitution), il est imp\u00e9ratif de consolider l\u2019appareil diplomatique, \u00e0 tous les niveaux. \u00ab Il n\u2019y a pas plus important pour nous que de valoriser le r\u00f4le des diplomates et de r\u00e9compenser leurs efforts et sacrifices, et rien ne saurait nous co\u00fbter cher \u00bb, affirme Mechichi, r\u00e9pondant \u00e0 une question de Leaders relative \u00e0 l\u2019\u00e9laboration d\u2019un statut particulier des agents et personnel des Affaires \u00e9trang\u00e8res. Sur le m\u00eame \u00e9lan, il d\u00e9clare que : Le red\u00e9ploiement du r\u00e9seau doit tenir compte des nouvelles r\u00e9alit\u00e9s \u00e9conomiques et des int\u00e9r\u00eats de la Tunisie, comme c\u2019est le cas pour l\u2019Am\u00e9rique Latine, l\u2019Asie ou l\u2019Afrique, quitte \u00e0 imaginer diff\u00e9rentes formules idoines. \u00bb Le ministre des Affaires \u00e9trang\u00e8res et des Tunisiens \u00e0 l\u2019\u00e9tranger, Othman Jerandi, sera plus explicite \u00e0 ce sujet mentionnant devant la presse la reprise de la formule des missions diplomatiques, consulaires et \u00e9conomiques itin\u00e9rantes.<\/p>\n<p>La prise en charge des Tunisiens \u00e0 l\u2019\u00e9tranger constitue pour Hichem Mechichi une priorit\u00e9 absolue, \u00e0 plus d\u2019un titre. \u00ab Ce n\u2019est pas par hasard, commencera-t-il par souligner, que j\u2019ai tenu \u00e0 unifier la tutelle des services concern\u00e9s sous le minist\u00e8re des Affaires \u00e9trang\u00e8res couvrant d\u00e9j\u00e0 les affaires consulaires. Pour avoir g\u00e9r\u00e9 le retour des Tunisiens \u00e0 l\u2019\u00e9tranger, suite \u00e0 la pand\u00e9mie du Covid-19, je peux t\u00e9moigner de l\u2019engagement patriotique total et entier de nos compatriotes expatri\u00e9s, de leur sens de la solidarit\u00e9 et de leur attachement au pays natal. Ce n\u2019est d\u2019ailleurs pas nouveau, ils se sont toujours illustr\u00e9s par leur contribution substantielle \u00e0 l\u2019\u00e9conomie nationale, au ressourcement de l\u2019\u00e9pargne et au soutien de leurs familles en Tunisie. C\u2019est pourquoi, nous devons revoir et am\u00e9liorer toute la politique publique en leur faveur et les entourer d\u2019une pleine sollicitude. \u00bb<\/p>\n<p>Rappelant les fondamentaux de la diplomatie tunisienne, le chef du gouvernement, a r\u00e9it\u00e9r\u00e9 les positions officielles exprim\u00e9es par le chef de l\u2019Etat. Qu\u2019il s\u2019agisse de la Palestine, de la Libye, de la Syrie ou du Y\u00e9men, la Tunisie demeure fid\u00e8le \u00e0 ses positions, de soutien, de solidarit\u00e9 et de non-ing\u00e9rence. Mechichi rappellera au d\u00e9tour que la Tunisie, qui pr\u00e9side le Sommet Arabe (depuis mars 2019), se doit de jouer son r\u00f4le actif sur ces questions.<br \/>Un statut appropri\u00e9, une cartographie \u00e0 redessiner, plus de moyens et mieux de coordination : le chef du gouvernement n\u2019a pas laiss\u00e9 les diplomates tunisiens indiff\u00e9rents \u00e0 ses propos. Ils en attendent aujourd\u2019hui la concr\u00e9tisation.<\/p>\n<p class=\"c3\"><strong>Fatma Hentati<\/strong><\/p>\n<p><strong>Lire aussi<\/strong><\/p>\n<p><a href=\"https:\/\/www.leaders.com.tn\/article\/30609-comment-mechichi-compte-mettre-en-valeur-la-diplomatie-tunisienne-lui-laisser-plus-d-initiatives-et-lui-donner-plus-de-moyens\" target=\"_blank\" rel=\"noopener noreferrer\">Comment Mechichi compte \u2018\u2019mettre en valeur la diplomatie tunisienne, lui laisser plus d\u2019initiatives et lui donner plus de moyens\u2019\u2019 (Album Photos)<\/a><\/p>\n<p><a href=\"https:\/\/www.leaders.com.tn\/article\/30614-ce-que-les-diplomates-tunisiens-ont-reclame-au-chef-du-gouvernement-hichem-mechichi-album-photos\" target=\"_blank\" rel=\"noopener noreferrer\">Ce que les diplomates tunisiens ont r\u00e9clam\u00e9 au chef du gouvernement, Hichem Mechichi (Vid\u00e9o et Album Photos)<\/a><\/p>\n<p><a href=\"https:\/\/www.leaders.com.tn\/article\/30617-les-coulisses-de-la-38eme-conference-des-ambassadeurs-et-consul-generaux-de-tunisie-a-l-etranger\" target=\"_blank\" rel=\"noopener noreferrer\">Les coulisses de la 38\u00e8me conf\u00e9rence des ambassadeurs et consul g\u00e9n\u00e9raux de Tunisie \u00e0 l\u2019\u00e9tranger (Vid\u00e9o et Album photos)<\/a><\/p>\n<p class=\"c3\">\u00a0<\/p>\n<p>Auteur:<br \/>\n<a href=\"https:\/\/www.leaders.com.tn\/article\/30609-comment-mechichi-compte-mettre-en-valeur-la-diplomatie-tunisienne-lui-laisser-plus-d-initiatives-et-lui-donner-plus-de-moyens\">Cliquez ici pour lire l&rsquo;article depuis sa source.<\/a><\/p>\n","protected":false},"excerpt":{"rendered":"<p>Mod\u00e9r\u00e9, prudent, mais affichant une vision claire ! Hichem Mechichi se d\u00e9clare fermement r\u00e9solu \u00e0 mettre en valeur l\u2019action de la diplomatie tunisienne, lui accorder une plus large mage d\u2019initiative et la doter, dans l\u2019optimisation du disponible, plus de moyens. C\u2019est ce qu\u2019il affirm\u00e9 en ouvrant lundi matin au si\u00e8ge du minist\u00e8re des Affaires \u00e9trang\u00e8res [&hellip;]<\/p>\n","protected":false},"author":1772,"featured_media":0,"comment_status":"closed","ping_status":"closed","sticky":false,"template":"","format":"standard","meta":{"fifu_image_url":"","fifu_image_alt":"","footnotes":""},"categories":[73,55],"tags":[],"class_list":["post-99505","post","type-post","status-publish","format-standard","hentry","category-actualite","category-tunisie"],"_links":{"self":[{"href":"https:\/\/linitiative.ca\/International\/wp-json\/wp\/v2\/posts\/99505","targetHints":{"allow":["GET"]}}],"collection":[{"href":"https:\/\/linitiative.ca\/International\/wp-json\/wp\/v2\/posts"}],"about":[{"href":"https:\/\/linitiative.ca\/International\/wp-json\/wp\/v2\/types\/post"}],"author":[{"embeddable":true,"href":"https:\/\/linitiative.ca\/International\/wp-json\/wp\/v2\/users\/1772"}],"replies":[{"embeddable":true,"href":"https:\/\/linitiative.ca\/International\/wp-json\/wp\/v2\/comments?post=99505"}],"version-history":[{"count":0,"href":"https:\/\/linitiative.ca\/International\/wp-json\/wp\/v2\/posts\/99505\/revisions"}],"wp:attachment":[{"href":"https:\/\/linitiative.ca\/International\/wp-json\/wp\/v2\/media?parent=99505"}],"wp:term":[{"taxonomy":"category","embeddable":true,"href":"https:\/\/linitiative.ca\/International\/wp-json\/wp\/v2\/categories?post=99505"},{"taxonomy":"post_tag","embeddable":true,"href":"https:\/\/linitiative.ca\/International\/wp-json\/wp\/v2\/tags?post=99505"}],"curies":[{"name":"wp","href":"https:\/\/api.w.org\/{rel}","templated":true}]}}