{"id":99518,"date":"2020-09-21T12:30:00","date_gmt":"2020-09-21T16:30:00","guid":{"rendered":"https:\/\/linitiative.ca\/International\/une-bonne-nouvelle-pour-riyad-mahrez\/"},"modified":"2020-09-21T12:30:00","modified_gmt":"2020-09-21T16:30:00","slug":"une-bonne-nouvelle-pour-riyad-mahrez","status":"publish","type":"post","link":"https:\/\/linitiative.ca\/International\/une-bonne-nouvelle-pour-riyad-mahrez\/","title":{"rendered":"Une bonne nouvelle pour Riyad Mahrez"},"content":{"rendered":"<p class=\"p1 c3\"><span class=\"c2\">Riyad Mahrez est en forme. Remis du Coronavirus, l\u2019international alg\u00e9rien va faire partie du groupe de Manchester City qui se d\u00e9place \u00e0 Wolverhampton.<\/span><\/p>\n<p class=\"p1 c3\"><span class=\"c2\">Positif au Coronavirus il y a quelques jours, Mahrez a retrouv\u00e9 l\u2019effectif des Citizens pour les s\u00e9ances d\u2019entrainements. Revenu \u00e0 son meilleur niveau, le milieu offensif pourra donc d\u00e9buter la saison avec les Sky Blues. Pep Guardiola a rassur\u00e9 sur son \u00e9tat de forme en conf\u00e9rence de presse et confirme qu\u2019il sera retenu contre Wolverhampton.<\/span><\/p>\n<p class=\"p1 c3\"><span class=\"c2\">Ayant connu une saison 2019-2020 de grande qualit\u00e9, Riyad Mahre va d\u00e9buter un nouvel exercice avec son club demain. Manchester City sera face aux Wolves pour le compte de la deuxi\u00e8me journ\u00e9e de Premier League.<\/span><\/p>\n<p>Auteur: letemps1<br \/>\n<a href=\"http:\/\/www.letemps.com.tn\/article\/117168\/une-bonne-nouvelle-pour-riyad-mahrez\">Cliquez ici pour lire l&rsquo;article depuis sa source.<\/a><\/p>\n","protected":false},"excerpt":{"rendered":"<p>Riyad Mahrez est en forme. Remis du Coronavirus, l\u2019international alg\u00e9rien va faire partie du groupe de Manchester City qui se d\u00e9place \u00e0 Wolverhampton. Positif au Coronavirus il y a quelques jours, Mahrez a retrouv\u00e9 l\u2019effectif des Citizens pour les s\u00e9ances d\u2019entrainements. Revenu \u00e0 son meilleur niveau, le milieu offensif pourra donc d\u00e9buter la saison avec [&hellip;]<\/p>\n","protected":false},"author":1773,"featured_media":0,"comment_status":"closed","ping_status":"closed","sticky":false,"template":"","format":"standard","meta":{"fifu_image_url":"","fifu_image_alt":"","footnotes":""},"categories":[73,55],"tags":[],"class_list":["post-99518","post","type-post","status-publish","format-standard","hentry","category-actualite","category-tunisie"],"_links":{"self":[{"href":"https:\/\/linitiative.ca\/International\/wp-json\/wp\/v2\/posts\/99518","targetHints":{"allow":["GET"]}}],"collection":[{"href":"https:\/\/linitiative.ca\/International\/wp-json\/wp\/v2\/posts"}],"about":[{"href":"https:\/\/linitiative.ca\/International\/wp-json\/wp\/v2\/types\/post"}],"author":[{"embeddable":true,"href":"https:\/\/linitiative.ca\/International\/wp-json\/wp\/v2\/users\/1773"}],"replies":[{"embeddable":true,"href":"https:\/\/linitiative.ca\/International\/wp-json\/wp\/v2\/comments?post=99518"}],"version-history":[{"count":0,"href":"https:\/\/linitiative.ca\/International\/wp-json\/wp\/v2\/posts\/99518\/revisions"}],"wp:attachment":[{"href":"https:\/\/linitiative.ca\/International\/wp-json\/wp\/v2\/media?parent=99518"}],"wp:term":[{"taxonomy":"category","embeddable":true,"href":"https:\/\/linitiative.ca\/International\/wp-json\/wp\/v2\/categories?post=99518"},{"taxonomy":"post_tag","embeddable":true,"href":"https:\/\/linitiative.ca\/International\/wp-json\/wp\/v2\/tags?post=99518"}],"curies":[{"name":"wp","href":"https:\/\/api.w.org\/{rel}","templated":true}]}}