{"id":99521,"date":"2020-09-21T12:30:00","date_gmt":"2020-09-21T16:30:00","guid":{"rendered":"https:\/\/linitiative.ca\/International\/lemerre-saccorde-un-temps-de-reflexion-en-belgique-2\/"},"modified":"2020-09-21T12:30:00","modified_gmt":"2020-09-21T16:30:00","slug":"lemerre-saccorde-un-temps-de-reflexion-en-belgique-2","status":"publish","type":"post","link":"https:\/\/linitiative.ca\/International\/lemerre-saccorde-un-temps-de-reflexion-en-belgique-2\/","title":{"rendered":"Lemerre s\u2019accorde un temps de r\u00e9flexion\u2026 en Belgique\u00a0!!"},"content":{"rendered":"<p class=\"p1 c3\"><span class=\"c2\">C\u2019est frustrant, c\u2019est exasp\u00e9rant, ce qui se passe \u00e0 l\u2019Etoile au sujet de Roger Lemerre\u00a0! En effet, apr\u00e8s de longues semaines d\u2019attente et de tractations, ila, enfin, d\u00e9barqu\u00e9 \u00e0 Sousse pour repartir 48h apr\u00e8s chez lui en Belgique,invoquant vouloir prendre un \u00e9ni\u00e8me temps de r\u00e9flexion et se concerter de nouveau avec sa famille\u00a0\u00ab\u00a0Il est venu s\u2019enqu\u00e9rir des conditions de travail et de l\u2019entourage environnant de l\u2019\u00e9quipe, suite \u00e0 quoi il est reparti en Belgique pour prendre un temps de r\u00e9flexion avant de nous livrer sa r\u00e9ponse d\u00e9finitive dans les prochaines 48h.<\/span><\/p>\n<p class=\"p1 c3\"><span class=\"c2\">De fait, le dossier Lemerre reste toujours ouvert pour encore quelques jours. Tout reste possible\u00a0\u00bb nous a d\u00e9clar\u00e9 le pr\u00e9sident de l\u2019Etoile Dr Ridha Charfeddine sur un ton manifestement d\u00e9pit\u00e9\u00a0!<\/span><\/p>\n<p class=\"p1 c3\"><span class=\"c2\">Honn\u00eatement, il va falloir tourner d\u00e9finitivement la page-Lemerre attendu injustement tel un messie, ce qui est d\u2019ores et d\u00e9j\u00e0 aberrant. L\u2019Etoile ne peut gu\u00e8re se permettre d\u2019\u00eatre \u00e0 la merci du technicien fran\u00e7ais \u00e2g\u00e9 de 79ans, qui est avouons-le , au cr\u00e9puscule de sa carri\u00e8re et qui est clairement incompatible avec les projections futures du club sah\u00e9lien ax\u00e9es sur une nouvelle g\u00e9n\u00e9ration de joueurs.<\/span><\/p>\n<p class=\"p2 c4\"><span class=\"c2\"><strong>Chokri Laamiri d\u00e9missionnaire<\/strong><\/span><\/p>\n<p class=\"p1 c3\"><span class=\"c2\">C\u2019\u00e9tait dans l\u2019air depuis quelques jours, le pr\u00e9sident de la section football Chokri Laamiri s\u2019est r\u00e9sign\u00e9 \u00e0 rendre le tablier, suite aux derni\u00e8res p\u00e9rip\u00e9ties pesantes au sein du club et la tension qui r\u00e9gnait entre lui et certaines composantes de l\u2019Etoile.<\/span><\/p>\n<p class=\"p3 c5\">\u00a0<\/p>\n<p class=\"p2 c4\"><span class=\"c2\"><strong>Mkacher et Boukadida<span class=\"Apple-converted-space\">\u00a0<\/span><\/strong><\/span><\/p>\n<p class=\"p2 c4\"><span class=\"c2\"><strong>\u00e0 Al Adala<\/strong><\/span><\/p>\n<p class=\"p1 c3\"><span class=\"c2\">Les techniciens issus de l\u2019Etoile ont vraiment de la cote en Arabie Saoudite o\u00f9 ils enregistrent des performances remarquables.<\/span><\/p>\n<p class=\"p1 c3\"><span class=\"c2\">Dans ce registre, les dirigeants du club Al Adala ont port\u00e9 leur choix sur Mohamed Mkacher pour diriger les reines techniques de leur \u00e9quipe, qui sera second\u00e9 par son alter ego Mounir Boukadida, le gladiateur de la g\u00e9n\u00e9ration des ann\u00e9es 90 et Bouraoui Aissa comme entraineur des gardiens.<\/span><\/p>\n<p class=\"p4 c6\"><span class=\"c2\"><strong>Hatem REGAIEG<\/strong><\/span><\/p>\n<p>Auteur: letemps1<br \/>\n<a href=\"http:\/\/www.letemps.com.tn\/article\/117169\/lemerre-s%E2%80%99accorde-un-temps-de-r%C3%A9flexion%E2%80%A6-en-belgique%C2%A0\">Cliquez ici pour lire l&rsquo;article depuis sa source.<\/a><\/p>\n","protected":false},"excerpt":{"rendered":"<p>C\u2019est frustrant, c\u2019est exasp\u00e9rant, ce qui se passe \u00e0 l\u2019Etoile au sujet de Roger Lemerre\u00a0! En effet, apr\u00e8s de longues semaines d\u2019attente et de tractations, ila, enfin, d\u00e9barqu\u00e9 \u00e0 Sousse pour repartir 48h apr\u00e8s chez lui en Belgique,invoquant vouloir prendre un \u00e9ni\u00e8me temps de r\u00e9flexion et se concerter de nouveau avec sa famille\u00a0\u00ab\u00a0Il est venu [&hellip;]<\/p>\n","protected":false},"author":1773,"featured_media":0,"comment_status":"closed","ping_status":"closed","sticky":false,"template":"","format":"standard","meta":{"fifu_image_url":"","fifu_image_alt":"","footnotes":""},"categories":[73,55],"tags":[],"class_list":["post-99521","post","type-post","status-publish","format-standard","hentry","category-actualite","category-tunisie"],"_links":{"self":[{"href":"https:\/\/linitiative.ca\/International\/wp-json\/wp\/v2\/posts\/99521","targetHints":{"allow":["GET"]}}],"collection":[{"href":"https:\/\/linitiative.ca\/International\/wp-json\/wp\/v2\/posts"}],"about":[{"href":"https:\/\/linitiative.ca\/International\/wp-json\/wp\/v2\/types\/post"}],"author":[{"embeddable":true,"href":"https:\/\/linitiative.ca\/International\/wp-json\/wp\/v2\/users\/1773"}],"replies":[{"embeddable":true,"href":"https:\/\/linitiative.ca\/International\/wp-json\/wp\/v2\/comments?post=99521"}],"version-history":[{"count":0,"href":"https:\/\/linitiative.ca\/International\/wp-json\/wp\/v2\/posts\/99521\/revisions"}],"wp:attachment":[{"href":"https:\/\/linitiative.ca\/International\/wp-json\/wp\/v2\/media?parent=99521"}],"wp:term":[{"taxonomy":"category","embeddable":true,"href":"https:\/\/linitiative.ca\/International\/wp-json\/wp\/v2\/categories?post=99521"},{"taxonomy":"post_tag","embeddable":true,"href":"https:\/\/linitiative.ca\/International\/wp-json\/wp\/v2\/tags?post=99521"}],"curies":[{"name":"wp","href":"https:\/\/api.w.org\/{rel}","templated":true}]}}