{"id":99523,"date":"2020-09-21T12:30:00","date_gmt":"2020-09-21T16:30:00","guid":{"rendered":"https:\/\/linitiative.ca\/International\/un-mercato-bien-anime-au-bardo-2\/"},"modified":"2020-09-21T12:30:00","modified_gmt":"2020-09-21T16:30:00","slug":"un-mercato-bien-anime-au-bardo-2","status":"publish","type":"post","link":"https:\/\/linitiative.ca\/International\/un-mercato-bien-anime-au-bardo-2\/","title":{"rendered":"Un mercato\u00a0bien anim\u00e9 au Bardo"},"content":{"rendered":"<p class=\"p1 c3\"><span class=\"c2\">Le<span class=\"Apple-converted-space\">\u00a0<\/span> mercato\u00a0est bien lanc\u00e9 au ST. les responsables du club et \u00e0 leur t\u00eate le pr\u00e9sident<span class=\"Apple-converted-space\">\u00a0<\/span> Jalel Ben A\u00efssa n\u2019a pas perdu de temps. Il est d\u00e9j\u00e0 \u00e0 son 6\u00e8me recrutement de la saison.<\/span><\/p>\n<p class=\"p1 c3\"><span class=\"c2\">Apr\u00e8s avoir engag\u00e9 les 3 Libyens, ce devait \u00eatre au tour du mauritno-s\u00e9n\u00e9galais Boubacar Diop de rejoindre le complexe H\u00e9di Enneifer pour trois saisons. Ce milieu d\u00e9fensif a pass\u00e9 la visite m\u00e9dicale d\u2019usage avec succ\u00e8s et sera \u00e0 la disposition du staff technique d\u00e8s la reprise.<span class=\"Apple-converted-space\">\u00a0<\/span><\/span><\/p>\n<p class=\"p2 c4\">\u00a0<\/p>\n<p class=\"p3 c5\"><span class=\"c2\"><strong>La\u00e2mari stadiste<\/strong><\/span><\/p>\n<p class=\"p1 c3\"><span class=\"c2\">Sur le plan local, le premier arriv\u00e9 au Bardo est SabriLa\u00e2mari, l\u2019ex joueur de la JSK, du CA et tout r\u00e9cemment l\u2019USB Guerdane. Ce milieu de terrain a sign\u00e9 pour deux saisons.<\/span><\/p>\n<p class=\"p2 c4\">\u00a0<\/p>\n<p class=\"p3 c5\"><span class=\"c2\"><strong>L\u2019\u00e9cole fran\u00e7aise<\/strong><\/span><\/p>\n<p class=\"p1 c3\"><span class=\"c2\">Depuis son arriv\u00e9e \u00e0 la t\u00eate du ST, Jallel Ben A\u00efssa a montr\u00e9 un int\u00e9r\u00eat particulier \u00e0 l\u2019\u00e9cole fran\u00e7aise. Apr\u00e8s les HeykelChikhaoui, Issam Ben Khemis, Walid Hosni, Bilel A\u00ef Malek, Rayen Ben Khemis et Deyssem Ben Nasr, il vient d\u2019engager le jeune Anis Sghaier form\u00e9 \u00e0 Strasbourg et fait partie de de l\u2019effectif de l\u2019\u00e9quipe de Tunisie junior.<\/span><\/p>\n<p class=\"p2 c4\">\u00a0<\/p>\n<p class=\"p3 c5\"><span class=\"c2\"><strong>D\u00e9part<span class=\"Apple-converted-space\">\u00a0<\/span><\/strong><\/span><\/p>\n<p class=\"p1 c3\"><span class=\"c2\">Il n\u2019y a pas eu que des arriv\u00e9es au ST, Junior Loussouko vient de plier bagages, apr\u00e8s avoir convenu \u00e0 une s\u00e9paration \u00e0 l\u2019amiable avec les responsables de l\u2019\u00e9quipe. Le congolais n\u2019a pas r\u00e9ussi depuis son arriv\u00e9e \u00e0 se faire une place de titulaire au sein de l\u2019\u00e9quipe.<\/span><\/p>\n<p class=\"p1 c3\"><span class=\"c2\">Junior, Ma\u00e2toug et Akremi ne sont pas les seuls \u00e0 quitter le club bardolais. Selon des indiscr\u00e9tions recueillies dans les coulisses, Boussa\u00efdi aurait pr\u00e9sent\u00e9 une liste compos\u00e9e de plusieurs autres joueurs qui ne seront pas retenus pour le nouvel exercice.<span class=\"Apple-converted-space\">\u00a0 \u00a0<\/span><\/span><\/p>\n<p class=\"p3 c5\"><span class=\"c2\"><strong>Maintien<span class=\"Apple-converted-space\">\u00a0<\/span><\/strong><\/span><\/p>\n<p class=\"p1 c3\"><span class=\"c2\">M\u00eame si aucune information n\u2019a \u00e9t\u00e9 donn\u00e9e au sujet du staff technique qui conduira l\u2019\u00e9quipe la saison prochaine, tout porte \u00e0 croire que AniBoussa\u00efdi sera confirm\u00e9 dans son poste de premier entra\u00eeneur de l\u2019\u00e9quipe senior. Le travail accompli par ce jeune technicien a donn\u00e9 satisfaction aux responsables stadistes et sera par cons\u00e9quent \u00e0 la t\u00eate du staff technique devant conduire la reprise des entra\u00eenements la semaine prochaine.<\/span><\/p>\n<p class=\"p4 c6\"><span class=\"c2\"><strong>M.R<\/strong><\/span><\/p>\n<p>Auteur: letemps1<br \/>\n<a href=\"http:\/\/www.letemps.com.tn\/article\/117170\/un-mercato%C2%A0bien-anim%C3%A9-au-bardo\">Cliquez ici pour lire l&rsquo;article depuis sa source.<\/a><\/p>\n","protected":false},"excerpt":{"rendered":"<p>Le\u00a0 mercato\u00a0est bien lanc\u00e9 au ST. les responsables du club et \u00e0 leur t\u00eate le pr\u00e9sident\u00a0 Jalel Ben A\u00efssa n\u2019a pas perdu de temps. Il est d\u00e9j\u00e0 \u00e0 son 6\u00e8me recrutement de la saison. Apr\u00e8s avoir engag\u00e9 les 3 Libyens, ce devait \u00eatre au tour du mauritno-s\u00e9n\u00e9galais Boubacar Diop de rejoindre le complexe H\u00e9di Enneifer [&hellip;]<\/p>\n","protected":false},"author":1773,"featured_media":0,"comment_status":"closed","ping_status":"closed","sticky":false,"template":"","format":"standard","meta":{"fifu_image_url":"","fifu_image_alt":"","footnotes":""},"categories":[73,55],"tags":[],"class_list":["post-99523","post","type-post","status-publish","format-standard","hentry","category-actualite","category-tunisie"],"_links":{"self":[{"href":"https:\/\/linitiative.ca\/International\/wp-json\/wp\/v2\/posts\/99523","targetHints":{"allow":["GET"]}}],"collection":[{"href":"https:\/\/linitiative.ca\/International\/wp-json\/wp\/v2\/posts"}],"about":[{"href":"https:\/\/linitiative.ca\/International\/wp-json\/wp\/v2\/types\/post"}],"author":[{"embeddable":true,"href":"https:\/\/linitiative.ca\/International\/wp-json\/wp\/v2\/users\/1773"}],"replies":[{"embeddable":true,"href":"https:\/\/linitiative.ca\/International\/wp-json\/wp\/v2\/comments?post=99523"}],"version-history":[{"count":0,"href":"https:\/\/linitiative.ca\/International\/wp-json\/wp\/v2\/posts\/99523\/revisions"}],"wp:attachment":[{"href":"https:\/\/linitiative.ca\/International\/wp-json\/wp\/v2\/media?parent=99523"}],"wp:term":[{"taxonomy":"category","embeddable":true,"href":"https:\/\/linitiative.ca\/International\/wp-json\/wp\/v2\/categories?post=99523"},{"taxonomy":"post_tag","embeddable":true,"href":"https:\/\/linitiative.ca\/International\/wp-json\/wp\/v2\/tags?post=99523"}],"curies":[{"name":"wp","href":"https:\/\/api.w.org\/{rel}","templated":true}]}}