{"id":99525,"date":"2020-09-21T12:30:00","date_gmt":"2020-09-21T16:30:00","guid":{"rendered":"https:\/\/linitiative.ca\/International\/james-rodriguez-retrouve-le-chemin-du-but-avec-everton-2\/"},"modified":"2020-09-21T12:30:00","modified_gmt":"2020-09-21T16:30:00","slug":"james-rodriguez-retrouve-le-chemin-du-but-avec-everton-2","status":"publish","type":"post","link":"https:\/\/linitiative.ca\/International\/james-rodriguez-retrouve-le-chemin-du-but-avec-everton-2\/","title":{"rendered":"James Rodriguez retrouve le chemin du but avec Everton"},"content":{"rendered":"<p class=\"p1 c3\"><span class=\"c2\">En quittant le Real Madrid pour Everton il y a quelques semaines, James Rodriguez voulait retrouver le plaisir de jouer apr\u00e8s des derni\u00e8res saisons compliqu\u00e9es en Espagne et du c\u00f4t\u00e9 du Bayern Munich.<\/span><\/p>\n<p class=\"p1 c3\"><span class=\"c2\">Dans le nord de l\u2019Angleterre, le Colombien a retrouv\u00e9 Carlo Ancelotti, qui l\u2019avait fait venir \u00e0 Madrid et en Allemagne, et donc la confiance qu\u2019il lui faisait d\u00e9faut comme l\u2019a prouv\u00e9 son accolade avec le coach italien.<\/span><\/p>\n<p class=\"p1 c3\"><span class=\"c2\">Hier apr\u00e8s-midi, James Rodriguez est sorti \u00e0 dix minutes de la fin du match contre West Bromwich Albion et n\u2019a pas eu le droit \u00e0 l\u2019ovation qu\u2019il m\u00e9ritait \u00e0 cause du huis clos. Car oui, Goodisson Park a vu le joueur remarquable qu\u2019est James.<\/span><\/p>\n<p class=\"p2 c4\"><span class=\"c2\"><strong>Dernier but en octobre 2019<\/strong><\/span><\/p>\n<p class=\"p1 c3\"><span class=\"c2\">M\u00e9tronome du jeu des Toffees, l\u2019ancien Mon\u00e9gasque a permis \u00e0 son \u00e9quipe de virer en t\u00eate \u00e0 la pause (2-1) avec une parfaite frappe crois\u00e9e. Ce but ressemble \u00e0 une lib\u00e9ration puisque cela faisait presqu\u2019un an qu\u2019il n\u2019avait pas trouv\u00e9 le chemin des filets. C\u2019\u00e9tait le 5 octobre dernier avec un but dans le temps additionnel face \u00e0 Grenade.<\/span><\/p>\n<p class=\"p1 c3\"><span class=\"c2\">James Rodriguez a retrouv\u00e9 le sourire et c\u2019est tout Everton qui se frotte les mains de ce coup de maitre dans le Mercato.<\/span><\/p>\n<p>Auteur: letemps1<br \/>\n<a href=\"http:\/\/www.letemps.com.tn\/article\/117171\/james-rodriguez-retrouve-le-chemin-du-avec-everton\">Cliquez ici pour lire l&rsquo;article depuis sa source.<\/a><\/p>\n","protected":false},"excerpt":{"rendered":"<p>En quittant le Real Madrid pour Everton il y a quelques semaines, James Rodriguez voulait retrouver le plaisir de jouer apr\u00e8s des derni\u00e8res saisons compliqu\u00e9es en Espagne et du c\u00f4t\u00e9 du Bayern Munich. Dans le nord de l\u2019Angleterre, le Colombien a retrouv\u00e9 Carlo Ancelotti, qui l\u2019avait fait venir \u00e0 Madrid et en Allemagne, et donc [&hellip;]<\/p>\n","protected":false},"author":1773,"featured_media":0,"comment_status":"closed","ping_status":"closed","sticky":false,"template":"","format":"standard","meta":{"fifu_image_url":"","fifu_image_alt":"","footnotes":""},"categories":[73,55],"tags":[],"class_list":["post-99525","post","type-post","status-publish","format-standard","hentry","category-actualite","category-tunisie"],"_links":{"self":[{"href":"https:\/\/linitiative.ca\/International\/wp-json\/wp\/v2\/posts\/99525","targetHints":{"allow":["GET"]}}],"collection":[{"href":"https:\/\/linitiative.ca\/International\/wp-json\/wp\/v2\/posts"}],"about":[{"href":"https:\/\/linitiative.ca\/International\/wp-json\/wp\/v2\/types\/post"}],"author":[{"embeddable":true,"href":"https:\/\/linitiative.ca\/International\/wp-json\/wp\/v2\/users\/1773"}],"replies":[{"embeddable":true,"href":"https:\/\/linitiative.ca\/International\/wp-json\/wp\/v2\/comments?post=99525"}],"version-history":[{"count":0,"href":"https:\/\/linitiative.ca\/International\/wp-json\/wp\/v2\/posts\/99525\/revisions"}],"wp:attachment":[{"href":"https:\/\/linitiative.ca\/International\/wp-json\/wp\/v2\/media?parent=99525"}],"wp:term":[{"taxonomy":"category","embeddable":true,"href":"https:\/\/linitiative.ca\/International\/wp-json\/wp\/v2\/categories?post=99525"},{"taxonomy":"post_tag","embeddable":true,"href":"https:\/\/linitiative.ca\/International\/wp-json\/wp\/v2\/tags?post=99525"}],"curies":[{"name":"wp","href":"https:\/\/api.w.org\/{rel}","templated":true}]}}