{"id":99527,"date":"2020-09-21T12:30:00","date_gmt":"2020-09-21T16:30:00","guid":{"rendered":"https:\/\/linitiative.ca\/International\/bale-arrive-blesse-a-tottenham-cetait-attendu-2\/"},"modified":"2020-09-21T12:30:00","modified_gmt":"2020-09-21T16:30:00","slug":"bale-arrive-blesse-a-tottenham-cetait-attendu-2","status":"publish","type":"post","link":"https:\/\/linitiative.ca\/International\/bale-arrive-blesse-a-tottenham-cetait-attendu-2\/","title":{"rendered":"Bale arrive bless\u00e9 \u00e0 Tottenham, c\u2019\u00e9tait attendu\u00a0!"},"content":{"rendered":"<p class=\"p1 c3\"><span class=\"c2\">D\u2019apr\u00e8s Marca, Gareth Bale s\u2019est bless\u00e9 en s\u00e9lection et manquera un mois de comp\u00e9tition, comme l\u2019a r\u00e9v\u00e9l\u00e9 la visite m\u00e9dicale du Gallois.<\/span><\/p>\n<p class=\"p1 c3\"><span class=\"c2\">Le\u00a0Real Madrid\u00a0va s\u2019enlever une belle \u00e9pine du pied : Gareth Bale est sur le point de partir ! Celui qui n\u2019entrait plus du tout dans les plans de Zin\u00e9dine Zidane, et qui semblait pr\u00e9f\u00e9rer le golf au foot dans la capitale espagnole,\u00a0devrait rejoindre Tottenham.<\/span><\/p>\n<p class=\"p1 c3\"><span class=\"c2\">Attention, le Real Madrid n\u2019est pas encore d\u00e9barrass\u00e9 du Gallois, qui demeure sous contrat jusqu\u2019en 2022 et d\u00e9barque uniquement sous la forme d\u2019un pr\u00eat au sein de son ancien club. Cela permettra aux Merengue d\u2019\u00e9conomiser son salaire, ou du moins de le partager, et surtout de d\u00e9sencombrer l\u2019infirmerie\u2026 o\u00f9 Bale serait encore \u00e0 l\u2019heure actuelle !<\/span><\/p>\n<p class=\"p2 c4\"><span class=\"c2\"><strong>Mourinho va devoir patienter\u2026<\/strong><\/span><\/p>\n<p class=\"p1 c3\"><span class=\"c2\">L\u2019ancien de\u00a0Tottenham\u00a0a pass\u00e9 sa visite m\u00e9dicale vendredi avec les Spurs et, selon les informations de Marca, celle-ci aurait r\u00e9v\u00e9l\u00e9 une blessure qui devrait l\u2019\u00e9loigner des terrains pour au moins un mois.<\/span><\/p>\n<p class=\"p1 c3\"><span class=\"c2\">Cette blessure date de la derni\u00e8re tr\u00eave internationale disput\u00e9e avec le\u00a0Pays de Galles, et cela explique \u00e9galement pourquoi Bale ne participait plus aux entra\u00eenements madril\u00e8nes. Jos\u00e9 Mourinho va devoir patienter avant de pouvoir utiliser sa nouvelle arme fatale.<\/span><\/p>\n<p>Auteur: letemps1<br \/>\n<a href=\"http:\/\/www.letemps.com.tn\/article\/117172\/bale-arrive-bless%C3%A9-%C3%A0-tottenham-c%E2%80%99%C3%A9tait-attendu%C2%A0\">Cliquez ici pour lire l&rsquo;article depuis sa source.<\/a><\/p>\n","protected":false},"excerpt":{"rendered":"<p>D\u2019apr\u00e8s Marca, Gareth Bale s\u2019est bless\u00e9 en s\u00e9lection et manquera un mois de comp\u00e9tition, comme l\u2019a r\u00e9v\u00e9l\u00e9 la visite m\u00e9dicale du Gallois. Le\u00a0Real Madrid\u00a0va s\u2019enlever une belle \u00e9pine du pied : Gareth Bale est sur le point de partir ! Celui qui n\u2019entrait plus du tout dans les plans de Zin\u00e9dine Zidane, et qui semblait [&hellip;]<\/p>\n","protected":false},"author":1773,"featured_media":0,"comment_status":"closed","ping_status":"closed","sticky":false,"template":"","format":"standard","meta":{"fifu_image_url":"","fifu_image_alt":"","footnotes":""},"categories":[73,55],"tags":[],"class_list":["post-99527","post","type-post","status-publish","format-standard","hentry","category-actualite","category-tunisie"],"_links":{"self":[{"href":"https:\/\/linitiative.ca\/International\/wp-json\/wp\/v2\/posts\/99527","targetHints":{"allow":["GET"]}}],"collection":[{"href":"https:\/\/linitiative.ca\/International\/wp-json\/wp\/v2\/posts"}],"about":[{"href":"https:\/\/linitiative.ca\/International\/wp-json\/wp\/v2\/types\/post"}],"author":[{"embeddable":true,"href":"https:\/\/linitiative.ca\/International\/wp-json\/wp\/v2\/users\/1773"}],"replies":[{"embeddable":true,"href":"https:\/\/linitiative.ca\/International\/wp-json\/wp\/v2\/comments?post=99527"}],"version-history":[{"count":0,"href":"https:\/\/linitiative.ca\/International\/wp-json\/wp\/v2\/posts\/99527\/revisions"}],"wp:attachment":[{"href":"https:\/\/linitiative.ca\/International\/wp-json\/wp\/v2\/media?parent=99527"}],"wp:term":[{"taxonomy":"category","embeddable":true,"href":"https:\/\/linitiative.ca\/International\/wp-json\/wp\/v2\/categories?post=99527"},{"taxonomy":"post_tag","embeddable":true,"href":"https:\/\/linitiative.ca\/International\/wp-json\/wp\/v2\/tags?post=99527"}],"curies":[{"name":"wp","href":"https:\/\/api.w.org\/{rel}","templated":true}]}}