{"id":99528,"date":"2020-09-21T03:52:39","date_gmt":"2020-09-21T07:52:39","guid":{"rendered":"https:\/\/linitiative.ca\/International\/plus-de-15-million-de-tunisiens-exercent-dans-le-secteur-informel\/"},"modified":"2020-09-21T03:52:39","modified_gmt":"2020-09-21T07:52:39","slug":"plus-de-15-million-de-tunisiens-exercent-dans-le-secteur-informel","status":"publish","type":"post","link":"https:\/\/linitiative.ca\/International\/plus-de-15-million-de-tunisiens-exercent-dans-le-secteur-informel\/","title":{"rendered":"Plus de 1,5 million de Tunisiens exercent dans le secteur informel"},"content":{"rendered":"<h2>Plus de 1,5 million de Tunisiens ont travaill\u00e9 dans le secteur informel au cours du 4e trimestre de l\u2019ann\u00e9e 2019. Ce qui<\/h2>\n<h2>repr\u00e9sente 44% de la totalit\u00e9 du nombre des travailleurs. Telle \u00e9tait l\u2019enqu\u00eate de l\u2019institut national de la statistique sur<\/h2>\n<h2>\u00ab\u00a0les indicateurs de l\u2019emploi informel pour l\u2019ann\u00e9e 2019\u00a0\u00bb.<\/h2>\n<p class=\"news_item_view_plain_text\">Autrement dit, de plus en plus de Tunisiens dans le secteur informel. Ce communiqu\u00e9 indique que le travail informel inclut les personnes \u00e2g\u00e9es de 15 ans et plus. Il est \u00e0 noter que ces salari\u00e9s ne b\u00e9n\u00e9ficient ni de couverture sociale et sanitaire, ni de cong\u00e9 annuel ou de maladie pay\u00e9s et ceux travaillant \u00e0 leur propre compte.<\/p>\n<p class=\"news_item_view_plain_text\">Par ailleurs, l\u2019enqu\u00eate nationale sur la population et l\u2019emploi, r\u00e9alis\u00e9e par l\u2019<a href=\"http:\/\/www.ins.tn\/\">institut<\/a>\u00a0national de la statistique a d\u00e9voil\u00e9 que l\u2019agriculture et la p\u00eache occupent le premier rang du secteur informel (85 %). Et\u00a0 suivi de la construction et des travaux publics (69,2 %), outre les activit\u00e9s commerciales (64,7 % ).<\/p>\n<p class=\"news_item_view_plain_text\">En clair, le travail informel repr\u00e9sente 35% de la totalit\u00e9 des activit\u00e9s des services. Ce qui\u00a0 englobe le commerce et transports, les communications, l\u2019h\u00f4tellerie, la restauration, l\u2019\u00e9ducation, la sant\u00e9 et les services administratifs.<\/p>\n<p class=\"news_item_view_plain_text\">De ce fait, les personnes travaillant dans le secteur informel sont r\u00e9parties entre 810 mille\u00a0<a href=\"http:\/\/www.leconomistemaghrebin.com\/2020\/05\/15\/cgtt-appelle-creation-fonds-salaries-chomeurs\/\">salari\u00e9s<\/a>\u00a0contre 680 mille travaillant \u00e0 leur propre compte et 95 mille aides familiaux.<\/p>\n<div class=\"wp-post-author-wrap wp-post-author-shortcode left\">\n<h3 class=\"awpa-title\"\/>\n<div class=\"wp-post-author\">\n<div class=\"awpa-img awpa-author-block square\"><a href=\"http:\/\/lexpertjournal.net\/fr\/?author=5\"><img loading=\"lazy\" decoding=\"async\" alt=\"\" src=\"http:\/\/0.gravatar.com\/avatar\/97f8e10a1c1125ba104a76514ee07b16?s=150&amp;d=mm&amp;r=g\" srcset=\"http:\/\/0.gravatar.com\/avatar\/97f8e10a1c1125ba104a76514ee07b16?s=300&amp;d=mm&amp;r=g 2x\" class=\"avatar avatar-150 photo\" height=\"150\" width=\"150\"\/><\/a><\/div>\n<\/div>\n<\/div>\n<aside class=\"mashsb-container mashsb-main mashsb-stretched\">\n<\/aside>\n<p>Auteur: L&rsquo;expert<br \/>\n<a href=\"http:\/\/lexpertjournal.net\/fr\/?p=16634\">Cliquez ici pour lire l&rsquo;article depuis sa source.<\/a><\/p>\n","protected":false},"excerpt":{"rendered":"<p>Plus de 1,5 million de Tunisiens ont travaill\u00e9 dans le secteur informel au cours du 4e trimestre de l\u2019ann\u00e9e 2019. Ce qui repr\u00e9sente 44% de la totalit\u00e9 du nombre des travailleurs. Telle \u00e9tait l\u2019enqu\u00eate de l\u2019institut national de la statistique sur \u00ab\u00a0les indicateurs de l\u2019emploi informel pour l\u2019ann\u00e9e 2019\u00a0\u00bb. Autrement dit, de plus en plus [&hellip;]<\/p>\n","protected":false},"author":1775,"featured_media":0,"comment_status":"closed","ping_status":"closed","sticky":false,"template":"","format":"standard","meta":{"fifu_image_url":"","fifu_image_alt":"","footnotes":""},"categories":[78,55],"tags":[],"class_list":["post-99528","post","type-post","status-publish","format-standard","hentry","category-economie","category-tunisie"],"_links":{"self":[{"href":"https:\/\/linitiative.ca\/International\/wp-json\/wp\/v2\/posts\/99528","targetHints":{"allow":["GET"]}}],"collection":[{"href":"https:\/\/linitiative.ca\/International\/wp-json\/wp\/v2\/posts"}],"about":[{"href":"https:\/\/linitiative.ca\/International\/wp-json\/wp\/v2\/types\/post"}],"author":[{"embeddable":true,"href":"https:\/\/linitiative.ca\/International\/wp-json\/wp\/v2\/users\/1775"}],"replies":[{"embeddable":true,"href":"https:\/\/linitiative.ca\/International\/wp-json\/wp\/v2\/comments?post=99528"}],"version-history":[{"count":0,"href":"https:\/\/linitiative.ca\/International\/wp-json\/wp\/v2\/posts\/99528\/revisions"}],"wp:attachment":[{"href":"https:\/\/linitiative.ca\/International\/wp-json\/wp\/v2\/media?parent=99528"}],"wp:term":[{"taxonomy":"category","embeddable":true,"href":"https:\/\/linitiative.ca\/International\/wp-json\/wp\/v2\/categories?post=99528"},{"taxonomy":"post_tag","embeddable":true,"href":"https:\/\/linitiative.ca\/International\/wp-json\/wp\/v2\/tags?post=99528"}],"curies":[{"name":"wp","href":"https:\/\/api.w.org\/{rel}","templated":true}]}}