{"id":99531,"date":"2020-09-21T03:54:51","date_gmt":"2020-09-21T07:54:51","guid":{"rendered":"https:\/\/linitiative.ca\/International\/le-marche-aligne-une-quatrieme-semaine-haussiere-de-suite-2\/"},"modified":"2020-09-21T03:54:51","modified_gmt":"2020-09-21T07:54:51","slug":"le-marche-aligne-une-quatrieme-semaine-haussiere-de-suite-2","status":"publish","type":"post","link":"https:\/\/linitiative.ca\/International\/le-marche-aligne-une-quatrieme-semaine-haussiere-de-suite-2\/","title":{"rendered":"Le march\u00e9 aligne une quatri\u00e8me semaine haussi\u00e8re de suite"},"content":{"rendered":"<h2>Sur sa lanc\u00e9e, le march\u00e9 a align\u00e9 une quatri\u00e8me semaine haussi\u00e8re de suite. L\u2019indice de r\u00e9f\u00e9rence a progress\u00e9 de<\/h2>\n<h2>0,3% \u00e0 6881,57 points, effa\u00e7ant ainsi une partie de sa contreperformance annuelle (une baisse de 3,4% \u00e0 ce jour).<\/h2>\n<p class=\"news_item_view_plain_text\">Selon l\u2019analyse hebdomadaire du\u00a0<a href=\"http:\/\/www.bvmt.com.tn\/fr\/marches\">march\u00e9 boursier<\/a>, de l\u2019interm\u00e9diaire en bourse, Tunisie Valeurs, les volumes ont affich\u00e9 une certaine accalmie comparativement \u00e0 la semaine du 11 septembre. Pr\u00e8s de 26 millions de dinars (MD) ont \u00e9t\u00e9 transig\u00e9s sur le march\u00e9, soit une moyenne quotidienne de 5 MD.<\/p>\n<p class=\"news_item_view_plain_text\">A noter que la s\u00e9ance du lundi a connu la r\u00e9alisation d\u2019une transaction de bloc sur le titre Poulina Group Holding pour 2,8 MD.<\/p>\n<h2 class=\"news_item_view_plain_text\">Analyse des valeurs<\/h2>\n<p class=\"news_item_view_plain_text\">\u00b7 Le titre\u00a0<a href=\"http:\/\/www.leconomistemaghrebin.com\/2020\/07\/01\/atl-leasing-2021-annee-decollage-amelioration-indicateurs\/\">ATL<\/a>\u00a0s\u2019est offert la meilleure performance de la semaine. L\u2019action s\u2019est envol\u00e9e de 24% \u00e0 1,760 D, en drainant des capitaux de 124 mille dinars. La performance annuelle du leasing a, ainsi, bascul\u00e9 en territoire positif (une avanc\u00e9e de 3,5%).<\/p>\n<p class=\"news_item_view_plain_text\">\u00b7 Le titre CEREALIS a figur\u00e9 parmi les plus grands gagnants de la semaine. Dans un volume de 232 mille dinars, l\u2019action du sp\u00e9cialiste des snacks sal\u00e9s et sucr\u00e9s a bondi de 7,2% \u00e0 7,610 D.<\/p>\n<p class=\"news_item_view_plain_text\">Malgr\u00e9 la crise du COVID-19, la soci\u00e9t\u00e9 m\u00e8re du groupe a connu un bon d\u00e9marrage en 2020: une croissance des revenus de 7% \u00e0 7,5 MD et une appr\u00e9ciation du b\u00e9n\u00e9fice net de 45% \u00e0 1,3 MD.<\/p>\n<p class=\"news_item_view_plain_text\">\u00b7 AMS a sign\u00e9 la moins bonne performance de la semaine. Dans de tr\u00e8s faibles \u00e9changes de 2 mille dinars, le sp\u00e9cialiste de la robinetterie et de la casserolerie a perdu 20% de sa capitalisation \u00e0 7 MD. La reprise de l\u2019activit\u00e9 annonc\u00e9e pour le lundi 14 septembre 2020 n\u2019a finalement pas eu lieu.<\/p>\n<p class=\"news_item_view_plain_text\">\u00b7 \u00c9galement dans le rouge, le titre SOMOCER a d\u00e9viss\u00e9 de 12% \u00e0 0,990 D. La valeur a amass\u00e9 des capitaux de 1,2 MD sur la semaine.<\/p>\n<p class=\"news_item_view_plain_text\">\u00b7 Terminant dans le vert (+0,7% \u00e0 13,590 D), le titre SAH Lilas s\u2019est plac\u00e9 au premier rang dans le tableau des \u00e9changes avec un flux hebdomadaire de 4,8 MD.<\/p>\n<div class=\"wp-post-author-wrap wp-post-author-shortcode left\">\n<h3 class=\"awpa-title\"\/>\n<div class=\"wp-post-author\">\n<div class=\"awpa-img awpa-author-block square\"><a href=\"http:\/\/lexpertjournal.net\/fr\/?author=5\"><img loading=\"lazy\" decoding=\"async\" alt=\"\" src=\"http:\/\/0.gravatar.com\/avatar\/97f8e10a1c1125ba104a76514ee07b16?s=150&amp;d=mm&amp;r=g\" srcset=\"http:\/\/0.gravatar.com\/avatar\/97f8e10a1c1125ba104a76514ee07b16?s=300&amp;d=mm&amp;r=g 2x\" class=\"avatar avatar-150 photo\" height=\"150\" width=\"150\"\/><\/a><\/div>\n<\/div>\n<\/div>\n<aside class=\"mashsb-container mashsb-main mashsb-stretched\">\n<\/aside>\n<p>Auteur: L&rsquo;expert<br \/>\n<a href=\"http:\/\/lexpertjournal.net\/fr\/?p=16637\">Cliquez ici pour lire l&rsquo;article depuis sa source.<\/a><\/p>\n","protected":false},"excerpt":{"rendered":"<p>Sur sa lanc\u00e9e, le march\u00e9 a align\u00e9 une quatri\u00e8me semaine haussi\u00e8re de suite. L\u2019indice de r\u00e9f\u00e9rence a progress\u00e9 de 0,3% \u00e0 6881,57 points, effa\u00e7ant ainsi une partie de sa contreperformance annuelle (une baisse de 3,4% \u00e0 ce jour). Selon l\u2019analyse hebdomadaire du\u00a0march\u00e9 boursier, de l\u2019interm\u00e9diaire en bourse, Tunisie Valeurs, les volumes ont affich\u00e9 une certaine [&hellip;]<\/p>\n","protected":false},"author":1775,"featured_media":0,"comment_status":"closed","ping_status":"closed","sticky":false,"template":"","format":"standard","meta":{"fifu_image_url":"","fifu_image_alt":"","footnotes":""},"categories":[78,55],"tags":[],"class_list":["post-99531","post","type-post","status-publish","format-standard","hentry","category-economie","category-tunisie"],"_links":{"self":[{"href":"https:\/\/linitiative.ca\/International\/wp-json\/wp\/v2\/posts\/99531","targetHints":{"allow":["GET"]}}],"collection":[{"href":"https:\/\/linitiative.ca\/International\/wp-json\/wp\/v2\/posts"}],"about":[{"href":"https:\/\/linitiative.ca\/International\/wp-json\/wp\/v2\/types\/post"}],"author":[{"embeddable":true,"href":"https:\/\/linitiative.ca\/International\/wp-json\/wp\/v2\/users\/1775"}],"replies":[{"embeddable":true,"href":"https:\/\/linitiative.ca\/International\/wp-json\/wp\/v2\/comments?post=99531"}],"version-history":[{"count":0,"href":"https:\/\/linitiative.ca\/International\/wp-json\/wp\/v2\/posts\/99531\/revisions"}],"wp:attachment":[{"href":"https:\/\/linitiative.ca\/International\/wp-json\/wp\/v2\/media?parent=99531"}],"wp:term":[{"taxonomy":"category","embeddable":true,"href":"https:\/\/linitiative.ca\/International\/wp-json\/wp\/v2\/categories?post=99531"},{"taxonomy":"post_tag","embeddable":true,"href":"https:\/\/linitiative.ca\/International\/wp-json\/wp\/v2\/tags?post=99531"}],"curies":[{"name":"wp","href":"https:\/\/api.w.org\/{rel}","templated":true}]}}