{"id":99532,"date":"2020-09-21T03:57:33","date_gmt":"2020-09-21T07:57:33","guid":{"rendered":"https:\/\/linitiative.ca\/International\/la-coree-fait-don-de-273-kits-de-depistage-a-la-tunisie\/"},"modified":"2020-09-21T03:57:33","modified_gmt":"2020-09-21T07:57:33","slug":"la-coree-fait-don-de-273-kits-de-depistage-a-la-tunisie","status":"publish","type":"post","link":"https:\/\/linitiative.ca\/International\/la-coree-fait-don-de-273-kits-de-depistage-a-la-tunisie\/","title":{"rendered":"La Cor\u00e9e fait don de 273 kits de d\u00e9pistage \u00e0 la Tunisie"},"content":{"rendered":"<h2>Le minist\u00e8re des Affaires \u00e9trang\u00e8res cor\u00e9en fait don de 273 kits de d\u00e9pistage de la marque cor\u00e9enne Seegene<\/h2>\n<h2>(capacit\u00e9 de d\u00e9pistage de la Covid-19 s\u2019\u00e9levant \u00e0 27.300) du type RT-PCR, au Gouvernement tunisien. Affirme<\/h2>\n<h2>l\u2019Ambassade de la R\u00e9publique de Cor\u00e9e en Tunisie, dans un communiqu\u00e9 rendu public aujourd\u2019hui, 18 septembre.<\/h2>\n<p>L\u2019ambassade affirme que ce don s\u2019inscrit dans le cadre des relations d\u2019amiti\u00e9 et de coop\u00e9ration bilat\u00e9rales. La m\u00eame source indique que lesdits kits de d\u00e9pistage arriveront \u00e0 l\u2019a\u00e9roport Tunis-Carthage au matin du lundi 21 septembre 2020. D\u2019ailleurs, \u00e0 l\u2019occasion, une r\u00e9ception se tiendra en pr\u00e9sence de SE Cho Koo Rae, Ambassadeur de Cor\u00e9e en Tunisie ainsi qu\u2019un groupe de hautes personnalit\u00e9s tunisiennes repr\u00e9sentant les diff\u00e9rents minist\u00e8res concern\u00e9s tels que les Affaires \u00e9trang\u00e8res, la D\u00e9fense nationale.<\/p>\n<p>Par ailleurs, l\u2019Ambassade pr\u00e9cise que l\u2019arrivage desdits kits de d\u00e9pistage fait partie de la contribution \u00e0 la prise de mesures de riposte \u00e0 la Covid-19 engag\u00e9e par le Gouvernement tunisien depuis le d\u00e9but de l\u2019ann\u00e9e en cours.<\/p>\n<p>Par ailleurs, il ne s\u2019agit pas du premier don ni de la premi\u00e8re assistance fournie par la partie sud-cor\u00e9enne dans le cadre de la lutte contre la Covid-19.<\/p>\n<h2>Mobilisation des Sud-Cor\u00e9ens en Tunisie en faveur des \u00e9tudiants tunisiens avec plusieurs dons<\/h2>\n<p>En faveur des \u00e9tudiants tunisiens se trouvant en situation difficile \u00e0 cause de la Covid-19, la communaut\u00e9 cor\u00e9enne en Tunisie a fait don le mardi 2 juin 2020, avec l\u2019aimable concours de l\u2019Association des anciens \u00e9tudiants de la KOICA (fonctionnaires tunisiens qui ont suivi des formations en Cor\u00e9e), d\u2019un lot de 150 tablettes \u00e9ducatives au gouvernement tunisien. D\u2019ailleurs, il convient de rappeler que la communaut\u00e9 cor\u00e9enne en Tunisie est constitu\u00e9e d\u2019environ 150 personnes et chacune d\u2019entre elles a r\u00e9pondu pr\u00e9sent spontan\u00e9ment pour la collecte du don (donation baptis\u00e9e \u00ab 1 tablette par personne \u00bb).<\/p>\n<h2>Un partage d\u2019exp\u00e9rience dans le domaine de la ma\u00eetrise de la pand\u00e9mie avec le gouvernement tunisien<\/h2>\n<ul>\n<li>Notamment, par la pr\u00e9sentation exclusive des exp\u00e9riences cor\u00e9ennes au cours d\u2019une vid\u00e9o-conf\u00e9rence, organis\u00e9e le 7 avril, entre l\u2019\u00e9quipe m\u00e9dicale de l\u2019H\u00f4pital Bundang de l\u2019Universit\u00e9 Nationale de S\u00e9oul et les membres du Comit\u00e9 d\u2019Experts tunisiens au sein du Minist\u00e8re de la Sant\u00e9.<\/li>\n<li>Et \u00e9galement des informations utiles relatives aux fabricants cor\u00e9ens priv\u00e9s, sp\u00e9cialis\u00e9s en \u00e9quipements sanitaires. Ce qui a induit le gouvernement tunisien \u00e0 importer des kits de d\u00e9pistage rapide.<\/li>\n<\/ul>\n<h2>Task Force cor\u00e9enne pour inciter la mobilisation internationale<\/h2>\n<p>En instaurant une nouvelle \u00e9quipe de travail (Task Force) d\u00e9di\u00e9e \u00e0 une riposte sanitaire efficace pour contrecarrer la pand\u00e9mie de la Covid-19, et dans le but d\u2019aider d\u2019autres pays en difficult\u00e9, le gouvernement cor\u00e9en continue de collaborer avec la communaut\u00e9 internationale, y compris les institutions internationales telles que l\u2019ONU (dans le cadre de la coop\u00e9ration multilat\u00e9rale), tout en partageant avec elles les fruits de ses exp\u00e9riences et savoir.<\/p>\n<ul>\n<li>Ladite Task Force nationale cor\u00e9enne s\u2019efforce de partager ses exp\u00e9riences sanitaires et les outils de sa ma\u00eetrise r\u00e9ussie de la pand\u00e9mie de la Covid-19 avec les autorit\u00e9s sanitaires comp\u00e9tentes d\u2019autres pays, \u00e0 travers des vid\u00e9o-conf\u00e9rences (webinaire) ainsi que les documents sur la politique sanitaire et les dispositifs efficaces.<\/li>\n<li>La Task Force s\u2019efforce \u00e9galement de mobiliser la communaut\u00e9 internationale pour une coop\u00e9ration plus \u00e9troite. Par exemple, pr\u00e9sider au coup d\u2019envoi du Groupe des pays amis en faveur de l\u2019\u00c9ducation des citoyens du monde au sein de l\u2019UNESCO, mais aussi aupr\u00e8s de l\u2019ONU, l\u2019OMS, etc.<\/li>\n<\/ul>\n<h2>Quand le gouvernement cor\u00e9en assiste l\u2019Afrique<\/h2>\n<p>Le gouvernement cor\u00e9en est en train d\u2019assister les pays africains en leur fournissant les \u00e9quipements sanitaires par le biais de ses relations de coop\u00e9ration avec l\u2019OMS et l\u2019Union Africaine.<\/p>\n<h2>Le secteur priv\u00e9 s\u2019y met aussi<\/h2>\n<p>La soci\u00e9t\u00e9\u00a0<a href=\"https:\/\/www.samsung.com\/us\/\" target=\"_blank\" rel=\"noopener noreferrer\">Samsung Tunisie<\/a>\u00a0a \u00e9galement fait don aux autorit\u00e9s sanitaires tunisiennes, d\u2019une centaine de lits m\u00e9dicaux, des fournitures et \u00e9quipements pour 250 lits, des pousse-seringues, 6000 masques FFP2 ainsi que 8300 masques chirurgicaux au profit du Conseil National de l\u2019Ordre des M\u00e9decins. Ainsi qu\u2019une centaine de Smartphones haut de gamme pour les centres destin\u00e9s au traitement des patients atteints de la Covid-19.<\/p>\n<div class=\"wp-post-author-wrap wp-post-author-shortcode left\">\n<h3 class=\"awpa-title\"\/>\n<div class=\"wp-post-author\">\n<div class=\"awpa-img awpa-author-block square\"><a href=\"http:\/\/lexpertjournal.net\/fr\/?author=5\"><img loading=\"lazy\" decoding=\"async\" alt=\"\" src=\"http:\/\/0.gravatar.com\/avatar\/97f8e10a1c1125ba104a76514ee07b16?s=150&amp;d=mm&amp;r=g\" srcset=\"http:\/\/0.gravatar.com\/avatar\/97f8e10a1c1125ba104a76514ee07b16?s=300&amp;d=mm&amp;r=g 2x\" class=\"avatar avatar-150 photo\" height=\"150\" width=\"150\"\/><\/a><\/div>\n<\/div>\n<\/div>\n<aside class=\"mashsb-container mashsb-main mashsb-stretched\">\n<\/aside>\n<p>Auteur: L&rsquo;expert<br \/>\n<a href=\"http:\/\/lexpertjournal.net\/fr\/?p=16640\">Cliquez ici pour lire l&rsquo;article depuis sa source.<\/a><\/p>\n","protected":false},"excerpt":{"rendered":"<p>Le minist\u00e8re des Affaires \u00e9trang\u00e8res cor\u00e9en fait don de 273 kits de d\u00e9pistage de la marque cor\u00e9enne Seegene (capacit\u00e9 de d\u00e9pistage de la Covid-19 s\u2019\u00e9levant \u00e0 27.300) du type RT-PCR, au Gouvernement tunisien. Affirme l\u2019Ambassade de la R\u00e9publique de Cor\u00e9e en Tunisie, dans un communiqu\u00e9 rendu public aujourd\u2019hui, 18 septembre. L\u2019ambassade affirme que ce don [&hellip;]<\/p>\n","protected":false},"author":1775,"featured_media":0,"comment_status":"closed","ping_status":"closed","sticky":false,"template":"","format":"standard","meta":{"fifu_image_url":"","fifu_image_alt":"","footnotes":""},"categories":[78,55],"tags":[],"class_list":["post-99532","post","type-post","status-publish","format-standard","hentry","category-economie","category-tunisie"],"_links":{"self":[{"href":"https:\/\/linitiative.ca\/International\/wp-json\/wp\/v2\/posts\/99532","targetHints":{"allow":["GET"]}}],"collection":[{"href":"https:\/\/linitiative.ca\/International\/wp-json\/wp\/v2\/posts"}],"about":[{"href":"https:\/\/linitiative.ca\/International\/wp-json\/wp\/v2\/types\/post"}],"author":[{"embeddable":true,"href":"https:\/\/linitiative.ca\/International\/wp-json\/wp\/v2\/users\/1775"}],"replies":[{"embeddable":true,"href":"https:\/\/linitiative.ca\/International\/wp-json\/wp\/v2\/comments?post=99532"}],"version-history":[{"count":0,"href":"https:\/\/linitiative.ca\/International\/wp-json\/wp\/v2\/posts\/99532\/revisions"}],"wp:attachment":[{"href":"https:\/\/linitiative.ca\/International\/wp-json\/wp\/v2\/media?parent=99532"}],"wp:term":[{"taxonomy":"category","embeddable":true,"href":"https:\/\/linitiative.ca\/International\/wp-json\/wp\/v2\/categories?post=99532"},{"taxonomy":"post_tag","embeddable":true,"href":"https:\/\/linitiative.ca\/International\/wp-json\/wp\/v2\/tags?post=99532"}],"curies":[{"name":"wp","href":"https:\/\/api.w.org\/{rel}","templated":true}]}}