{"id":99535,"date":"2020-09-21T05:06:38","date_gmt":"2020-09-21T09:06:38","guid":{"rendered":"https:\/\/linitiative.ca\/International\/fakhfakh-fait-table-rase-de-ses-ennemis-linlucc-ou-la-goutte-qui-fait-deborder-le-vase-2\/"},"modified":"2020-09-21T05:06:38","modified_gmt":"2020-09-21T09:06:38","slug":"fakhfakh-fait-table-rase-de-ses-ennemis-linlucc-ou-la-goutte-qui-fait-deborder-le-vase-2","status":"publish","type":"post","link":"https:\/\/linitiative.ca\/International\/fakhfakh-fait-table-rase-de-ses-ennemis-linlucc-ou-la-goutte-qui-fait-deborder-le-vase-2\/","title":{"rendered":"Fakhfakh fait table rase de ses ennemis :  L\u2019INLUCC ou la goutte qui fait d\u00e9border le vase"},"content":{"rendered":"<p><strong><em>Pour ses derniers jours compt\u00e9s \u00e0 la t\u00eate d\u2019un gouvernement de gestion des affaires courantes, Ely\u00e8s Fakhfakh n\u2019y est pas all\u00e9 de mainmorte. Profitant de la p\u00e9riode que lui accorde une Constitution floue et boiteuse, il ne s\u2019est pas g\u00ean\u00e9 pour \u00e9vincer ceux qu\u2019ils consid\u00e8rent comme \u00e9tant \u00e0 la base de son \u00e9viction et de ses probl\u00e8mes.<\/em><\/strong><\/p>\n<p>La vengeance est un plat qui ne se mange pas froid, et Fakhfakh a commenc\u00e9 par se d\u00e9barrasser des ministres du mouvement Ennahdha \u2013et c\u2019est de bonne guerre- puisque ce mouvement islamiste cachait l\u2019affaire du conflit dans sa manche, pour la faire ressurgir, parce que le chef du gouvernement n\u2019avait pas pli\u00e9 \u00e0 ses d\u00e9sirs.<\/p>\n<p>Pourtant, c\u2019est dommage qu\u2019il ne se soit pas arr\u00eat\u00e9 \u00e0 cette d\u00e9cision applaudie par une grande partie du peuple tunisien qui en avait marre de ce diktat de Ghannouchi et ses supp\u00f4ts. Mais, il est all\u00e9, encore, plus loin en voulant faire payer \u00e0 Chawki Tabib ses attaques qui semblent, aussi, douteuses. Il l\u2019a purement et simplement d\u00e9mis de ses fonctions de pr\u00e9sident de l\u2019Instance nationale pour la lutte contre la corruption (INLUCC). Le hic est que Tabib a refus\u00e9 d\u2019obtemp\u00e9rer, d\u2019ailleurs \u00e0 juste raison, puisque cette instance est ind\u00e9pendante, de par la loi, et que le mandat de son pr\u00e9sident doit durer, bon an, mal an, pas moins de six ans, sans quoi, cela permet de douter de l\u2019ind\u00e9pendance de cette instance.<\/p>\n<p>Le remplacement de Tabib, \u00e0 la direction de l\u2019Instance nationale de lutte contre la Corruption (INLUCC) n\u2019est pas du go\u00fbt de nombreux responsables, surtout ceux des autres instances constitutionnelles. Il y a une certaine odeur de vengeance, surtout au niveau de l\u2019enqu\u00eate men\u00e9e par cette instance, dans l\u2019affaire du conflit d\u2019int\u00e9r\u00eat dans laquelle est accus\u00e9 le chef du gouvernement sortant o\u00f9 Tabib est accus\u00e9 d\u2019avoir fait \u00ab\u00a0fuiter\u00a0\u00bb les r\u00e9sultats pr\u00e9liminaires de cette enqu\u00eate et d\u2019avoir remis le dossier au mouvement Ennahdha qui se serait empress\u00e9e de d\u00e9voiler le contenu.<\/p>\n<p>Cette affaire continue \u00e0 provoquer des remous et Imed Boukhris qui vient d\u2019\u00eatre nomm\u00e9 \u00e0 la t\u00eate de l\u2019Instance, en remplacement de Chawki Tabib a d\u00e9clar\u00e9 jeudi ne pas pouvoir prendre ses fonctions dans la mesure ou Tabib a rejet\u00e9 la d\u00e9cision de sa r\u00e9vocation. Ce dernier a demand\u00e9 d\u2019attendre la d\u00e9cision de la justice au sujet du recours d\u00e9pos\u00e9. Il a indiqu\u00e9 avoir re\u00e7u une copie du recours intent\u00e9 par Chawki Tabib, aupr\u00e8s du Tribunal Administratif.<\/p>\n<p>Dans un message \u00e0 l\u2019intention de l\u2019opinion publique publi\u00e9 jeudi, Tabib explique, de son cot\u00e9, qu\u2019une plainte sign\u00e9e par l\u2019actuel et d\u2019anciens b\u00e2tonniers ainsi qu\u2019un groupe d\u2019avocats, a \u00e9t\u00e9 d\u00e9pos\u00e9e aupr\u00e8s du TA dans laquelle ils appellent \u00e0 suspendre la d\u00e9cision de r\u00e9vocation. Tabib a soulign\u00e9 qu\u2019il ne quittera pas son poste avant que la justice ne statue sur le recours.<\/p>\n<p>Concernant la d\u00e9cision du ministre de la Fonction publique, de la Gouvernance et de la lutte contre la Corruption d\u2019assurer le contr\u00f4le de l\u2019Instance, Chawki Tabib a tenu \u00e0 pr\u00e9ciser que le contr\u00f4le administratif et financier de l\u2019INLUCC est du ressort de la Cour des Comptes. Pour lui, cette d\u00e9cision est en conformit\u00e9 avec les dispositions du d\u00e9cret-loi cadre n\u00b0 120 portant cr\u00e9ation de l\u2019instance et de la loi organique 47\/2018 sur les dispositions communes entre les instances constitutionnelles ind\u00e9pendantes ainsi que la loi sur la Cour des Compte (41\/2019).<\/p>\n<p>Plus t\u00f4t dans la journ\u00e9e, la pr\u00e9sidence du gouvernement a pr\u00e9cis\u00e9 que la nomination du juge Imed Boukhris a \u00e9t\u00e9 d\u00e9cid\u00e9e dans le respect des dispositions du d\u00e9cret-loi relatif \u00e0 la lutte contre la corruption et en vertu du d\u00e9cret gouvernemental 164\/2016 comme il a \u00e9t\u00e9 le cas dans la nomination de Tabib \u00e0 ce poste.<\/p>\n<p>Et d\u2019ajouter que cette d\u00e9cision s\u2019inscrit dans le cadre de l\u2019exercice par le chef du gouvernement de ses pr\u00e9rogatives constitutionnelles et son souci de tenir l\u2019instance loin des tiraillements politiques.<\/p>\n<p>Les pr\u00e9sidents de sept instances ind\u00e9pendantes avaient exprim\u00e9 mardi leur refus de la d\u00e9cision du chef du gouvernement charg\u00e9 des affaires courantes Elyes Fakhfakh de d\u00e9mettre Chawki Tabib de ses fonctions la qualifiant de contraire aux bons usages et est de nature \u00e0 compromettre la relation entre l\u2019Ex\u00e9cutif et les instances ind\u00e9pendantes.<\/p>\n<p>Ce nouveau conflit vient ajouter de l\u2019eau au moulin, parce qu\u2019il va mettre en veilleuse tous les travaux de l\u2019INLUCC, cens\u00e9e lutter contre la corruption, ce qui va arranger les affaires de nombreuses personnes douteuses qui vont exploiter cette tr\u00eave, pour accomplir davantage de m\u00e9faits.<\/p>\n<p>Certes, ce limogeage en dit long sur la volont\u00e9 de faire taire tous ceux qui ont quelque chose \u00e0 dire contre le chef du gouvernement sortant, mais, la justice va dire, bient\u00f4t, son mot, et il est certain qu\u2019au cas o\u00f9 on prouve qu\u2019il y a conflit d\u2019int\u00e9r\u00eats, Fakhfakh paiera la lourde facture.<\/p>\n<div class=\"wp-post-author-wrap wp-post-author-shortcode left\">\n<h3 class=\"awpa-title\"\/>\n<div class=\"wp-post-author\">\n<div class=\"awpa-img awpa-author-block square\"><a href=\"http:\/\/lexpertjournal.net\/fr\/?author=5\"><img loading=\"lazy\" decoding=\"async\" alt=\"\" src=\"http:\/\/0.gravatar.com\/avatar\/97f8e10a1c1125ba104a76514ee07b16?s=150&amp;d=mm&amp;r=g\" srcset=\"http:\/\/0.gravatar.com\/avatar\/97f8e10a1c1125ba104a76514ee07b16?s=300&amp;d=mm&amp;r=g 2x\" class=\"avatar avatar-150 photo\" height=\"150\" width=\"150\"\/><\/a><\/div>\n<\/div>\n<\/div>\n<aside class=\"mashsb-container mashsb-main mashsb-stretched\">\n<\/aside>\n<p>Auteur: L&rsquo;expert<br \/>\n<a href=\"http:\/\/lexpertjournal.net\/fr\/?p=16647\">Cliquez ici pour lire l&rsquo;article depuis sa source.<\/a><\/p>\n","protected":false},"excerpt":{"rendered":"<p>Pour ses derniers jours compt\u00e9s \u00e0 la t\u00eate d\u2019un gouvernement de gestion des affaires courantes, Ely\u00e8s Fakhfakh n\u2019y est pas all\u00e9 de mainmorte. Profitant de la p\u00e9riode que lui accorde une Constitution floue et boiteuse, il ne s\u2019est pas g\u00ean\u00e9 pour \u00e9vincer ceux qu\u2019ils consid\u00e8rent comme \u00e9tant \u00e0 la base de son \u00e9viction et de [&hellip;]<\/p>\n","protected":false},"author":1775,"featured_media":0,"comment_status":"closed","ping_status":"closed","sticky":false,"template":"","format":"standard","meta":{"fifu_image_url":"","fifu_image_alt":"","footnotes":""},"categories":[78,55],"tags":[],"class_list":["post-99535","post","type-post","status-publish","format-standard","hentry","category-economie","category-tunisie"],"_links":{"self":[{"href":"https:\/\/linitiative.ca\/International\/wp-json\/wp\/v2\/posts\/99535","targetHints":{"allow":["GET"]}}],"collection":[{"href":"https:\/\/linitiative.ca\/International\/wp-json\/wp\/v2\/posts"}],"about":[{"href":"https:\/\/linitiative.ca\/International\/wp-json\/wp\/v2\/types\/post"}],"author":[{"embeddable":true,"href":"https:\/\/linitiative.ca\/International\/wp-json\/wp\/v2\/users\/1775"}],"replies":[{"embeddable":true,"href":"https:\/\/linitiative.ca\/International\/wp-json\/wp\/v2\/comments?post=99535"}],"version-history":[{"count":0,"href":"https:\/\/linitiative.ca\/International\/wp-json\/wp\/v2\/posts\/99535\/revisions"}],"wp:attachment":[{"href":"https:\/\/linitiative.ca\/International\/wp-json\/wp\/v2\/media?parent=99535"}],"wp:term":[{"taxonomy":"category","embeddable":true,"href":"https:\/\/linitiative.ca\/International\/wp-json\/wp\/v2\/categories?post=99535"},{"taxonomy":"post_tag","embeddable":true,"href":"https:\/\/linitiative.ca\/International\/wp-json\/wp\/v2\/tags?post=99535"}],"curies":[{"name":"wp","href":"https:\/\/api.w.org\/{rel}","templated":true}]}}