{"id":99536,"date":"2020-09-21T09:03:17","date_gmt":"2020-09-21T13:03:17","guid":{"rendered":"https:\/\/linitiative.ca\/International\/itceq-la-corruption-principale-contrainte-du-climat-des-affaires\/"},"modified":"2020-09-21T09:03:17","modified_gmt":"2020-09-21T13:03:17","slug":"itceq-la-corruption-principale-contrainte-du-climat-des-affaires","status":"publish","type":"post","link":"https:\/\/linitiative.ca\/International\/itceq-la-corruption-principale-contrainte-du-climat-des-affaires\/","title":{"rendered":"ITCEQ : la corruption, principale contrainte du climat des affaires"},"content":{"rendered":"<div class=\"td-post-content\">\n<h2><a href=\"http:\/\/www.itceq.tn\/wp-content\/uploads\/files\/etudes2020\/resultats-enquete-2019-itceq.pdf\" target=\"_blank\" rel=\"noopener noreferrer\">2019\u00a0<\/a>viennent de para\u00eetre. Elle est l\u2019\u0153uvre de l\u2019ITCEQ.<\/h2>\n<p>En effet, l\u2019ITCEQ m\u00e8ne depuis l\u2019ann\u00e9e 2000 une enqu\u00eate annuelle sur le climat des affaires et la comp\u00e9titivit\u00e9 des entreprises. Et ce, aupr\u00e8s d\u2019un \u00e9chantillon d\u2019entreprises priv\u00e9es. Ainsi, des interviews directes ont eu lieu durant la p\u00e9riode du 18 novembre 2019 au 03 janvier 2020. Cette enqu\u00eate de l\u2019Institut Tunisien de la Comp\u00e9titivit\u00e9 et des Etudes Quantitatives a concern\u00e9 un \u00e9chantillon de 1200 entreprises priv\u00e9es. Elles se r\u00e9partissent sur tout le territoire tunisien. Elles op\u00e8rent dans l\u2019industrie et les services et emploient six employ\u00e9s ou plus.<\/p>\n<p>Selon les r\u00e9sultats de cette enqu\u00eate, 46% des entreprises sond\u00e9es consid\u00e8rent la\u00a0<a href=\"http:\/\/www.leconomistemaghrebin.com\/2020\/09\/07\/linlucc-a-recu-plus-39-mille-dossiers-de-corruption\/\" target=\"_blank\" rel=\"noopener noreferrer\">corruption<\/a>\u00a0comme une contrainte majeure du climat des affaires. 38% la consid\u00e8rent comme une contrainte mineure. 16% consid\u00e8rent la corruption comme une contrainte mod\u00e9r\u00e9e.<\/p>\n<p>Par ailleurs, l\u2019\u00e9volution du ph\u00e9nom\u00e8ne de la corruption entre 2018 et 2019, selon la perception des chefs d\u2019entreprise, montre que 51% des entreprises consid\u00e8rent que ce ph\u00e9nom\u00e8ne est en hausse.<\/p>\n<p>Par rapport \u00e0 l\u2019ann\u00e9e 2018, le taux des entreprises sollicit\u00e9es \u00e0 donner des pots-de-vin ou des cadeaux au cours de leurs transactions avec les diff\u00e9rentes structures publiques a baiss\u00e9 d\u2019un point de pourcentage, pour atteindre les 20%.<\/p>\n<p>Toutefois, le taux des entreprises qui ont \u00e9t\u00e9 oblig\u00e9es de donner des pots-de-vin pour l\u2019obtention d\u2019un service public est en hausse par rapport aux ann\u00e9es pr\u00e9c\u00e9dentes (de 2014 \u00e0 2018).<\/p>\n<p>Le taux le plus \u00e9lev\u00e9 concerne l\u2019obtention d\u2019autorisation de construction et le raccordement au r\u00e9seau d\u2019assainissement.<\/p>\n<p><a href=\"http:\/\/www.leconomistemaghrebin.com\/wp-content\/uploads\/2020\/09\/resultats-enquete-2019-itceq.pdf\" target=\"_blank\" rel=\"noopener noreferrer\">T\u00e9l\u00e9charger les r\u00e9sultats de l\u2019enqu\u00eate de l\u2019ITCEQ<\/a><\/p>\n<\/div>\n<footer>\n<\/footer>\n<div class=\"wp-post-author-wrap wp-post-author-shortcode left\">\n<h3 class=\"awpa-title\"\/>\n<div class=\"wp-post-author\">\n<div class=\"awpa-img awpa-author-block square\"><a href=\"http:\/\/lexpertjournal.net\/fr\/?author=5\"><img loading=\"lazy\" decoding=\"async\" alt=\"\" src=\"http:\/\/0.gravatar.com\/avatar\/97f8e10a1c1125ba104a76514ee07b16?s=150&amp;d=mm&amp;r=g\" srcset=\"http:\/\/0.gravatar.com\/avatar\/97f8e10a1c1125ba104a76514ee07b16?s=300&amp;d=mm&amp;r=g 2x\" class=\"avatar avatar-150 photo\" height=\"150\" width=\"150\"\/><\/a><\/div>\n<\/div>\n<\/div>\n<aside class=\"mashsb-container mashsb-main mashsb-stretched\">\n<\/aside>\n<p>Auteur: L&rsquo;expert<br \/>\n<a href=\"http:\/\/lexpertjournal.net\/fr\/?p=16651\">Cliquez ici pour lire l&rsquo;article depuis sa source.<\/a><\/p>\n","protected":false},"excerpt":{"rendered":"<p>2019\u00a0viennent de para\u00eetre. Elle est l\u2019\u0153uvre de l\u2019ITCEQ. En effet, l\u2019ITCEQ m\u00e8ne depuis l\u2019ann\u00e9e 2000 une enqu\u00eate annuelle sur le climat des affaires et la comp\u00e9titivit\u00e9 des entreprises. Et ce, aupr\u00e8s d\u2019un \u00e9chantillon d\u2019entreprises priv\u00e9es. Ainsi, des interviews directes ont eu lieu durant la p\u00e9riode du 18 novembre 2019 au 03 janvier 2020. Cette enqu\u00eate [&hellip;]<\/p>\n","protected":false},"author":1775,"featured_media":0,"comment_status":"closed","ping_status":"closed","sticky":false,"template":"","format":"standard","meta":{"fifu_image_url":"","fifu_image_alt":"","footnotes":""},"categories":[78,55],"tags":[],"class_list":["post-99536","post","type-post","status-publish","format-standard","hentry","category-economie","category-tunisie"],"_links":{"self":[{"href":"https:\/\/linitiative.ca\/International\/wp-json\/wp\/v2\/posts\/99536","targetHints":{"allow":["GET"]}}],"collection":[{"href":"https:\/\/linitiative.ca\/International\/wp-json\/wp\/v2\/posts"}],"about":[{"href":"https:\/\/linitiative.ca\/International\/wp-json\/wp\/v2\/types\/post"}],"author":[{"embeddable":true,"href":"https:\/\/linitiative.ca\/International\/wp-json\/wp\/v2\/users\/1775"}],"replies":[{"embeddable":true,"href":"https:\/\/linitiative.ca\/International\/wp-json\/wp\/v2\/comments?post=99536"}],"version-history":[{"count":0,"href":"https:\/\/linitiative.ca\/International\/wp-json\/wp\/v2\/posts\/99536\/revisions"}],"wp:attachment":[{"href":"https:\/\/linitiative.ca\/International\/wp-json\/wp\/v2\/media?parent=99536"}],"wp:term":[{"taxonomy":"category","embeddable":true,"href":"https:\/\/linitiative.ca\/International\/wp-json\/wp\/v2\/categories?post=99536"},{"taxonomy":"post_tag","embeddable":true,"href":"https:\/\/linitiative.ca\/International\/wp-json\/wp\/v2\/tags?post=99536"}],"curies":[{"name":"wp","href":"https:\/\/api.w.org\/{rel}","templated":true}]}}