{"id":99543,"date":"2020-09-21T13:04:51","date_gmt":"2020-09-21T17:04:51","guid":{"rendered":"https:\/\/linitiative.ca\/International\/covid-19-et-si-on-evaluait-les-mesures-2\/"},"modified":"2020-09-21T13:04:51","modified_gmt":"2020-09-21T17:04:51","slug":"covid-19-et-si-on-evaluait-les-mesures-2","status":"publish","type":"post","link":"https:\/\/linitiative.ca\/International\/covid-19-et-si-on-evaluait-les-mesures-2\/","title":{"rendered":"Covid-19 : et si on \u00e9valuait les mesures ?"},"content":{"rendered":"<p><strong>Face \u00e0 la pand\u00e9mie, personne, nulle part, n\u2019a de recette miracle. Ceux qui ont opt\u00e9 pour le confinement l\u2019ont fait pour \u00e9viter l\u2019implosion du syst\u00e8me sanitaire, avec des co\u00fbts \u00e9conomiques, sociaux, psychologiques, colossaux. Il faut se rendre \u00e0 l\u2019\u00e9vidence, ce virus est l\u00e0 pour durer et il faut apprendre \u00e0 vivre avec.<\/strong><\/p>\n<div class=\"c6\"\/>\n<p>Au Maroc, on se ment depuis le d\u00e9confinement. Nous avons confin\u00e9 alors que la situation \u00e9tait ma\u00eetris\u00e9e, que les chiffres \u00e9taient tr\u00e8s bas, les marocains ont adh\u00e9r\u00e9, Etat, ONG, citoyens ont fait preuve d\u2019une grande solidarit\u00e9. Mais il y a le temps et l\u2019usure. La sortie n\u2019a pas \u00e9t\u00e9 pr\u00e9par\u00e9e et les chiffres remontent dangereusement. Il est trop tard pour critiquer des d\u00e9cisions qui ont \u00e9t\u00e9 prises il y a quelques mois, parce que le temps est acc\u00e9l\u00e9r\u00e9 et que cela ne sert \u00e0 rien.<\/p>\n<p><strong>Lire aussi| <a href=\"https:\/\/www.challenge.ma\/il-faut-repenser-nos-choix-strategiques-de-developpement-si-nous-voulons-etre-parmi-les-gagnants-dans-cette-crise-157332\/\">Najib Akesbi : \u00ab\u00a0Il faut repenser nos choix strat\u00e9giques de d\u00e9veloppement si nous voulons \u00eatre parmi les gagnants dans cette crise\u00a0\u00bb<\/a><\/strong><\/p>\n<p>Nous avons un taux de l\u00e9talit\u00e9 \u00e9lev\u00e9, cela n\u2019inqui\u00e8te pas le ministre de la Sant\u00e9, selon sa d\u00e9claration devant le Parlement. Qu\u2019il soit courageux et qu\u2019il nous dise \u00e0 quelle barre de morts marocains par jour, il sera inquiet, 100\u00a0? 150\u00a0? Moi, mille morts par mois cela me fait peur, mais je ne suis qu\u2019un citoyen parmi les millions, un pauvre macadam cow-boy.<\/p>\n<p>Nous avons adopt\u00e9 la solution des confinements cibl\u00e9s. C\u2019est une th\u00e9orie s\u00e9duisante. Sauf que cela ne marche pas et pour diverses raisons. A Casablanca,\u00a0 les chiffres, catastrophiques, sont stables. Pourtant depuis deux semaines, cette ville est cens\u00e9e \u00eatre sous cloche. Cens\u00e9e, parce que les routes ne sont pas ferm\u00e9es, \u00e0 part quelques minutes par jour, que les restrictions sont tr\u00e8s formelles, parce qu\u2019inapplicables. C\u2019est une ville de 7 millions d\u2019habitants dont la moiti\u00e9 vit de la d\u00e9brouille, du syst\u00e8me D.<\/p>\n<p>Qu\u2019est-ce qu\u2019on fait\u00a0? On rajoute quinze jours. C\u2019est juste de la folie. Einstein disait \u00ab\u00a0r\u00e9p\u00e9ter les m\u00eames erreurs et attendre d\u2019autres r\u00e9sultats est un signe de folie\u00a0\u00bb. Dans deux semaines la situation sera pareille, voire pire.<\/p>\n<p><strong>Lire aussi|<\/strong> <strong><a href=\"https:\/\/www.challenge.ma\/vrai-ou-fake-sur-la-covid-19-au-maroc-lundi-21-septembre-157673\/\">Vrai ou Fake sur la Covid-19 au Maroc, lundi 21 septembre<\/a><\/strong><\/p>\n<p>Et si on tentait une autre politique, celle de responsabiliser le peuple\u00a0? C\u2019est possible, mais il faut changer de braquet. Les \u00ab\u00a0Al Hamdou Lilah\u00a0\u00bb d\u2019El Othmani ne font pas l\u2019affaire. Il faut dire aux marocains la v\u00e9rit\u00e9. Notre capacit\u00e9 hospitali\u00e8re est tr\u00e8s faible, il n\u2019y a ni vaccin, ni m\u00e9dicament, le seul moyen d\u2019\u00e9viter la casse c\u2019est le comportement individuel. Dire les choses cr\u00fbment, en toute transparence, anoblit les politiques. Ces mesures qui ne servent \u00e0 rien, creusent le foss\u00e9 entre les institutions et la population, sont d\u00e9biles.<\/p>\n<p>Auteur: Jamal Berraoui<br \/>\n<a href=\"https:\/\/www.challenge.ma\/covid-19-et-si-on-evaluait-les-mesures-157708\/\">Cliquez ici pour lire l&rsquo;article depuis sa source.<\/a><\/p>\n","protected":false},"excerpt":{"rendered":"<p>Face \u00e0 la pand\u00e9mie, personne, nulle part, n\u2019a de recette miracle. Ceux qui ont opt\u00e9 pour le confinement l\u2019ont fait pour \u00e9viter l\u2019implosion du syst\u00e8me sanitaire, avec des co\u00fbts \u00e9conomiques, sociaux, psychologiques, colossaux. Il faut se rendre \u00e0 l\u2019\u00e9vidence, ce virus est l\u00e0 pour durer et il faut apprendre \u00e0 vivre avec. Au Maroc, on [&hellip;]<\/p>\n","protected":false},"author":1787,"featured_media":0,"comment_status":"closed","ping_status":"closed","sticky":false,"template":"","format":"standard","meta":{"fifu_image_url":"","fifu_image_alt":"","footnotes":""},"categories":[78,54],"tags":[],"class_list":["post-99543","post","type-post","status-publish","format-standard","hentry","category-economie","category-maroc"],"_links":{"self":[{"href":"https:\/\/linitiative.ca\/International\/wp-json\/wp\/v2\/posts\/99543","targetHints":{"allow":["GET"]}}],"collection":[{"href":"https:\/\/linitiative.ca\/International\/wp-json\/wp\/v2\/posts"}],"about":[{"href":"https:\/\/linitiative.ca\/International\/wp-json\/wp\/v2\/types\/post"}],"author":[{"embeddable":true,"href":"https:\/\/linitiative.ca\/International\/wp-json\/wp\/v2\/users\/1787"}],"replies":[{"embeddable":true,"href":"https:\/\/linitiative.ca\/International\/wp-json\/wp\/v2\/comments?post=99543"}],"version-history":[{"count":0,"href":"https:\/\/linitiative.ca\/International\/wp-json\/wp\/v2\/posts\/99543\/revisions"}],"wp:attachment":[{"href":"https:\/\/linitiative.ca\/International\/wp-json\/wp\/v2\/media?parent=99543"}],"wp:term":[{"taxonomy":"category","embeddable":true,"href":"https:\/\/linitiative.ca\/International\/wp-json\/wp\/v2\/categories?post=99543"},{"taxonomy":"post_tag","embeddable":true,"href":"https:\/\/linitiative.ca\/International\/wp-json\/wp\/v2\/tags?post=99543"}],"curies":[{"name":"wp","href":"https:\/\/api.w.org\/{rel}","templated":true}]}}