{"id":99547,"date":"2020-09-21T16:14:18","date_gmt":"2020-09-21T20:14:18","guid":{"rendered":"https:\/\/linitiative.ca\/International\/alzheimer-rotary-club-casablanca-la-sqala-initie-le-debat-2\/"},"modified":"2020-09-21T16:14:18","modified_gmt":"2020-09-21T20:14:18","slug":"alzheimer-rotary-club-casablanca-la-sqala-initie-le-debat-2","status":"publish","type":"post","link":"https:\/\/linitiative.ca\/International\/alzheimer-rotary-club-casablanca-la-sqala-initie-le-debat-2\/","title":{"rendered":"Alzheimer : Rotary Club Casablanca La Sqala initie le d\u00e9bat"},"content":{"rendered":"<p><strong>Le Rotary Club Casablanca La Sqala a mis en place ses premi\u00e8res activit\u00e9s autour de son action phare : la maladie d\u2019Alzheimer, en organisant le webinaire : \u00ab\u00a0Alzheimer au Maroc, et si on parlait ?\u00a0\u00bb, lundi 21 septembre.<\/strong><\/p>\n<div class=\"c10\"\/>\n<p>C\u00e9l\u00e9br\u00e9e le 21 septembre de chaque ann\u00e9e, la Journ\u00e9e mondiale de la maladie d\u2019Alzheimer vise \u00e0 sensibiliser les gens \u00e0 travers le monde sur l\u2019Alzheimer et la d\u00e9mence, \u00e0 mieux faire conna\u00eetre leur impact sur la vie quotidienne des patients et surtout, \u00e0 rappeler l\u2019importance du diagnostic pr\u00e9coce dans leur accompagnement. Le th\u00e8me de cette ann\u00e9e, \u00ab\u00a0Parlons de la d\u00e9mence\u00a0\u00bb, a pour objectif d\u2019encourager tout un chacun \u00e0 comprendre l\u2019importance de reconna\u00eetre l\u2019Alzheimer comme une maladie, laquelle serait \u00e0 l\u2019origine de 60% voire 70% des cas de d\u00e9mence, constituant ainsi sa cause la plus courante, selon l\u2019Organisation mondiale de la sant\u00e9 (OMS).<\/p>\n<p>Selon Alzheimer\u2019s Disease International (ADI), une f\u00e9d\u00e9ration internationale de 102 \u00ab\u00a0associations Alzheimer\u00a0\u00bb dans le monde, il faut environ 20 ans avant qu\u2019un patient atteint de l\u2019Alzheimer ne commence \u00e0 pr\u00e9senter des sympt\u00f4mes. Si la cause exacte de la maladie d\u2019Alzheimer demeure toujours inconnue, certains facteurs peuvent augmenter le risque de la d\u00e9velopper comme, entre autres, le vieillissement, les ant\u00e9c\u00e9dents familiaux, le mode de vie ou encore d\u2019autres maladies comme la d\u00e9pression ou l\u2019hypertension.<\/p>\n<p><strong>Lire aussi |<\/strong> <a rel=\"noreferrer noopener\" aria-label=\" (opens in a new tab)\" href=\"https:\/\/www.challenge.ma\/covid-19-le-maroc-desormais-deuxieme-nation-africaine-la-plus-touchee-157728\/\" target=\"_blank\"><strong>Covid-19 : le Maroc, d\u00e9sormais, deuxi\u00e8me nation africaine la plus touch\u00e9e<\/strong><\/a><\/p>\n<p>Au Maroc, on estime les malades atteints de la maladie \u00e0 150.000, alors que 30.000 sont touch\u00e9s chaque ann\u00e9e. Pour mettre un coup de projecteur sur l\u2019Alzheimer, l\u2019ONG Rotary Club Casablanca La Sqala a organis\u00e9 un webinaire ayant r\u00e9uni des sp\u00e9cialistes. Parmi les intervenants, Professeur Aziz Alaoui qui avance que\u00a0 le Maroc doit adopter la m\u00eame approche que les pays qui ont compris qu\u2019il faut d\u00e9senclaver les malades. Il rappelle que la souffrance de la personne atteinte est \u00e9galement v\u00e9cue par la famille car les proches se retrouvent \u00e0 prendre en charge un enfant. Le neurochirurgien pr\u00e9conise de doter les associations de plus de moyens pour all\u00e9ger les souffrances des patients et leurs familles contre cette maladie incurable.<\/p>\n<p><strong>Lire aussi |<\/strong> <a rel=\"noreferrer noopener\" aria-label=\" (opens in a new tab)\" href=\"https:\/\/www.challenge.ma\/covid-19-et-si-on-evaluait-les-mesures-157708\/\" target=\"_blank\"><strong>Covid-19 : et si on \u00e9valuait les mesures ?<\/strong><\/a><\/p>\n<p>Pour sa part, Mohamed Bourragat, vice-pr\u00e9sident de l\u2019Association Maroc Espoir Alzheimer a dress\u00e9 un tableau noir de la situation au Royaume : \u00ab\u00a0Lorsqu\u2019on a un malade atteint de l\u2019Alzheimer, nous n\u2019avons pas o\u00f9 aller \u00e0 part le neurochirurgien. C\u2019est l\u2019une des raisons de la cr\u00e9ation de l\u2019Association. Dans les pays d\u00e9velopp\u00e9s, la maladie est devenue une question de sant\u00e9 publique\u00a0\u00bb. Il milite pour la cr\u00e9ation de centres sp\u00e9cialis\u00e9s de prise en charge des patients et estime que la solution consiste en la prise charge m\u00e9dicale, sociale et juridique.<\/p>\n<p>Pour rappel, l\u2019Alzheimer est une maladie d\u00e9g\u00e9n\u00e9rative du cerveau qui d\u00e9grade lentement ses neurones. Bien qu\u2019elle soit plus fr\u00e9quente chez les personnes \u00e2g\u00e9es (plus de 60 ans), elle peut parfois se manifester entre 30 et 60 ans.<\/p>\n<p>Auteur: Karim Handaoui<br \/>\n<a href=\"https:\/\/www.challenge.ma\/alzheimer-rotary-club-casablanca-la-sqala-initie-le-debat-157737\/\">Cliquez ici pour lire l&rsquo;article depuis sa source.<\/a><\/p>\n","protected":false},"excerpt":{"rendered":"<p>Le Rotary Club Casablanca La Sqala a mis en place ses premi\u00e8res activit\u00e9s autour de son action phare : la maladie d\u2019Alzheimer, en organisant le webinaire : \u00ab\u00a0Alzheimer au Maroc, et si on parlait ?\u00a0\u00bb, lundi 21 septembre. C\u00e9l\u00e9br\u00e9e le 21 septembre de chaque ann\u00e9e, la Journ\u00e9e mondiale de la maladie d\u2019Alzheimer vise \u00e0 sensibiliser [&hellip;]<\/p>\n","protected":false},"author":1787,"featured_media":0,"comment_status":"closed","ping_status":"closed","sticky":false,"template":"","format":"standard","meta":{"fifu_image_url":"","fifu_image_alt":"","footnotes":""},"categories":[78,54],"tags":[],"class_list":["post-99547","post","type-post","status-publish","format-standard","hentry","category-economie","category-maroc"],"_links":{"self":[{"href":"https:\/\/linitiative.ca\/International\/wp-json\/wp\/v2\/posts\/99547","targetHints":{"allow":["GET"]}}],"collection":[{"href":"https:\/\/linitiative.ca\/International\/wp-json\/wp\/v2\/posts"}],"about":[{"href":"https:\/\/linitiative.ca\/International\/wp-json\/wp\/v2\/types\/post"}],"author":[{"embeddable":true,"href":"https:\/\/linitiative.ca\/International\/wp-json\/wp\/v2\/users\/1787"}],"replies":[{"embeddable":true,"href":"https:\/\/linitiative.ca\/International\/wp-json\/wp\/v2\/comments?post=99547"}],"version-history":[{"count":0,"href":"https:\/\/linitiative.ca\/International\/wp-json\/wp\/v2\/posts\/99547\/revisions"}],"wp:attachment":[{"href":"https:\/\/linitiative.ca\/International\/wp-json\/wp\/v2\/media?parent=99547"}],"wp:term":[{"taxonomy":"category","embeddable":true,"href":"https:\/\/linitiative.ca\/International\/wp-json\/wp\/v2\/categories?post=99547"},{"taxonomy":"post_tag","embeddable":true,"href":"https:\/\/linitiative.ca\/International\/wp-json\/wp\/v2\/tags?post=99547"}],"curies":[{"name":"wp","href":"https:\/\/api.w.org\/{rel}","templated":true}]}}