{"id":99548,"date":"2020-09-21T05:53:59","date_gmt":"2020-09-21T09:53:59","guid":{"rendered":"https:\/\/linitiative.ca\/International\/reouverture-du-souk-hebdomadaire-de-la-ville\/"},"modified":"2020-09-21T05:53:59","modified_gmt":"2020-09-21T09:53:59","slug":"reouverture-du-souk-hebdomadaire-de-la-ville","status":"publish","type":"post","link":"https:\/\/linitiative.ca\/International\/reouverture-du-souk-hebdomadaire-de-la-ville\/","title":{"rendered":"R\u00e9ouverture du souk hebdomadaire de la ville"},"content":{"rendered":"<div readability=\"38\">\n<p>El Kel\u00e2a des Sraghna \u2013 La commune urbaine d\u2019El Kel\u00e2a des Sraghna a annonc\u00e9 la r\u00e9ouverture, lundi, du souk hebdomadaire de la ville, apr\u00e8s cinq mois de fermeture en raison de l\u2019\u00e9tat d\u2019urgence sanitaire, d\u00e9cr\u00e9t\u00e9 suite \u00e0 la propagation de la pand\u00e9mie de la Covid-19.<\/p>\n<\/div>\n<div readability=\"92\">\n<p>Dans le cadre des pr\u00e9paratifs men\u00e9s en parall\u00e8le de la reprise de l\u2019activit\u00e9 au sein du souk, une commission mixte, compos\u00e9e de membres de la collectivit\u00e9 territoriale et des autorit\u00e9s locales comp\u00e9tentes, a ainsi effectu\u00e9 des visites de terrain p\u00e9riodiques pour s\u2019enqu\u00e9rir des dispositions techniques et organisationnelles ainsi que des mesures sanitaires prises pour \u00e9viter la propagation de la pand\u00e9mie parmi les commer\u00e7ants et les usagers.<\/p>\n<p>La r\u00e9ouverture du souk hebdomadaire se d\u00e9roulera selon des r\u00e8gles sanitaires strictes, dont la mise en place de la signal\u00e9tique pour le respect de la distanciation physique entre commer\u00e7ants et clients, le r\u00e9am\u00e9nagement de toutes les d\u00e9pendances du march\u00e9, le contr\u00f4le du port des masques de protection et la d\u00e9sinfection r\u00e9guli\u00e8re des lieux.<\/p>\n<p>Dans une d\u00e9claration \u00e0 la MAP, le pr\u00e9sident de la commune urbaine d\u2019El Kel\u00e2a des Sraghna, Noureddine Ait Lhaj, a indiqu\u00e9 que la reprise de l\u2019activit\u00e9 du souk hebdomadaire s\u2019inscrit dans le cadre des efforts d\u00e9ploy\u00e9s en vue de redynamiser l\u2019\u00e9conomie locale et d\u2019att\u00e9nuer les effets n\u00e9gatifs de la pand\u00e9mie sur les commer\u00e7ants, les agriculteurs et certains m\u00e9tiers.<\/p>\n<p>Il a soulign\u00e9 que la commission mixte a mis en place, conform\u00e9ment \u00e0 la feuille de route \u00e9tablie par les autorit\u00e9s de la province, une batterie de mesures strictes afin d\u2019assurer la reprise, dans des conditions s\u00fbres et saines, des activit\u00e9s du souk et de pr\u00e9server la s\u00e9curit\u00e9 sanitaire des commer\u00e7ants et des usagers.<\/p>\n<p>M. Ait Lhaj a, en outre, rappel\u00e9 que cette r\u00e9ouverture aura une incidence positive sur les commer\u00e7ants, dont les marchands de b\u00e9tail, des produits alimentaires, des v\u00eatements, des fruits et l\u00e9gumes, des c\u00e9r\u00e9ales et de fourrage, ainsi que sur certains m\u00e9tiers.<\/p>\n<p>Le responsable communal a, d\u2019autre part, appel\u00e9 l\u2019ensemble des commer\u00e7ants et visiteurs du souk hebdomadaire \u00e0 se conformer scrupuleusement aux r\u00e8gles d\u2019hygi\u00e8ne et de s\u00e9curit\u00e9 sanitaire et \u00e0 faire preuve de patriotisme et d\u2019un haut degr\u00e9 de responsabilit\u00e9 dans le respect des mesures pr\u00e9ventives d\u00e9cr\u00e9t\u00e9es par les autorit\u00e9s.<\/p>\n<p>Par ailleurs, des commissions sp\u00e9ciales vont veiller, sous la supervision des autorit\u00e9s locales, des services s\u00e9curitaires et des d\u00e9partements concern\u00e9s, \u00e0 garantir le respect par les commer\u00e7ants et les visiteurs du souk hebdomadaire des dispositifs de s\u00e9curit\u00e9 sanitaire et de pr\u00e9vention pour la lutte contre la propagation du nouveau coronavirus.<\/p>\n<\/div>\n<p>Auteur: Meriem IGASS<br \/>\n<a href=\"http:\/\/www.mapmarrakech.ma\/fr\/reouverture-du-souk-hebdomadaire-de-la-ville\/\">Cliquez ici pour lire l&rsquo;article depuis sa source.<\/a><\/p>\n","protected":false},"excerpt":{"rendered":"<p>El Kel\u00e2a des Sraghna \u2013 La commune urbaine d\u2019El Kel\u00e2a des Sraghna a annonc\u00e9 la r\u00e9ouverture, lundi, du souk hebdomadaire de la ville, apr\u00e8s cinq mois de fermeture en raison de l\u2019\u00e9tat d\u2019urgence sanitaire, d\u00e9cr\u00e9t\u00e9 suite \u00e0 la propagation de la pand\u00e9mie de la Covid-19. Dans le cadre des pr\u00e9paratifs men\u00e9s en parall\u00e8le de la [&hellip;]<\/p>\n","protected":false},"author":1788,"featured_media":0,"comment_status":"closed","ping_status":"closed","sticky":false,"template":"","format":"standard","meta":{"fifu_image_url":"","fifu_image_alt":"","footnotes":""},"categories":[54,76],"tags":[],"class_list":["post-99548","post","type-post","status-publish","format-standard","hentry","category-maroc","category-regions"],"_links":{"self":[{"href":"https:\/\/linitiative.ca\/International\/wp-json\/wp\/v2\/posts\/99548","targetHints":{"allow":["GET"]}}],"collection":[{"href":"https:\/\/linitiative.ca\/International\/wp-json\/wp\/v2\/posts"}],"about":[{"href":"https:\/\/linitiative.ca\/International\/wp-json\/wp\/v2\/types\/post"}],"author":[{"embeddable":true,"href":"https:\/\/linitiative.ca\/International\/wp-json\/wp\/v2\/users\/1788"}],"replies":[{"embeddable":true,"href":"https:\/\/linitiative.ca\/International\/wp-json\/wp\/v2\/comments?post=99548"}],"version-history":[{"count":0,"href":"https:\/\/linitiative.ca\/International\/wp-json\/wp\/v2\/posts\/99548\/revisions"}],"wp:attachment":[{"href":"https:\/\/linitiative.ca\/International\/wp-json\/wp\/v2\/media?parent=99548"}],"wp:term":[{"taxonomy":"category","embeddable":true,"href":"https:\/\/linitiative.ca\/International\/wp-json\/wp\/v2\/categories?post=99548"},{"taxonomy":"post_tag","embeddable":true,"href":"https:\/\/linitiative.ca\/International\/wp-json\/wp\/v2\/tags?post=99548"}],"curies":[{"name":"wp","href":"https:\/\/api.w.org\/{rel}","templated":true}]}}