{"id":99550,"date":"2020-09-21T07:18:41","date_gmt":"2020-09-21T11:18:41","guid":{"rendered":"https:\/\/linitiative.ca\/International\/les-professionnels-du-tourisme-decides-a-passer-a-loffensive\/"},"modified":"2020-09-21T07:18:41","modified_gmt":"2020-09-21T11:18:41","slug":"les-professionnels-du-tourisme-decides-a-passer-a-loffensive","status":"publish","type":"post","link":"https:\/\/linitiative.ca\/International\/les-professionnels-du-tourisme-decides-a-passer-a-loffensive\/","title":{"rendered":"Les professionnels du tourisme d\u00e9cid\u00e9s \u00e0 \u00ab\u00a0passer \u00e0 l\u2019offensive\u00a0\u00bb"},"content":{"rendered":"<div readability=\"38\">\n<p>Marrakech \u2013 L\u2019ensemble des acteurs du tourisme, public et priv\u00e9 et partenaires du Conseil R\u00e9gional du Tourisme (CRT) de Marrakech-Safi, ont exprim\u00e9 leur volont\u00e9 de \u00ab\u00a0passer \u00e0 l\u2019offensive\u00a0\u00bb pour sauver la saison d\u2019hiver 2020\/2021, qui d\u00e9bute avec les vacances de la Toussaint (d\u00e9but octobre prochain).<\/p>\n<\/div>\n<div readability=\"147\">\n<p>Cette d\u00e9cision a \u00e9t\u00e9 prise, \u00e0 l\u2019unanimit\u00e9, par les professionnels du Tourisme de la r\u00e9gion Marrakech-Safi lors d\u2019une r\u00e9union de travail du CRT tenue, vendredi dernier \u00e0 Marrakech, indique un communiqu\u00e9 de cette instance professionnelle.<\/p>\n<p>Les professionnels du tourisme ont, ainsi, fait part de cette volont\u00e9 commune d\u2019agir ensemble, en parfaite coordination et symbiose avec l\u2019ensemble des \u00e9lus, les autorit\u00e9s locales et notamment la wilaya de la r\u00e9gion Marrakech-Safi, pour \u00ab\u00a0une reprise responsable\u00a0\u00bb du secteur touristique, qui s\u2019articule autour des 3 R \u00e0 savoir : \u00ab\u00a0Red\u00e9marrer, Relancer et R\u00e9inventer\u00a0\u00bb, tient \u00e0 pr\u00e9ciser la m\u00eame source.<\/p>\n<p>\u00ab\u00a0Il s\u2019agit de red\u00e9marrer, rouvrir et se r\u00e9soudre \u00e0 vivre avec le virus, qui constitue un imp\u00e9ratif pour remettre l\u2019\u00e9cosyst\u00e8me en marche dans le respect des gestes barri\u00e8res et des protocoles sanitaires, reconnecter avec les partenaires internationaux pour reconqu\u00e9rir nos parts de march\u00e9s et continuer d\u2019agir ensemble notamment \u00e0 la lev\u00e9e des restrictions de d\u00e9placement et au r\u00e9tablissement de la confiance parmi les voyageurs\u00a0\u00bb, lit-on dans le communiqu\u00e9.<\/p>\n<p>Dans la foul\u00e9e, le CRT a soulign\u00e9 la n\u00e9cessit\u00e9 de r\u00e9inventer, r\u00e9-imaginer de nouveaux concepts, de nouveaux programmes et de nouvelles offres plus solidaires, cr\u00e9atives, collaboratives et adapter le secteur aux r\u00e9alit\u00e9s futures.<\/p>\n<p>\u00ab\u00a0M\u00eame si la situation \u00e9conomique et sanitaire internationale est encore incertaine, quelques lueurs d\u2019espoirs se dessinent devant les professionnels du secteur du tourisme\u00a0\u00bb, ajoute la m\u00eame source.<\/p>\n<p>Tout d\u2019abord, la mise en application du contrat-programme constitue un grand acquis pour la sauvegarde de l\u2019emploi dans les secteurs d\u2019activit\u00e9s touristiques les plus touch\u00e9s et la mobilisation continue pour que les autres acteurs de la cha\u00eene de valeurs comme les restaurants touristiques, l\u2019artisanat, les activit\u00e9s d\u2019animations et l\u2019\u00e9v\u00e9nementiel\u2026.soient \u00e9galement couverts, poursuit la m\u00eame source.<\/p>\n<p>Un 2\u00e8me signal positif concerne les compagnies a\u00e9riennes qui reprennent progressivement (27 rotations par semaine actuellement et d\u2019autres \u00e0 l\u2019\u00e9tude en fonction de l\u2019assouplissement notamment du d\u00e9lai de validit\u00e9 du PCR pour passer de 48h \u00e0 72h, la suppression du test s\u00e9rologique et\/ou la lev\u00e9e des restrictions de d\u00e9placement), note le communiqu\u00e9.<\/p>\n<p>Au niveau local, il est \u00e0 souligner que la r\u00e9gion Marrakech-Safi a renforc\u00e9 son dispositif sanitaire et plusieurs entreprises touristiques se d\u00e9ploient pour reprendre leurs activit\u00e9s, enchaine le CRT, faisant savoir que \u00ab\u00a0sur le volet h\u00e9bergement, une cinquantaine d\u2019unit\u00e9s sont d\u00e9j\u00e0 op\u00e9rationnelles dans le strict respect du protocole sanitaire requis alors que d\u2019autres r\u00e9ouvertures des grands h\u00f4tels et palaces sont pr\u00e9vues dans les semaines qui viennent; dont le Royal Mansour, La Mamounia, le Fairmont, et le Fours Seasons\u00a0\u00bb.<\/p>\n<p>Dans le m\u00eame sillage, les mus\u00e9es, les restaurants et les jardins rouvrent aussi, dont l\u2019embl\u00e9matique jardin Majorelle qui rouvre ses portes d\u00e9but octobre et une journ\u00e9e Portes ouvertes est pr\u00e9vue le 26 septembre prochain, tient \u00e0 informer la m\u00eame source.<\/p>\n<p>Pour le tr\u00e8s court terme (octobre\/d\u00e9cembre), et en partenariat avec l\u2019Office National Marocain du Tourisme (ONMT), une campagne de communication sera lanc\u00e9e incessamment et va durer jusqu\u2019a fin d\u00e9cembre prochain, fait savoir le CRT, pr\u00e9cisant que cette campagne de communication sera relay\u00e9e sur les m\u00e9dias, les r\u00e9seaux sociaux et sur la plateforme visitmarrakech.<\/p>\n<p>\u00ab\u00a0Conscients de la n\u00e9cessit\u00e9 de se r\u00e9inventer, les professionnels de la r\u00e9gion travaillent depuis plusieurs mois sur un plan d\u2019acc\u00e9l\u00e9ration, adapt\u00e9 \u00e0 la situation, qui va marquer un tournant d\u00e9cisif dans notre approche de concevoir, de produire et de commercialiser des solutions de plus en plus innovantes et stimulantes de la demande\u00a0\u00bb, souligne la m\u00eame source.<\/p>\n<p>Dans cet esprit, plusieurs nouveaut\u00e9s ont \u00e9t\u00e9 con\u00e7ues et d\u2019autres \u00e0 venir par th\u00e8me et par territoire dans le cadre du plan d\u2019acc\u00e9l\u00e9ration 2021-2022, ajoute le CRT.<\/p>\n<p>En somme, il s\u2019agit d\u2019un plan global afin d\u2019adapter les diff\u00e9rentes destinations de la r\u00e9gion, de stimuler les emplois, d\u2019encourager l\u2019innovation et l\u2019investissement, de repenser une industrie du voyage et de l\u2019hospitalit\u00e9 plus performante, plus durable et plus inclusive, conclut le communiqu\u00e9.<\/p>\n<\/div>\n<p>Auteur: Meriem IGASS<br \/>\n<a href=\"http:\/\/www.mapmarrakech.ma\/fr\/les-professionnels-du-tourisme-decides-a-passer-a-loffensive\/\">Cliquez ici pour lire l&rsquo;article depuis sa source.<\/a><\/p>\n","protected":false},"excerpt":{"rendered":"<p>Marrakech \u2013 L\u2019ensemble des acteurs du tourisme, public et priv\u00e9 et partenaires du Conseil R\u00e9gional du Tourisme (CRT) de Marrakech-Safi, ont exprim\u00e9 leur volont\u00e9 de \u00ab\u00a0passer \u00e0 l\u2019offensive\u00a0\u00bb pour sauver la saison d\u2019hiver 2020\/2021, qui d\u00e9bute avec les vacances de la Toussaint (d\u00e9but octobre prochain). Cette d\u00e9cision a \u00e9t\u00e9 prise, \u00e0 l\u2019unanimit\u00e9, par les professionnels [&hellip;]<\/p>\n","protected":false},"author":1788,"featured_media":0,"comment_status":"closed","ping_status":"closed","sticky":false,"template":"","format":"standard","meta":{"fifu_image_url":"","fifu_image_alt":"","footnotes":""},"categories":[54,76],"tags":[],"class_list":["post-99550","post","type-post","status-publish","format-standard","hentry","category-maroc","category-regions"],"_links":{"self":[{"href":"https:\/\/linitiative.ca\/International\/wp-json\/wp\/v2\/posts\/99550","targetHints":{"allow":["GET"]}}],"collection":[{"href":"https:\/\/linitiative.ca\/International\/wp-json\/wp\/v2\/posts"}],"about":[{"href":"https:\/\/linitiative.ca\/International\/wp-json\/wp\/v2\/types\/post"}],"author":[{"embeddable":true,"href":"https:\/\/linitiative.ca\/International\/wp-json\/wp\/v2\/users\/1788"}],"replies":[{"embeddable":true,"href":"https:\/\/linitiative.ca\/International\/wp-json\/wp\/v2\/comments?post=99550"}],"version-history":[{"count":0,"href":"https:\/\/linitiative.ca\/International\/wp-json\/wp\/v2\/posts\/99550\/revisions"}],"wp:attachment":[{"href":"https:\/\/linitiative.ca\/International\/wp-json\/wp\/v2\/media?parent=99550"}],"wp:term":[{"taxonomy":"category","embeddable":true,"href":"https:\/\/linitiative.ca\/International\/wp-json\/wp\/v2\/categories?post=99550"},{"taxonomy":"post_tag","embeddable":true,"href":"https:\/\/linitiative.ca\/International\/wp-json\/wp\/v2\/tags?post=99550"}],"curies":[{"name":"wp","href":"https:\/\/api.w.org\/{rel}","templated":true}]}}