{"id":99553,"date":"2020-09-21T07:43:12","date_gmt":"2020-09-21T11:43:12","guid":{"rendered":"https:\/\/linitiative.ca\/International\/participation-distinguee-du-maroc-a-la-32e-olympiade-dinformatique-2\/"},"modified":"2020-09-21T07:43:12","modified_gmt":"2020-09-21T11:43:12","slug":"participation-distinguee-du-maroc-a-la-32e-olympiade-dinformatique-2","status":"publish","type":"post","link":"https:\/\/linitiative.ca\/International\/participation-distinguee-du-maroc-a-la-32e-olympiade-dinformatique-2\/","title":{"rendered":"Participation distingu\u00e9e du Maroc \u00e0 la 32\u00e8 Olympiade d\u2019informatique"},"content":{"rendered":"<div readability=\"35\">\n<p>Marrakech \u2013 Le Maroc s\u2019est nettement distingu\u00e9 lors de sa participation \u00e0 la 32\u00e8me Olympiade Internationale d\u2019Informatique (IOI 2020) organis\u00e9e \u00e0 distance par Singapour, en raison de la pand\u00e9mie de la Covid-19.<\/p>\n<\/div>\n<div readability=\"97\">\n<p>L\u2019\u00e9quipe marocaine, qui a \u00e9t\u00e9 encadr\u00e9e par le professeur Anass Abou El Kalam, enseignant \u00e0 l\u2019Ecole Nationale des Sciences Appliqu\u00e9es (ENSA) relevant de l\u2019Universit\u00e9 Cadi Ayyad de Marrakech, a remport\u00e9 la m\u00e9daille de bronze, apr\u00e8s s\u2019\u00eatre class\u00e9e parmi le groupe 3, avec un total de 604,02 points.<\/p>\n<p>L\u2019\u00e9quipe marocaine se composait de l\u2019\u00e9l\u00e8ve Mohamed El Khatri de Casablanca, Nabil Boudraa de Kh\u00e9misset (Tronc commun), Amine Moutii de Sal\u00e9 (premi\u00e8re ann\u00e9e baccalaur\u00e9at Math\u00e9matiques) et Aymane Riad Essoulh de Rabat (2\u00e8 ann\u00e9e secondaire coll\u00e9gial) en tant que participant le plus jeune \u00e0 l\u2019Olympiade de cette ann\u00e9e.<\/p>\n<p>Dans une d\u00e9claration \u00e0 la MAP, M. Abou El Kalam, a soulign\u00e9 que cette performance r\u00e9alis\u00e9e par l\u2019\u00e9quipe marocaine, est le fruit des efforts d\u00e9ploy\u00e9s par le staff encadrant, qui a \u00e9labor\u00e9 une strat\u00e9gie proactive bas\u00e9e sur la formation des jeunes d\u00e8s leur jeune \u00e2ge.<\/p>\n<p>L\u2019obtention d\u2019une m\u00e9daille lors de cette comp\u00e9tition plan\u00e9taire, une premi\u00e8re pour le Maroc, est un gage de fiert\u00e9 pour le Royaume dans les domaines de la science et de l\u2019excellence, s\u2019est-il f\u00e9licit\u00e9, relevant que le niveau scientifique des participants connait un d\u00e9veloppement remarquable, comme en t\u00e9moignent les r\u00e9sultats obtenus mais aussi, la complexit\u00e9 des exercices r\u00e9alis\u00e9s par les jeunes candidats marocains et ce, comparativement aux ann\u00e9es pr\u00e9c\u00e9dentes.<\/p>\n<p>\u00ab\u00a0En s\u2019ouvrant sur un nombre cons\u00e9quent d\u2019\u00e9tudiants et en f\u00e9d\u00e9rant davantage nos efforts, il sera possible d\u2019am\u00e9liorer de mani\u00e8re remarquable, le rendement scientifique\u00a0\u00bb, a-t-il dit.<\/p>\n<p>L\u2019Olympiade internationale d\u2019informatique est le concours d\u2019informatique le plus prestigieux pour les lyc\u00e9ens du monde entier. Cette comp\u00e9tition scientifique repr\u00e9sente une occasion pour des lyc\u00e9ens exceptionnels issus de diff\u00e9rents pays, d\u2019affiner leurs comp\u00e9tences informatiques dans des domaines, tels que l\u2019analyse de probl\u00e8mes, la conception d\u2019algorithmes et de structures de donn\u00e9es, la programmation et les tests.<\/p>\n<p>Cette comp\u00e9tition vise \u00e0 susciter l\u2019int\u00e9r\u00eat des jeunes pour les nouvelles technologies de l\u2019information, \u00e0 am\u00e9liorer leur comp\u00e9tence en algorithmique et en informatique, \u00e0 encourager l\u2019esprit de comp\u00e9titivit\u00e9, d\u2019\u00e9quipe et de nationalisme et surtout, \u00e0 favoriser l\u2019\u00e9change de connaissances et d\u2019exp\u00e9riences entre les \u00e9l\u00e8ves..<\/p>\n<p>Chaque pays participant s\u00e9lectionne une \u00e9quipe de quatre candidats maximum pour le repr\u00e9senter \u00e0 cette comp\u00e9tition de deux jours. Chaque participant concourt individuellement pour maximiser son score en r\u00e9solvant trois probl\u00e8mes algorithmiques en cinq heures, rappelle-t-on.<\/p>\n<\/div>\n<p>Auteur: Meriem IGASS<br \/>\n<a href=\"http:\/\/www.mapmarrakech.ma\/fr\/participation-distinguee-du-maroc-a-la-32e-olympiade-dinformatique\/\">Cliquez ici pour lire l&rsquo;article depuis sa source.<\/a><\/p>\n","protected":false},"excerpt":{"rendered":"<p>Marrakech \u2013 Le Maroc s\u2019est nettement distingu\u00e9 lors de sa participation \u00e0 la 32\u00e8me Olympiade Internationale d\u2019Informatique (IOI 2020) organis\u00e9e \u00e0 distance par Singapour, en raison de la pand\u00e9mie de la Covid-19. L\u2019\u00e9quipe marocaine, qui a \u00e9t\u00e9 encadr\u00e9e par le professeur Anass Abou El Kalam, enseignant \u00e0 l\u2019Ecole Nationale des Sciences Appliqu\u00e9es (ENSA) relevant de [&hellip;]<\/p>\n","protected":false},"author":1788,"featured_media":0,"comment_status":"closed","ping_status":"closed","sticky":false,"template":"","format":"standard","meta":{"fifu_image_url":"","fifu_image_alt":"","footnotes":""},"categories":[54,76],"tags":[],"class_list":["post-99553","post","type-post","status-publish","format-standard","hentry","category-maroc","category-regions"],"_links":{"self":[{"href":"https:\/\/linitiative.ca\/International\/wp-json\/wp\/v2\/posts\/99553","targetHints":{"allow":["GET"]}}],"collection":[{"href":"https:\/\/linitiative.ca\/International\/wp-json\/wp\/v2\/posts"}],"about":[{"href":"https:\/\/linitiative.ca\/International\/wp-json\/wp\/v2\/types\/post"}],"author":[{"embeddable":true,"href":"https:\/\/linitiative.ca\/International\/wp-json\/wp\/v2\/users\/1788"}],"replies":[{"embeddable":true,"href":"https:\/\/linitiative.ca\/International\/wp-json\/wp\/v2\/comments?post=99553"}],"version-history":[{"count":0,"href":"https:\/\/linitiative.ca\/International\/wp-json\/wp\/v2\/posts\/99553\/revisions"}],"wp:attachment":[{"href":"https:\/\/linitiative.ca\/International\/wp-json\/wp\/v2\/media?parent=99553"}],"wp:term":[{"taxonomy":"category","embeddable":true,"href":"https:\/\/linitiative.ca\/International\/wp-json\/wp\/v2\/categories?post=99553"},{"taxonomy":"post_tag","embeddable":true,"href":"https:\/\/linitiative.ca\/International\/wp-json\/wp\/v2\/tags?post=99553"}],"curies":[{"name":"wp","href":"https:\/\/api.w.org\/{rel}","templated":true}]}}