{"id":99571,"date":"2020-09-21T17:08:28","date_gmt":"2020-09-21T21:08:28","guid":{"rendered":"https:\/\/linitiative.ca\/International\/nomination-dun-president-civil-de-transition-au-mali-2\/"},"modified":"2020-09-21T17:08:28","modified_gmt":"2020-09-21T21:08:28","slug":"nomination-dun-president-civil-de-transition-au-mali-2","status":"publish","type":"post","link":"https:\/\/linitiative.ca\/International\/nomination-dun-president-civil-de-transition-au-mali-2\/","title":{"rendered":"NOMINATION D\u2019UN PRESIDENT CIVIL DE TRANSITION AU MALI"},"content":{"rendered":"<div class=\"stream-item stream-item-above-post-content\">\n<p><noscript><\/p>\n<p><a href=\"\/\/www3.smartadserver.com\/ac?jump=1&amp;nwid=2136&amp;siteid=240610&amp;pgname=rg&amp;fmtid=49046&amp;visit=m&amp;tmstp=[timestamp]&amp;out=nonrich\" target=\"_blank\" rel=\"noopener noreferrer\"><img decoding=\"async\" src=\"http:\/\/www3.smartadserver.com\/ac?out=nonrich&amp;nwid=2136&amp;siteid=240610&amp;pgname=rg&amp;fmtid=49046&amp;visit=m&amp;tmstp=[timestamp]\" border=\"0\" alt=\"\"\/><\/a><\/p>\n<p><\/noscript><\/div>\n<p class=\"c3\"><em>La fum\u00e9e blanche est enfin sortie hier des concertations entam\u00e9es par la junte militaire avec les acteurs de la classe politique, de la soci\u00e9t\u00e9 civile malienne, etc. En effet, elles ont abouti \u00e0 la nomination de l\u2019ex-ministre de la D\u00e9fense, Bah N\u2019Daw, comme pr\u00e9sident de la Transition, et du colonel Assimi Go\u00efta comme vice-pr\u00e9sident. En attendant que ces nominations soient accept\u00e9es par la CEDEAO, l\u2019on peut dire que l\u2019oiseau rare a \u00e9t\u00e9 enfin trouv\u00e9 et ce, quarante-huit heures avant l\u2019expiration de l\u2019ultimatum de cette instance sous-r\u00e9gionale qui avait, lors de son mini-sommet \u00e0 Accra au Ghana, r\u00e9it\u00e9r\u00e9 l\u2019ordre \u00e0 la junte militaire de d\u00e9signer un pr\u00e9sident et un Premier ministre civils pour diriger la transition politique au Mali. A pr\u00e9sent que l\u2019on sait qui pr\u00e9sidera momentan\u00e9ment aux destin\u00e9es du Mali, la CEDEAO va-t-elle illico presto lever les sanctions\u00a0? En tout cas, il faut souhaiter que cette instance d\u2019int\u00e9gration sous-r\u00e9gionale aille dans ce sens d\u2019autant que l\u2019\u00e9conomie malienne est au bord de l\u2019asphyxie. Le moins que l\u2019on puisse dire, c\u2019est qu\u2019Assimi Go\u00efta et ses fr\u00e8res d\u2019armes auront pris une sage d\u00e9cision car, il ne servait \u00e0 rien de continuer \u00e0 jouer avec les nerfs des chefs d\u2019Etat de la CEDEAO, au risque de plonger davantage le pays dans le gouffre. Cela dit, les hommes en treillis avaient-ils vraiment le choix\u00a0? La r\u00e9ponse est non. Il est vrai que les tombeurs d\u2019Ibrahim Boubacar Ke\u00efta, avaient l\u2019intention de d\u00e9poser leurs p\u00e9nates au palais de Koulouba qu\u2019ils disaient \u00eatre venus balayer mais l\u2019\u00e9tau qui se resserrait autour d\u2019eux, ne leur offrait pas d\u2019autre choix que de satisfaire aux exigences de la CEDEAO. Ils \u00e9taient d\u2019autant plus accul\u00e9s que le Mouvement du 5 juin (M5-RFP) qui a secou\u00e9 le cocotier pour qu\u2019IBK tombe comme un fruit m\u00fbr par la junte, est rest\u00e9 intraitable sur le choix des dirigeants de la Transition. Et c\u2019est \u00e0 son honneur car, il aura contribu\u00e9 ainsi \u00e0 \u00e9viter la confiscation du pouvoir par l\u2019arm\u00e9e.<\/em><\/p>\n<p class=\"c4\"><strong><em>Apr\u00e8s 60 ans d\u2019ind\u00e9pendance, les Maliens n\u2019ont ni la s\u00e9curit\u00e9, ni la prosp\u00e9rit\u00e9 encore moins la paix<\/em><\/strong><\/p>\n<p class=\"c3\"><em>Cela \u00e9tant, la junte n\u2019aura pas tout perdu puisqu\u2019elle s\u2019adjuge la vice- pr\u00e9sidence et ce, pour une p\u00e9riode de 18 mois. Il faut m\u00eame craindre qu\u2019elle ne fasse ombrage au colonel-major \u00e0 la retraite car, selon toute vraisemblable, le poste de vice-pr\u00e9sident semblait avoir \u00e9t\u00e9 taill\u00e9 sur mesure. Heureusement que la CEDEAO qui n\u2019est pas dupe, a vite d\u00e9couvert le stratag\u00e8me de la junte et a recadr\u00e9 les choses en r\u00e9duisant la voilure de l\u2019actuel occupant de ce poste. En attendant de voir l\u2019ossature du gouvernement qui sera mis en place, l\u2019on peut dire que les Maliens auront, \u00e0 travers ces nominations, fait un pas de g\u00e9ant sur le chemin du retour \u00e0 l\u2019ordre constitutionnel. L\u2019acte est d\u2019autant plus important qu\u2019il est intervenu \u00e0 la veille de la c\u00e9l\u00e9bration du 60e anniversaire de l\u2019accession du Mali \u00e0 la souverainet\u00e9 nationale et internationale. Un ouf de soulagement donc pour les populations qui risquaient de ne pas avoir l\u2019esprit \u00e0 la f\u00eate au regard de la m\u00e9t\u00e9o politico-militaire qui pr\u00e9valait. Cela dit, on fait le constat que les militaires ont longtemps occup\u00e9 la sc\u00e8ne politique malienne. En effet, sur les 60 ans d\u2019ind\u00e9pendance, l\u2019arm\u00e9e aura dirig\u00e9 le Mali pendant plus de trois d\u00e9cennies. Et en termes de bilan, les Maliens ne devaient pas en \u00eatre fiers parce que les fruits, disons-le net, n\u2019auront pas tenu la promesse des fleurs. Cela est d\u2019autant plus vrai qu\u2019apr\u00e8s 60 ans d\u2019ind\u00e9pendance, les Maliens n\u2019ont ni la s\u00e9curit\u00e9, ni la prosp\u00e9rit\u00e9 encore moins la paix. En tout cas, la situation cr\u00e8ve les yeux. En d\u00e9pit de l\u2019assistance de la communaut\u00e9 internationale dont il b\u00e9n\u00e9ficie, force est de constater que le Mali est toujours \u00e0 la recherche de ses marques.<\/em><\/p>\n<p><strong><em>Dabadi ZOUMBARA<\/em><\/strong><\/p>\n<p>Auteur: Le Pays<br \/>\n<a href=\"http:\/\/lepays.bf\/nomination-dun-president-civil-de-transition-au-mali\/\">Cliquez ici pour lire l&rsquo;article depuis sa source.<\/a><\/p>\n","protected":false},"excerpt":{"rendered":"<p>La fum\u00e9e blanche est enfin sortie hier des concertations entam\u00e9es par la junte militaire avec les acteurs de la classe politique, de la soci\u00e9t\u00e9 civile malienne, etc. En effet, elles ont abouti \u00e0 la nomination de l\u2019ex-ministre de la D\u00e9fense, Bah N\u2019Daw, comme pr\u00e9sident de la Transition, et du colonel Assimi Go\u00efta comme vice-pr\u00e9sident. En [&hellip;]<\/p>\n","protected":false},"author":1813,"featured_media":0,"comment_status":"closed","ping_status":"closed","sticky":false,"template":"","format":"standard","meta":{"fifu_image_url":"","fifu_image_alt":"","footnotes":""},"categories":[73,81],"tags":[],"class_list":["post-99571","post","type-post","status-publish","format-standard","hentry","category-actualite","category-burkina-faso"],"_links":{"self":[{"href":"https:\/\/linitiative.ca\/International\/wp-json\/wp\/v2\/posts\/99571","targetHints":{"allow":["GET"]}}],"collection":[{"href":"https:\/\/linitiative.ca\/International\/wp-json\/wp\/v2\/posts"}],"about":[{"href":"https:\/\/linitiative.ca\/International\/wp-json\/wp\/v2\/types\/post"}],"author":[{"embeddable":true,"href":"https:\/\/linitiative.ca\/International\/wp-json\/wp\/v2\/users\/1813"}],"replies":[{"embeddable":true,"href":"https:\/\/linitiative.ca\/International\/wp-json\/wp\/v2\/comments?post=99571"}],"version-history":[{"count":0,"href":"https:\/\/linitiative.ca\/International\/wp-json\/wp\/v2\/posts\/99571\/revisions"}],"wp:attachment":[{"href":"https:\/\/linitiative.ca\/International\/wp-json\/wp\/v2\/media?parent=99571"}],"wp:term":[{"taxonomy":"category","embeddable":true,"href":"https:\/\/linitiative.ca\/International\/wp-json\/wp\/v2\/categories?post=99571"},{"taxonomy":"post_tag","embeddable":true,"href":"https:\/\/linitiative.ca\/International\/wp-json\/wp\/v2\/tags?post=99571"}],"curies":[{"name":"wp","href":"https:\/\/api.w.org\/{rel}","templated":true}]}}