{"id":99572,"date":"2020-09-21T17:45:20","date_gmt":"2020-09-21T21:45:20","guid":{"rendered":"https:\/\/linitiative.ca\/International\/securite-alimentaire-et-nutritionnelle-une-charte-en-cours-delaboration\/"},"modified":"2020-09-21T17:45:20","modified_gmt":"2020-09-21T21:45:20","slug":"securite-alimentaire-et-nutritionnelle-une-charte-en-cours-delaboration","status":"publish","type":"post","link":"https:\/\/linitiative.ca\/International\/securite-alimentaire-et-nutritionnelle-une-charte-en-cours-delaboration\/","title":{"rendered":"S\u00e9curit\u00e9 alimentaire  et nutritionnelle Une charte en cours d\u2019\u00e9laboration"},"content":{"rendered":"<div class=\"td-post-featured-image\"><a href=\"https:\/\/www.sidwaya.info\/wp-content\/uploads\/2020\/09\/sgsidway.jpg\" data-caption=\"\"><img loading=\"lazy\" decoding=\"async\" width=\"696\" height=\"464\" class=\"entry-thumb td-modal-image\" src=\"https:\/\/www.sidwaya.info\/wp-content\/uploads\/2020\/09\/sgsidway-696x464.jpg\" srcset=\"https:\/\/www.sidwaya.info\/wp-content\/uploads\/2020\/09\/sgsidway-696x464.jpg 696w, https:\/\/www.sidwaya.info\/wp-content\/uploads\/2020\/09\/sgsidway-300x200.jpg 300w, https:\/\/www.sidwaya.info\/wp-content\/uploads\/2020\/09\/sgsidway-768x512.jpg 768w, https:\/\/www.sidwaya.info\/wp-content\/uploads\/2020\/09\/sgsidway-630x420.jpg 630w, https:\/\/www.sidwaya.info\/wp-content\/uploads\/2020\/09\/sgsidway.jpg 869w\" sizes=\"auto, (max-width: 696px) 100vw, 696px\" alt=\"\" title=\"sgsidway\"\/><\/a><\/div>\n<p><strong>Le Programme alimentaire mondiale (PAM) en collaboration avec l\u2019ONG OXFAM et Action contre la faim (ACF) organise du 21 au 25 septembre 2020 \u00e0 Ouagadougou, un atelier d\u2019\u00e9laboration d\u2019une charte pour la coordination des interventions en mati\u00e8re de s\u00e9curit\u00e9 alimentaire et nutritionnelle au Burkina Faso.<\/strong><\/p>\n<p>Le Burkina Faso va disposer d\u2019une charte pour guider les actions de l\u2019ensemble des acteurs qui \u0153uvrent dans l\u2019humanitaire. En effet, un atelier d\u2019\u00e9laboration de ladite charte est organis\u00e9 du 21 au 25 septembre 2020 \u00e0 Ouagadougou, pour coordonner les interventions en mati\u00e8re de s\u00e9curit\u00e9 alimentaire et nutritionnelle, en s\u2019appuyant sur une base consensuelle minimale. L\u2019initiative vient du Conseil national de s\u00e9curit\u00e9 alimentaire (CNSA), du Programme alimentaire mondial (PAM), de l\u2019ONG OXFAM, de Action contre la faim (ACF) et leurs partenaires. Elle vise, selon ses responsables, \u00e0 mettre en \u0153uvre la Politique nationale de s\u00e9curit\u00e9 alimentaire et nutritionnelle \u00e0 travers le \u2018\u2019Projet de renforcement des capacit\u00e9s du dispositif national \u00e0 la pr\u00e9paration et \u00e0 la r\u00e9ponse aux situations d\u2019urgence dans les zones \u00e0 risque au Burkina Faso\u2019\u2019. Selon le directeur-pays par int\u00e9rim de OXFAM, Papa Sosth\u00e8ne Konat\u00e9, le Burkina Faso compte plusieurs acteurs humanitaires avec des capacit\u00e9s diversifi\u00e9es. C\u2019est pourquoi il a jug\u00e9 opportun et n\u00e9cessaire que ces acteurs renforcent leur coordination pour apporter des r\u00e9ponses efficientes aux crises humanitaires. \u00ab Une r\u00e9ponse de qualit\u00e9 \u00e0 une crise alimentaire va au-del\u00e0 de la simple mobilisation des ressources. Il faudra prendre en compte l\u2019imp\u00e9ratif de coordination et d\u2019harmonisation des actions pos\u00e9es par les multiples acteurs pr\u00e9sents sur le terrain \u00bb, a d\u00e9clar\u00e9 M. Konat\u00e9. Pour le secr\u00e9taire g\u00e9n\u00e9ral du minist\u00e8re de l\u2019Agriculture et des Am\u00e9nagements hydroagricoles, Dr Lamourdia Thiombiano, m\u00eame si le pays dispose de bons instruments de gestion des interventions dans les secteurs concern\u00e9s, il importe de veiller \u00e0 ce que les multiples appuis soient interconnect\u00e9s afin d\u2019aboutir \u00e0 des r\u00e9sultats plus probants. Il a, de ce fait, estim\u00e9 qu\u2019il est imp\u00e9ratif de mettre en place un syst\u00e8me de r\u00e8glementation sp\u00e9cifique qui viendra renforcer l\u2019environnement institutionnel de coordination des interventions en mati\u00e8re de s\u00e9curit\u00e9 alimentaire et nutritionnelle. \u00ab Si la multiplicit\u00e9 des interventions sur les m\u00eames th\u00e9matiques ou probl\u00e9matiques peut constituer dans une certaine mesure une bonne chose parce qu\u2019elle permet de fertiliser et de mettre en d\u00e9bat, les approches et les instruments mis en \u0153uvre, elle constitue cependant une source \u00e9vidente de doublons ou duplications, de gaspillage de ressources et de conflits d\u2019int\u00e9r\u00eats \u00bb, a dit Dr Thiombiano. Il a exhort\u00e9 les participants \u00e0 mener des d\u00e9bats francs, de sorte \u00e0 trouver des solutions consensuelles pour \u00e9laborer la charte, un document de r\u00e9f\u00e9rence qui sera examin\u00e9 puis adopt\u00e9 par l\u2019Assembl\u00e9e g\u00e9n\u00e9rale de 2020 du CNSA.<\/p>\n<p>Gaspard BAYALA<br \/>gaspardbayala87@gmail.com<\/p>\n<div class=\"td-a-rec td-a-rec-id-content_inline tdi_30_852 td_block_template_1\"><img loading=\"lazy\" decoding=\"async\" class=\"aligncenter size-full wp-image-21314\" src=\"https:\/\/www.sidwaya.info\/wp-content\/uploads\/2020\/04\/Bandeau-Covid-19-Sidwaya-1.jpg\" alt=\"\" width=\"790\" height=\"98\"\/><\/div>\n<div class=\"td-a-rec td-a-rec-id-content_bottom tdi_31_5d6 td_block_template_1\"><img loading=\"lazy\" decoding=\"async\" class=\"aligncenter size-full wp-image-22415\" src=\"https:\/\/www.sidwaya.info\/wp-content\/uploads\/2020\/05\/Bandeau-paiement-mobile-site.png\" alt=\"\" width=\"728\" height=\"90\"\/><\/div>\n<p>Auteur: BM. Sidwaya<br \/>\n<a href=\"https:\/\/www.sidwaya.info\/blog\/2020\/09\/21\/securite-alimentaire-et-nutritionnelle-une-charte-en-cours-delaboration\/\">Cliquez ici pour lire l&rsquo;article depuis sa source.<\/a><\/p>\n","protected":false},"excerpt":{"rendered":"<p>Le Programme alimentaire mondiale (PAM) en collaboration avec l\u2019ONG OXFAM et Action contre la faim (ACF) organise du 21 au 25 septembre 2020 \u00e0 Ouagadougou, un atelier d\u2019\u00e9laboration d\u2019une charte pour la coordination des interventions en mati\u00e8re de s\u00e9curit\u00e9 alimentaire et nutritionnelle au Burkina Faso. Le Burkina Faso va disposer d\u2019une charte pour guider les [&hellip;]<\/p>\n","protected":false},"author":1816,"featured_media":99574,"comment_status":"closed","ping_status":"closed","sticky":false,"template":"","format":"standard","meta":{"fifu_image_url":"","fifu_image_alt":"","footnotes":""},"categories":[73,81],"tags":[],"class_list":["post-99572","post","type-post","status-publish","format-standard","has-post-thumbnail","hentry","category-actualite","category-burkina-faso"],"_links":{"self":[{"href":"https:\/\/linitiative.ca\/International\/wp-json\/wp\/v2\/posts\/99572","targetHints":{"allow":["GET"]}}],"collection":[{"href":"https:\/\/linitiative.ca\/International\/wp-json\/wp\/v2\/posts"}],"about":[{"href":"https:\/\/linitiative.ca\/International\/wp-json\/wp\/v2\/types\/post"}],"author":[{"embeddable":true,"href":"https:\/\/linitiative.ca\/International\/wp-json\/wp\/v2\/users\/1816"}],"replies":[{"embeddable":true,"href":"https:\/\/linitiative.ca\/International\/wp-json\/wp\/v2\/comments?post=99572"}],"version-history":[{"count":0,"href":"https:\/\/linitiative.ca\/International\/wp-json\/wp\/v2\/posts\/99572\/revisions"}],"wp:featuredmedia":[{"embeddable":true,"href":"https:\/\/linitiative.ca\/International\/wp-json\/"}],"wp:attachment":[{"href":"https:\/\/linitiative.ca\/International\/wp-json\/wp\/v2\/media?parent=99572"}],"wp:term":[{"taxonomy":"category","embeddable":true,"href":"https:\/\/linitiative.ca\/International\/wp-json\/wp\/v2\/categories?post=99572"},{"taxonomy":"post_tag","embeddable":true,"href":"https:\/\/linitiative.ca\/International\/wp-json\/wp\/v2\/tags?post=99572"}],"curies":[{"name":"wp","href":"https:\/\/api.w.org\/{rel}","templated":true}]}}