{"id":99577,"date":"2020-09-21T17:48:09","date_gmt":"2020-09-21T21:48:09","guid":{"rendered":"https:\/\/linitiative.ca\/International\/assemblee-nationale-deux-bureaux-partis-en-fumee-2\/"},"modified":"2020-09-21T17:48:09","modified_gmt":"2020-09-21T21:48:09","slug":"assemblee-nationale-deux-bureaux-partis-en-fumee-2","status":"publish","type":"post","link":"https:\/\/linitiative.ca\/International\/assemblee-nationale-deux-bureaux-partis-en-fumee-2\/","title":{"rendered":"Assembl\u00e9e nationale: deux bureaux partis en fum\u00e9e"},"content":{"rendered":"<div class=\"td-post-sharing-top td-post-sharing td-ps-bg td-ps-padding td-ps-bar td-post-sharing-style6\">\n<div class=\"td-post-sharing-visible\"><a class=\"td-social-sharing-button td-social-sharing-button-js td-social-network td-social-facebook\" href=\"https:\/\/www.facebook.com\/sharer.php?u=https%3A%2F%2Fwww.sidwaya.info%2Fblog%2F2020%2F09%2F21%2Fassemblee-nationale-deux-bureaux-partis-en-fumee%2F\"\/><\/p>\n<p>Facebook<\/p>\n<p><a class=\"td-social-sharing-button td-social-sharing-button-js td-social-network td-social-twitter\" href=\"https:\/\/twitter.com\/intent\/tweet?text=Assembl%C3%A9e+nationale%3A+deux+bureaux+partis+en+fum%C3%A9e&amp;url=https%3A%2F%2Fwww.sidwaya.info%2Fblog%2F2020%2F09%2F21%2Fassemblee-nationale-deux-bureaux-partis-en-fumee%2F&amp;via=Quotidien+Sidwaya\"\/><\/p>\n<p>Twitter<\/p>\n<p><a class=\"td-social-sharing-button td-social-sharing-button-js td-social-network td-social-pinterest\" href=\"https:\/\/pinterest.com\/pin\/create\/button\/?url=https:\/\/www.sidwaya.info\/blog\/2020\/09\/21\/assemblee-nationale-deux-bureaux-partis-en-fumee\/&amp;media=https:\/\/www.sidwaya.info\/wp-content\/uploads\/2020\/09\/assemblen22.jpg&amp;description=Assembl%C3%A9e+nationale%3A+deux+bureaux+partis+en+fum%C3%A9e\"\/><\/p>\n<p>Pinterest<\/p>\n<p><a class=\"td-social-sharing-button td-social-sharing-button-js td-social-network td-social-whatsapp\" href=\"whatsapp:\/\/send?text=Assembl%C3%A9e+nationale%3A+deux+bureaux+partis+en+fum%C3%A9e%20%0A%0A%20https:\/\/www.sidwaya.info\/blog\/2020\/09\/21\/assemblee-nationale-deux-bureaux-partis-en-fumee\/\"\/><\/p>\n<p>WhatsApp<\/p>\n<p><a class=\"td-social-sharing-button td-social-sharing-button-js td-social-network td-social-linkedin\" href=\"https:\/\/www.linkedin.com\/shareArticle?mini=true&amp;url=https:\/\/www.sidwaya.info\/blog\/2020\/09\/21\/assemblee-nationale-deux-bureaux-partis-en-fumee\/&amp;title=Assembl%C3%A9e+nationale%3A+deux+bureaux+partis+en+fum%C3%A9e\"\/><\/p>\n<p>Linkedin<\/p>\n<p><a class=\"td-social-sharing-button td-social-sharing-button-js td-social-network td-social-mail\" href=\"mailto:?subject=Assembl%C3%A9e%20nationale:%20deux%20bureaux%20partis%20en%20fum%C3%A9e&amp;body=https:\/\/www.sidwaya.info\/blog\/2020\/09\/21\/assemblee-nationale-deux-bureaux-partis-en-fumee\/\"\/><\/p>\n<p>Email<\/p>\n<p><a class=\"td-social-sharing-button td-social-sharing-button-js td-social-network td-social-print\" href=\"#\"\/><\/p>\n<p>Print<\/p>\n<p><a class=\"td-social-sharing-button td-social-sharing-button-js td-social-network td-social-tumblr\" href=\"https:\/\/www.tumblr.com\/share\/link?url=https:\/\/www.sidwaya.info\/blog\/2020\/09\/21\/assemblee-nationale-deux-bureaux-partis-en-fumee\/&amp;name=Assembl%C3%A9e%20nationale:%20deux%20bureaux%20partis%20en%20fum%C3%A9e\"\/><\/p>\n<p>Tumblr<\/p>\n<p><a class=\"td-social-sharing-button td-social-sharing-button-js td-social-network td-social-telegram\" href=\"https:\/\/telegram.me\/share\/url?url=https:\/\/www.sidwaya.info\/blog\/2020\/09\/21\/assemblee-nationale-deux-bureaux-partis-en-fumee\/&amp;text=Assembl%C3%A9e+nationale%3A+deux+bureaux+partis+en+fum%C3%A9e\"\/><\/p>\n<p>Telegram<\/p>\n<p><a class=\"td-social-sharing-button td-social-sharing-button-js td-social-network td-social-viber\" href=\"viber:\/\/forward?text=Assembl%C3%A9e+nationale%3A+deux+bureaux+partis+en+fum%C3%A9e%20https:\/\/www.sidwaya.info\/blog\/2020\/09\/21\/assemblee-nationale-deux-bureaux-partis-en-fumee\/\"\/><\/p>\n<p>Viber<\/p>\n<p><a class=\"td-social-sharing-button td-social-sharing-button-js td-social-network td-social-naver\" href=\"https:\/\/share.naver.com\/web\/shareView.nhn?url=https:\/\/www.sidwaya.info\/blog\/2020\/09\/21\/assemblee-nationale-deux-bureaux-partis-en-fumee\/&amp;title=Assembl%C3%A9e+nationale%3A+deux+bureaux+partis+en+fum%C3%A9e\"\/><\/p>\n<p>Naver<\/p>\n<\/div>\n<\/div>\n<div class=\"td-post-content tagdiv-type\" readability=\"41\">\n<div class=\"td-post-featured-image\"><a href=\"https:\/\/www.sidwaya.info\/wp-content\/uploads\/2020\/09\/assemblen22.jpg\" data-caption=\"\"><img loading=\"lazy\" decoding=\"async\" width=\"696\" height=\"464\" class=\"entry-thumb td-modal-image\" src=\"https:\/\/www.sidwaya.info\/wp-content\/uploads\/2020\/09\/assemblen22-696x464.jpg\" srcset=\"https:\/\/www.sidwaya.info\/wp-content\/uploads\/2020\/09\/assemblen22-696x464.jpg 696w, https:\/\/www.sidwaya.info\/wp-content\/uploads\/2020\/09\/assemblen22-300x200.jpg 300w, https:\/\/www.sidwaya.info\/wp-content\/uploads\/2020\/09\/assemblen22-768x512.jpg 768w, https:\/\/www.sidwaya.info\/wp-content\/uploads\/2020\/09\/assemblen22-630x420.jpg 630w, https:\/\/www.sidwaya.info\/wp-content\/uploads\/2020\/09\/assemblen22.jpg 974w\" sizes=\"auto, (max-width: 696px) 100vw, 696px\" alt=\"\" title=\"assemblen22\"\/><\/a><\/div>\n<p>Un incendie s\u2019est d\u00e9clench\u00e9, le lundi 21 septembre 2020, aux environs de 11 heures dans les locaux de l\u2019Assembl\u00e9e nationale. D\u2019origine non encore \u00e9lucid\u00e9e, le feu a touch\u00e9 le b\u00e2timent principal abritant les bureaux du cabinet du pr\u00e9sident de l\u2019Assembl\u00e9e nationale. \u00ab On d\u00e9plore deux bureaux consum\u00e9s et d\u2019importants d\u00e9g\u00e2ts mat\u00e9riels \u00bb, selon une source. L\u2019intervention des sapeurs-pompiers a permis de circonscrire l\u2019incendie qui n\u2019a fait heureusement aucune victime. Le pr\u00e9sident de l\u2019Assembl\u00e9e nationale, Alassane Bala Sakand\u00e9, s\u2019est rendu sur les lieux afin de s\u2019enqu\u00e9rir de la situation. Il a f\u00e9licit\u00e9 les acteurs engag\u00e9s dans l\u2019op\u00e9ration de secours et instruit qu\u2019une enqu\u00eate soit diligent\u00e9e pour conna\u00eetre les vraies causes de l\u2019incendie.<br \/>La R\u00e9daction<\/p>\n<div class=\"td-a-rec td-a-rec-id-content_bottom tdi_30_343 td_block_template_1\"><img loading=\"lazy\" decoding=\"async\" class=\"aligncenter size-full wp-image-22415\" src=\"https:\/\/www.sidwaya.info\/wp-content\/uploads\/2020\/05\/Bandeau-paiement-mobile-site.png\" alt=\"\" width=\"728\" height=\"90\"\/><\/div>\n<\/div>\n<footer>\n<div class=\"td-post-sharing-bottom\">\n<p><iframe frameborder=\"0\" src=\"https:\/\/www.facebook.com\/plugins\/like.php?href=https:\/\/www.sidwaya.info\/blog\/2020\/09\/21\/assemblee-nationale-deux-bureaux-partis-en-fumee\/&amp;layout=button_count&amp;show_faces=false&amp;width=105&amp;action=like&amp;colorscheme=light&amp;height=21\" class=\"c1\">[embedded content]<\/iframe><\/p>\n<div id=\"td_social_sharing_article_bottom\" class=\"td-post-sharing td-ps-bg td-ps-padding td-post-sharing-style7\">\n<div class=\"td-post-sharing-visible\"><a class=\"td-social-sharing-button td-social-sharing-button-js td-social-network td-social-facebook\" href=\"https:\/\/www.facebook.com\/sharer.php?u=https%3A%2F%2Fwww.sidwaya.info%2Fblog%2F2020%2F09%2F21%2Fassemblee-nationale-deux-bureaux-partis-en-fumee%2F\"\/><\/p>\n<p>Facebook<\/p>\n<p><a class=\"td-social-sharing-button td-social-sharing-button-js td-social-network td-social-twitter\" href=\"https:\/\/twitter.com\/intent\/tweet?text=Assembl%C3%A9e+nationale%3A+deux+bureaux+partis+en+fum%C3%A9e&amp;url=https%3A%2F%2Fwww.sidwaya.info%2Fblog%2F2020%2F09%2F21%2Fassemblee-nationale-deux-bureaux-partis-en-fumee%2F&amp;via=Quotidien+Sidwaya\"\/><\/p>\n<p>Twitter<\/p>\n<p><a class=\"td-social-sharing-button td-social-sharing-button-js td-social-network td-social-pinterest\" href=\"https:\/\/pinterest.com\/pin\/create\/button\/?url=https:\/\/www.sidwaya.info\/blog\/2020\/09\/21\/assemblee-nationale-deux-bureaux-partis-en-fumee\/&amp;media=https:\/\/www.sidwaya.info\/wp-content\/uploads\/2020\/09\/assemblen22.jpg&amp;description=Assembl%C3%A9e+nationale%3A+deux+bureaux+partis+en+fum%C3%A9e\"\/><\/p>\n<p>Pinterest<\/p>\n<p><a class=\"td-social-sharing-button td-social-sharing-button-js td-social-network td-social-whatsapp\" href=\"whatsapp:\/\/send?text=Assembl%C3%A9e+nationale%3A+deux+bureaux+partis+en+fum%C3%A9e%20%0A%0A%20https:\/\/www.sidwaya.info\/blog\/2020\/09\/21\/assemblee-nationale-deux-bureaux-partis-en-fumee\/\"\/><\/p>\n<p>WhatsApp<\/p>\n<p><a class=\"td-social-sharing-button td-social-sharing-button-js td-social-network td-social-linkedin\" href=\"https:\/\/www.linkedin.com\/shareArticle?mini=true&amp;url=https:\/\/www.sidwaya.info\/blog\/2020\/09\/21\/assemblee-nationale-deux-bureaux-partis-en-fumee\/&amp;title=Assembl%C3%A9e+nationale%3A+deux+bureaux+partis+en+fum%C3%A9e\"\/><\/p>\n<p>Linkedin<\/p>\n<p><a class=\"td-social-sharing-button td-social-sharing-button-js td-social-network td-social-mail\" href=\"mailto:?subject=Assembl%C3%A9e%20nationale:%20deux%20bureaux%20partis%20en%20fum%C3%A9e&amp;body=https:\/\/www.sidwaya.info\/blog\/2020\/09\/21\/assemblee-nationale-deux-bureaux-partis-en-fumee\/\"\/><\/p>\n<p>Email<\/p>\n<p><a class=\"td-social-sharing-button td-social-sharing-button-js td-social-network td-social-print\" href=\"#\"\/><\/p>\n<p>Print<\/p>\n<p><a class=\"td-social-sharing-button td-social-sharing-button-js td-social-network td-social-tumblr\" href=\"https:\/\/www.tumblr.com\/share\/link?url=https:\/\/www.sidwaya.info\/blog\/2020\/09\/21\/assemblee-nationale-deux-bureaux-partis-en-fumee\/&amp;name=Assembl%C3%A9e%20nationale:%20deux%20bureaux%20partis%20en%20fum%C3%A9e\"\/><\/p>\n<p>Tumblr<\/p>\n<p><a class=\"td-social-sharing-button td-social-sharing-button-js td-social-network td-social-telegram\" href=\"https:\/\/telegram.me\/share\/url?url=https:\/\/www.sidwaya.info\/blog\/2020\/09\/21\/assemblee-nationale-deux-bureaux-partis-en-fumee\/&amp;text=Assembl%C3%A9e+nationale%3A+deux+bureaux+partis+en+fum%C3%A9e\"\/><\/p>\n<p>Telegram<\/p>\n<p><a class=\"td-social-sharing-button td-social-sharing-button-js td-social-network td-social-viber\" href=\"viber:\/\/forward?text=Assembl%C3%A9e+nationale%3A+deux+bureaux+partis+en+fum%C3%A9e%20https:\/\/www.sidwaya.info\/blog\/2020\/09\/21\/assemblee-nationale-deux-bureaux-partis-en-fumee\/\"\/><\/p>\n<p>Viber<\/p>\n<p><a class=\"td-social-sharing-button td-social-sharing-button-js td-social-network td-social-naver\" href=\"https:\/\/share.naver.com\/web\/shareView.nhn?url=https:\/\/www.sidwaya.info\/blog\/2020\/09\/21\/assemblee-nationale-deux-bureaux-partis-en-fumee\/&amp;title=Assembl%C3%A9e+nationale%3A+deux+bureaux+partis+en+fum%C3%A9e\"\/><\/p>\n<p>Naver<\/p>\n<\/div>\n<\/div>\n<\/div>\n<div class=\"td-block-row td-post-next-prev\">\n<div class=\"td-block-span6 td-post-prev-post td-post-next-prev-content\"><span>Article pr\u00e9c\u00e9dent<\/span><a href=\"https:\/\/www.sidwaya.info\/blog\/2020\/09\/21\/securite-alimentaire-et-nutritionnelle-une-charte-en-cours-delaboration\/\">S\u00e9curit\u00e9 alimentaire et nutritionnelle Une charte en cours d\u2019\u00e9laboration<\/a><\/div>\n<div class=\"td-block-span6 td-post-next-post td-post-next-prev-content\"><span>Article suivant<\/span><a href=\"https:\/\/www.sidwaya.info\/blog\/2020\/09\/21\/mali-bah-ndaw-le-chemin-de-lespoir\/\">Mali : Bah N\u2019Daw, le chemin de l\u2019espoir<\/a><\/div>\n<\/div>\n<\/footer>\n<p>Auteur: BM. Sidwaya<br \/>\n<a href=\"https:\/\/www.sidwaya.info\/blog\/2020\/09\/21\/assemblee-nationale-deux-bureaux-partis-en-fumee\/\">Cliquez ici pour lire l&rsquo;article depuis sa source.<\/a><\/p>\n","protected":false},"excerpt":{"rendered":"<p>Facebook Twitter Pinterest WhatsApp Linkedin Email Print Tumblr Telegram Viber Naver Un incendie s\u2019est d\u00e9clench\u00e9, le lundi 21 septembre 2020, aux environs de 11 heures dans les locaux de l\u2019Assembl\u00e9e nationale. D\u2019origine non encore \u00e9lucid\u00e9e, le feu a touch\u00e9 le b\u00e2timent principal abritant les bureaux du cabinet du pr\u00e9sident de l\u2019Assembl\u00e9e nationale. \u00ab On d\u00e9plore [&hellip;]<\/p>\n","protected":false},"author":1816,"featured_media":99579,"comment_status":"closed","ping_status":"closed","sticky":false,"template":"","format":"standard","meta":{"fifu_image_url":"","fifu_image_alt":"","footnotes":""},"categories":[73,81],"tags":[],"class_list":["post-99577","post","type-post","status-publish","format-standard","has-post-thumbnail","hentry","category-actualite","category-burkina-faso"],"_links":{"self":[{"href":"https:\/\/linitiative.ca\/International\/wp-json\/wp\/v2\/posts\/99577","targetHints":{"allow":["GET"]}}],"collection":[{"href":"https:\/\/linitiative.ca\/International\/wp-json\/wp\/v2\/posts"}],"about":[{"href":"https:\/\/linitiative.ca\/International\/wp-json\/wp\/v2\/types\/post"}],"author":[{"embeddable":true,"href":"https:\/\/linitiative.ca\/International\/wp-json\/wp\/v2\/users\/1816"}],"replies":[{"embeddable":true,"href":"https:\/\/linitiative.ca\/International\/wp-json\/wp\/v2\/comments?post=99577"}],"version-history":[{"count":0,"href":"https:\/\/linitiative.ca\/International\/wp-json\/wp\/v2\/posts\/99577\/revisions"}],"wp:featuredmedia":[{"embeddable":true,"href":"https:\/\/linitiative.ca\/International\/wp-json\/"}],"wp:attachment":[{"href":"https:\/\/linitiative.ca\/International\/wp-json\/wp\/v2\/media?parent=99577"}],"wp:term":[{"taxonomy":"category","embeddable":true,"href":"https:\/\/linitiative.ca\/International\/wp-json\/wp\/v2\/categories?post=99577"},{"taxonomy":"post_tag","embeddable":true,"href":"https:\/\/linitiative.ca\/International\/wp-json\/wp\/v2\/tags?post=99577"}],"curies":[{"name":"wp","href":"https:\/\/api.w.org\/{rel}","templated":true}]}}