{"id":99581,"date":"2020-09-21T17:49:07","date_gmt":"2020-09-21T21:49:07","guid":{"rendered":"https:\/\/linitiative.ca\/International\/mali-bah-ndaw-le-chemin-de-lespoir-2\/"},"modified":"2020-09-21T17:49:07","modified_gmt":"2020-09-21T21:49:07","slug":"mali-bah-ndaw-le-chemin-de-lespoir-2","status":"publish","type":"post","link":"https:\/\/linitiative.ca\/International\/mali-bah-ndaw-le-chemin-de-lespoir-2\/","title":{"rendered":"Mali : Bah N\u2019Daw, le chemin de l\u2019espoir"},"content":{"rendered":"<p>Le Mali conna\u00eet enfin l\u2019identit\u00e9 de son pr\u00e9sident et de son vice-pr\u00e9sident de Transition. Il s\u2019agit respectivement de l\u2019ex-ministre de la D\u00e9fense, Bah N\u2019Daw et du chef de la junte, colonel Assimi Goita, qui a lui-m\u00eame fait l\u2019annonce hier, lundi 21 septembre \u00e0 ses compatriotes. La d\u00e9signation de ces deux responsables qui auront la lourde charge de diriger la Transition intervient \u00e0 quelques heures de la fin de l\u2019ultimatum de la Communaut\u00e9 \u00e9conomique des Etats de l\u2019Afrique de l\u2019Ouest (CEDEAO). Faut-il le rappeler, les \u00ab tombeurs\u00bb de Ibrahim Boubacar Ke\u00efta avaient \u00e9t\u00e9 somm\u00e9s par les dirigeants de l\u2019organisation ouest africaine de d\u00e9signer des civils \u00e0 la t\u00eate de cette transition, au risque de voir une s\u00e9rie de sanctions s\u2019abattre sur eux. Mais, le choix de cet ancien militaire fera-t-il le poids devant la classe politique malienne qui exigeait, elle aussi, la nomination de civils \u00e0 la t\u00eate du pays ? Le moins que l\u2019on puisse dire, c\u2019est que le choix du colonel Assimi Goita, vice-pr\u00e9sident de cette transition se trouve aux antipodes des crit\u00e8res des dirigeants ouest africains qui ne voulaient pas d\u2019un homme en treillis.<br \/>Face au choix de ces deux personnalit\u00e9s, tout porte \u00e0 croire que l\u2019ambition du Conseil national du salut du peuple (CNSP) qui entendait, au lendemain du putsch, donner une direction militaire \u00e0 la transition est en passe de se r\u00e9aliser. En voulant prendre les commandes du pays, les militaires ont pr\u00e9text\u00e9 de la n\u00e9cessit\u00e9 de \u00ab refonder l\u2019\u00c9tat et les institutions du pays \u00bb, d\u00e9cri\u00e9s dans leurs formes actuelles. Un discours qui, vraisemblablement, avait s\u00e9duit la majorit\u00e9 des Maliens sans m\u00eame \u00eatre certains de la sinc\u00e9rit\u00e9 des putschistes.<br \/>D\u00e8s lors, l\u2019on est en droit de se demander si l\u2019ex-ministre de la D\u00e9fense, Bah N\u2019Daw et le colonel Assimi Goita sont une alternative cr\u00e9dible \u00e0 une classe politique vou\u00e9e aux g\u00e9monies et rest\u00e9e parfois muette face aux diff\u00e9rentes revendications. C\u2019est un questionnement qui taraude d\u00e9j\u00e0 l\u2019esprit de bien d\u2019analystes, tant au Mali qu\u2019\u00e0 l\u2019ext\u00e9rieur du pays. Mais, au-del\u00e0, l\u2019important pour les nouveaux dirigeants \u00ab transitoires \u00bb, c\u2019est de se pencher sur les axes de d\u00e9veloppement. En effet, meurtris par les attaques terroristes et les effets n\u00e9fastes de l\u2019embargo \u00e9conomique de la CEDEAO, les Maliens esp\u00e8rent voir la gouvernance d\u00e9mocratique de leur pays se renforcer. Las de tous ces soubresauts, le peuple ne r\u00eave que la stabilit\u00e9, la coh\u00e9sion sociale et la relance de son \u00e9conomie, ainsi que l\u2019organisation d\u2019\u00e9lections g\u00e9n\u00e9rales libres et cr\u00e9dibles afin de redorer le blason du pays, dans le concert des Nations. Toutefois, gageons que les nouveaux dirigeants aient mis sur la table, les vrais enjeux de la crise pour qu\u2019avec l\u2019aide de tous les acteurs, les probl\u00e8mes auxquels le pays est confront\u00e9 trouvent des solutions d\u00e9finitives. Sinon, il sera difficile de sortir des troubles avec le risque de voir l\u2019histoire se r\u00e9p\u00e9ter. C\u2019est pourquoi, Bah N\u2019Daw et les siens doivent jouer franc jeu pour ne pas que l\u2019euphorie suscit\u00e9e par le d\u00e9part du pr\u00e9sident IBK ne devienne pas un leurre. Cela, pour ne pas donner raison aux partisans de \u00ab la critique facile \u00bb qui croient en l\u2019incapacit\u00e9 des pays africains \u00e0 trouver des solutions endog\u00e8nes.<br \/>Cette transition ne devrait pas \u00ab s\u2019\u00e9terniser \u00bb, ni \u00eatre per\u00e7ue comme l\u2019occasion ultime de r\u00e9gler tous les probl\u00e8mes du Mali. Les parties prenantes du \u00abfeuilleton \u00bb malien, gagneraient plut\u00f4t \u00e0 travailler pour que ce vaste pays puisse retrouver le chemin de l\u2019espoir et du combat pour son d\u00e9veloppement.<\/p>\n<p>Souma\u00efla<br \/>BONKOUNGOU<\/p>\n<div class=\"td-a-rec td-a-rec-id-content_bottom tdi_30_65f td_block_template_1\"><img loading=\"lazy\" decoding=\"async\" class=\"aligncenter size-full wp-image-22415\" src=\"https:\/\/www.sidwaya.info\/wp-content\/uploads\/2020\/05\/Bandeau-paiement-mobile-site.png\" alt=\"\" width=\"728\" height=\"90\"\/><\/div>\n<p>Auteur: BM. Sidwaya<br \/>\n<a href=\"https:\/\/www.sidwaya.info\/blog\/2020\/09\/21\/mali-bah-ndaw-le-chemin-de-lespoir\/\">Cliquez ici pour lire l&rsquo;article depuis sa source.<\/a><\/p>\n","protected":false},"excerpt":{"rendered":"<p>Le Mali conna\u00eet enfin l\u2019identit\u00e9 de son pr\u00e9sident et de son vice-pr\u00e9sident de Transition. Il s\u2019agit respectivement de l\u2019ex-ministre de la D\u00e9fense, Bah N\u2019Daw et du chef de la junte, colonel Assimi Goita, qui a lui-m\u00eame fait l\u2019annonce hier, lundi 21 septembre \u00e0 ses compatriotes. La d\u00e9signation de ces deux responsables qui auront la lourde [&hellip;]<\/p>\n","protected":false},"author":1816,"featured_media":99583,"comment_status":"closed","ping_status":"closed","sticky":false,"template":"","format":"standard","meta":{"fifu_image_url":"","fifu_image_alt":"","footnotes":""},"categories":[73,81],"tags":[],"class_list":["post-99581","post","type-post","status-publish","format-standard","has-post-thumbnail","hentry","category-actualite","category-burkina-faso"],"_links":{"self":[{"href":"https:\/\/linitiative.ca\/International\/wp-json\/wp\/v2\/posts\/99581","targetHints":{"allow":["GET"]}}],"collection":[{"href":"https:\/\/linitiative.ca\/International\/wp-json\/wp\/v2\/posts"}],"about":[{"href":"https:\/\/linitiative.ca\/International\/wp-json\/wp\/v2\/types\/post"}],"author":[{"embeddable":true,"href":"https:\/\/linitiative.ca\/International\/wp-json\/wp\/v2\/users\/1816"}],"replies":[{"embeddable":true,"href":"https:\/\/linitiative.ca\/International\/wp-json\/wp\/v2\/comments?post=99581"}],"version-history":[{"count":0,"href":"https:\/\/linitiative.ca\/International\/wp-json\/wp\/v2\/posts\/99581\/revisions"}],"wp:featuredmedia":[{"embeddable":true,"href":"https:\/\/linitiative.ca\/International\/wp-json\/"}],"wp:attachment":[{"href":"https:\/\/linitiative.ca\/International\/wp-json\/wp\/v2\/media?parent=99581"}],"wp:term":[{"taxonomy":"category","embeddable":true,"href":"https:\/\/linitiative.ca\/International\/wp-json\/wp\/v2\/categories?post=99581"},{"taxonomy":"post_tag","embeddable":true,"href":"https:\/\/linitiative.ca\/International\/wp-json\/wp\/v2\/tags?post=99581"}],"curies":[{"name":"wp","href":"https:\/\/api.w.org\/{rel}","templated":true}]}}