{"id":99584,"date":"2020-09-21T17:52:21","date_gmt":"2020-09-21T21:52:21","guid":{"rendered":"https:\/\/linitiative.ca\/International\/comparution-de-bassolma-baziela-recommandation-du-conseil-de-discipline-attendue\/"},"modified":"2020-09-21T17:52:21","modified_gmt":"2020-09-21T21:52:21","slug":"comparution-de-bassolma-baziela-recommandation-du-conseil-de-discipline-attendue","status":"publish","type":"post","link":"https:\/\/linitiative.ca\/International\/comparution-de-bassolma-baziela-recommandation-du-conseil-de-discipline-attendue\/","title":{"rendered":"Comparution de Bassolma Bazi\u00e9:la recommandation  du conseil de discipline attendue"},"content":{"rendered":"<div class=\"td-post-featured-image\"><a href=\"https:\/\/www.sidwaya.info\/wp-content\/uploads\/2020\/09\/gle-basolmabazie.jpg\" data-caption=\"\"><img loading=\"lazy\" decoding=\"async\" width=\"696\" height=\"392\" class=\"entry-thumb td-modal-image\" src=\"https:\/\/www.sidwaya.info\/wp-content\/uploads\/2020\/09\/gle-basolmabazie-696x392.jpg\" srcset=\"https:\/\/www.sidwaya.info\/wp-content\/uploads\/2020\/09\/gle-basolmabazie-696x392.jpg 696w, https:\/\/www.sidwaya.info\/wp-content\/uploads\/2020\/09\/gle-basolmabazie-300x169.jpg 300w, https:\/\/www.sidwaya.info\/wp-content\/uploads\/2020\/09\/gle-basolmabazie-768x432.jpg 768w, https:\/\/www.sidwaya.info\/wp-content\/uploads\/2020\/09\/gle-basolmabazie-746x420.jpg 746w, https:\/\/www.sidwaya.info\/wp-content\/uploads\/2020\/09\/gle-basolmabazie.jpg 974w\" sizes=\"auto, (max-width: 696px) 100vw, 696px\" alt=\"\" title=\"gle-basolmabazie\"\/><\/a><\/div>\n<p><strong>Le secr\u00e9taire g\u00e9n\u00e9ral de la Conf\u00e9d\u00e9ration g\u00e9n\u00e9rale de travail du Burkina (CGT-B), Bassolma Bazi\u00e9, a comparu, le lundi 21 septembre 2020 \u00e0 Ouagadougou, devant le conseil de discipline du minist\u00e8re de l\u2019Education nationale, de l\u2019Alphab\u00e9tisation et de la Promotion des langues nationales.<\/strong><\/p>\n<p>Le professeur certifi\u00e9 des sciences de la vie et de la terre au lyc\u00e9e Philippe-Zinda- Kabor\u00e9, Bassolma Bazi\u00e9, par ailleurs Secr\u00e9taire g\u00e9n\u00e9ral (SG) de la Conf\u00e9d\u00e9ration g\u00e9n\u00e9rale de travail du Burkina (CGT-B), a comparu devant le conseil de discipline du minist\u00e8re de l\u2019Education nationale, de l\u2019Alphab\u00e9tisation et de la Promotion des langues nationales. Accus\u00e9 de refus d\u2019ex\u00e9cuter son volume horaire hebdomadaire, le syndicaliste, son avocat et ses camarades ont r\u00e9pondu, le lundi 21 septembre 2020 \u00e0 Ouagadougou, aux questions du conseil. Les faits ont \u00e9t\u00e9 expos\u00e9s, des t\u00e9moins ont intervenu, les syndicalistes ont donn\u00e9 leur lecture par rapport aux relations syndicats-gouvernement, a confi\u00e9 le SG de la F\u00e9d\u00e9ration des syndicats nationaux des travailleurs de l\u2019\u00e9ducation et de la recherche (F-SYNTER), Souleymane Badiel. \u00abL\u2019avocat de notre camarade a d\u00e9montr\u00e9 avec des arguments juridiques que cette situation ne valait pas une sanction \u00bb, a-t-il rench\u00e9ri. A l\u2019\u00e9couter, les acteurs syndicaux ne sont pas contre le conseil de discipline. Au contraire, ils militent pour des sanctions \u00e0 l\u2019endroit des agents ind\u00e9licats. Cependant, a dit M. Badiel, le cas de Bassolma Bazi\u00e9 comporte des aspects qu\u2019il faille prendre en compte. De ses dires, la loi conf\u00e8re des all\u00e8gements au leader syndical qu\u2019est le SG de la CGT-B afin de remplir sa mission. Selon, le SG de la F-SYNTER, la recommandation du conseil sera transmise par \u00e9crit les prochains jours. Puis en fonction de l\u2019ampleur de la sanction, les structures syndicales aviseront. Par ailleurs, M. Badiel a pr\u00e9cis\u00e9 qu\u2019\u00e0 la suite d\u2019une d\u00e9cision de la CGT-B, l\u2019accus\u00e9 ne prendra pas la parole, en vue de faciliter le travail du conseil.<br \/>Et d\u2019\u00e9viter \u00e9galement les diff\u00e9rentes interpr\u00e9tations des propos de l\u2019accus\u00e9. Il a appel\u00e9 ses camarades \u00e0 la solidarit\u00e9 et \u00e0 la mobilisation pour la d\u00e9fense des int\u00e9r\u00eats des travailleurs.<br \/>L\u2019avocat de l\u2019accus\u00e9, Me Prosper Farama, a insist\u00e9 que si la d\u00e9cision du conseil est contraire aux attentes de la d\u00e9fense, elle saisira qui de droit. Avant de rappeler que ce conseil va au-del\u00e0 de son client pour toucher la probl\u00e9matique de la construction de l\u2019Etat de droit. \u00ab Le r\u00f4le du syndicat est important. Tous les jours, vous voyez Bassolma Bazi\u00e9 et les autres camarades de l\u2019Union d\u2019action syndicale en discussion avec le gouvernement pendant des jours voire des semaines. Ils sont par moment \u00e0 Gen\u00e8ve pour participer \u00e0 des instances internationales pour construire une d\u00e9mocratie \u00bb, a-t-il argument\u00e9.<br \/>Le conseil de discipline \u00e9tait pr\u00e9vu pour se tenir le jeudi 17 septembre dernier. A la suite de la demande de l\u2019avocat de l\u2019accus\u00e9, la comparution avait \u00e9t\u00e9 renvoy\u00e9e au lundi 21 septembre.<\/p>\n<p>Frank POUGBILA<br \/>(Collaborateur)<\/p>\n<div class=\"td-a-rec td-a-rec-id-content_inline tdi_30_5f5 td_block_template_1\"><img loading=\"lazy\" decoding=\"async\" class=\"aligncenter size-full wp-image-21314\" src=\"https:\/\/www.sidwaya.info\/wp-content\/uploads\/2020\/04\/Bandeau-Covid-19-Sidwaya-1.jpg\" alt=\"\" width=\"790\" height=\"98\"\/><\/div>\n<div class=\"td-a-rec td-a-rec-id-content_bottom tdi_31_655 td_block_template_1\"><img loading=\"lazy\" decoding=\"async\" class=\"aligncenter size-full wp-image-22415\" src=\"https:\/\/www.sidwaya.info\/wp-content\/uploads\/2020\/05\/Bandeau-paiement-mobile-site.png\" alt=\"\" width=\"728\" height=\"90\"\/><\/div>\n<p>Auteur: BM. Sidwaya<br \/>\n<a href=\"https:\/\/www.sidwaya.info\/blog\/2020\/09\/21\/comparution-de-bassolma-baziela-recommandation-du-conseil-de-discipline-attendue\/\">Cliquez ici pour lire l&rsquo;article depuis sa source.<\/a><\/p>\n","protected":false},"excerpt":{"rendered":"<p>Le secr\u00e9taire g\u00e9n\u00e9ral de la Conf\u00e9d\u00e9ration g\u00e9n\u00e9rale de travail du Burkina (CGT-B), Bassolma Bazi\u00e9, a comparu, le lundi 21 septembre 2020 \u00e0 Ouagadougou, devant le conseil de discipline du minist\u00e8re de l\u2019Education nationale, de l\u2019Alphab\u00e9tisation et de la Promotion des langues nationales. Le professeur certifi\u00e9 des sciences de la vie et de la terre au [&hellip;]<\/p>\n","protected":false},"author":1816,"featured_media":99586,"comment_status":"closed","ping_status":"closed","sticky":false,"template":"","format":"standard","meta":{"fifu_image_url":"","fifu_image_alt":"","footnotes":""},"categories":[73,81],"tags":[],"class_list":["post-99584","post","type-post","status-publish","format-standard","has-post-thumbnail","hentry","category-actualite","category-burkina-faso"],"_links":{"self":[{"href":"https:\/\/linitiative.ca\/International\/wp-json\/wp\/v2\/posts\/99584","targetHints":{"allow":["GET"]}}],"collection":[{"href":"https:\/\/linitiative.ca\/International\/wp-json\/wp\/v2\/posts"}],"about":[{"href":"https:\/\/linitiative.ca\/International\/wp-json\/wp\/v2\/types\/post"}],"author":[{"embeddable":true,"href":"https:\/\/linitiative.ca\/International\/wp-json\/wp\/v2\/users\/1816"}],"replies":[{"embeddable":true,"href":"https:\/\/linitiative.ca\/International\/wp-json\/wp\/v2\/comments?post=99584"}],"version-history":[{"count":0,"href":"https:\/\/linitiative.ca\/International\/wp-json\/wp\/v2\/posts\/99584\/revisions"}],"wp:featuredmedia":[{"embeddable":true,"href":"https:\/\/linitiative.ca\/International\/wp-json\/"}],"wp:attachment":[{"href":"https:\/\/linitiative.ca\/International\/wp-json\/wp\/v2\/media?parent=99584"}],"wp:term":[{"taxonomy":"category","embeddable":true,"href":"https:\/\/linitiative.ca\/International\/wp-json\/wp\/v2\/categories?post=99584"},{"taxonomy":"post_tag","embeddable":true,"href":"https:\/\/linitiative.ca\/International\/wp-json\/wp\/v2\/tags?post=99584"}],"curies":[{"name":"wp","href":"https:\/\/api.w.org\/{rel}","templated":true}]}}