{"id":99588,"date":"2020-09-21T17:54:58","date_gmt":"2020-09-21T21:54:58","guid":{"rendered":"https:\/\/linitiative.ca\/International\/lutte-contre-la-covid-19-lassemblee-nationale-recoit-60-000-cache-nez\/"},"modified":"2020-09-21T17:54:58","modified_gmt":"2020-09-21T21:54:58","slug":"lutte-contre-la-covid-19-lassemblee-nationale-recoit-60-000-cache-nez","status":"publish","type":"post","link":"https:\/\/linitiative.ca\/International\/lutte-contre-la-covid-19-lassemblee-nationale-recoit-60-000-cache-nez\/","title":{"rendered":"Lutte contre la COVID-19: l\u2019Assembl\u00e9e nationale re\u00e7oit 60 000 cache-nez"},"content":{"rendered":"<div class=\"td-post-featured-image\"><a href=\"https:\/\/www.sidwaya.info\/wp-content\/uploads\/2020\/09\/sidwaanss.jpg\" data-caption=\"\"><img loading=\"lazy\" decoding=\"async\" width=\"696\" height=\"464\" class=\"entry-thumb td-modal-image\" src=\"https:\/\/www.sidwaya.info\/wp-content\/uploads\/2020\/09\/sidwaanss-696x464.jpg\" srcset=\"https:\/\/www.sidwaya.info\/wp-content\/uploads\/2020\/09\/sidwaanss-696x464.jpg 696w, https:\/\/www.sidwaya.info\/wp-content\/uploads\/2020\/09\/sidwaanss-300x200.jpg 300w, https:\/\/www.sidwaya.info\/wp-content\/uploads\/2020\/09\/sidwaanss-630x420.jpg 630w, https:\/\/www.sidwaya.info\/wp-content\/uploads\/2020\/09\/sidwaanss.jpg 708w\" sizes=\"auto, (max-width: 696px) 100vw, 696px\" alt=\"\" title=\"sidwaanss\"\/><\/a><\/div>\n<p><strong>L\u2019association \u00ab R\u00e9duire les distances \u00bb a fait don de 60 000 cache-nez \u00e0 l\u2019Assembl\u00e9e nationale, le lundi 21 septembre 2020, \u00e0 Ouagadougou.<\/strong><\/p>\n<p>Jean Dionou Si\u00e9 est un m\u00e9decin burkinab\u00e8 travaillant dans le syst\u00e8me de sant\u00e9 fran\u00e7ais. Membre de l\u2019\u00e9quipe de gestion de la crise du coronavirus \u00e0 Paris, il a d\u00e9cid\u00e9 d\u2019apporter sa contribution \u00e0 la lutte contre la pand\u00e9mie au Burkina Faso, \u00e0 travers son association, \u00abR\u00e9duire les distances \u00bb. C\u2019est ainsi qu\u2019il a fait don de 60 000 cache-nez \u00e0 l\u2019Assembl\u00e9e nationale dans la matin\u00e9e du lundi 21 septembre 2020, \u00e0 Ouagadougou. De ce qu\u2019il a dit, le m\u00eame geste a \u00e9t\u00e9 fait \u00e0 l\u2019endroit du minist\u00e8re de la Sant\u00e9, de l\u2019H\u00f4pital Sourou Sanou de Bobo-Dioulasso et des populations de son village. Il vise, a-t-il indiqu\u00e9, \u00e0 permettre aux b\u00e9n\u00e9ficiaires de se prot\u00e9ger du virus et contribuer \u00e0 leur niveau, \u00e0 barrer la route \u00e0 la pand\u00e9mie. \u00ab Les d\u00e9put\u00e9s dans le cadre de leurs missions tiennent fr\u00e9quemment des rencontres telles que les pl\u00e9ni\u00e8res au cours desquelles ils ont besoin d\u2019\u00eatre prot\u00e9g\u00e9s au maximum pour \u00e9viter la propagation de la maladie. C\u2019est pourquoi, nous avons d\u00e9cid\u00e9 de leur offrir ces cache-nez \u00bb, a-t-il d\u00e9clar\u00e9, invitant les populations \u00e0 poursuivre le respect des mesures-barri\u00e8res \u00e9dict\u00e9es par le minist\u00e8re de la Sant\u00e9 afin de pr\u00e9venir une rechute de la pand\u00e9mie. \u00ab En Afrique en g\u00e9n\u00e9ral et au Burkina Faso en particulier, la maladie semble ne pas beaucoup se d\u00e9velopper comme en Europe mais il est important de continuer \u00e0 respecter les mesures-barri\u00e8res\u00bb, a-t-il soutenu.<br \/>Il a, en outre, traduit sa reconnaissance \u00e0 l\u2019Assistant public des h\u00f4pitaux de Paris, gr\u00e2ce \u00e0 qui ce don a \u00e9t\u00e9 possible. Un don salu\u00e9 par la 4e vice-Pr\u00e9sidente de l\u2019Assembl\u00e9e nationale, Elyse Thiombiano, pour qui ce geste va aider la Repr\u00e9sentation nationale lors des activit\u00e9s qu\u2019elle organise au quotidien. Par exemple, a-t-elle not\u00e9, les d\u00e9put\u00e9s viennent de rentrer de Bobo Dioulasso o\u00f9 ils sont all\u00e9s faire le bilan de la septi\u00e8me l\u00e9gislature. \u00ab Il est clair que pour toutes ces activit\u00e9s, nous avons besoin de cache-nez et le don de M. Si\u00e9 est le bienvenu \u00bb, a-t-elle lanc\u00e9, invitant \u00e0 son tour les populations \u00e0 poursuivre le respect des mesures barri\u00e8res en g\u00e9n\u00e9ral et le port du cache-nez en particulier. \u00ab Ces temps-ci et pr\u00e9cis\u00e9ment dans le mois de septembre, il y a eu beaucoup de contaminations au Burkina Faso alors qu\u2019on pensait que tout \u00e9tait fini. C\u2019est la preuve qu\u2019il faut n\u00e9cessairement poursuivre le respect des mesures- barri\u00e8res pour \u00e9viter que la situation n\u2019empire \u00bb, a-t-elle soutenu.<\/p>\n<p>Nad\u00e8ge YAMEOGO<br \/>Alimatou COMPAORE<br \/>(Stagiaire)<\/p>\n<div class=\"td-a-rec td-a-rec-id-content_inline tdi_30_b59 td_block_template_1\"><img loading=\"lazy\" decoding=\"async\" class=\"aligncenter size-full wp-image-21314\" src=\"https:\/\/www.sidwaya.info\/wp-content\/uploads\/2020\/04\/Bandeau-Covid-19-Sidwaya-1.jpg\" alt=\"\" width=\"790\" height=\"98\"\/><\/div>\n<div class=\"td-a-rec td-a-rec-id-content_bottom tdi_31_1b6 td_block_template_1\"><img loading=\"lazy\" decoding=\"async\" class=\"aligncenter size-full wp-image-22415\" src=\"https:\/\/www.sidwaya.info\/wp-content\/uploads\/2020\/05\/Bandeau-paiement-mobile-site.png\" alt=\"\" width=\"728\" height=\"90\"\/><\/div>\n<p>Auteur: BM. Sidwaya<br \/>\n<a href=\"https:\/\/www.sidwaya.info\/blog\/2020\/09\/21\/lutte-contre-la-covid-19-lassemblee-nationale-recoit-60-000-cache-nez\/\">Cliquez ici pour lire l&rsquo;article depuis sa source.<\/a><\/p>\n","protected":false},"excerpt":{"rendered":"<p>L\u2019association \u00ab R\u00e9duire les distances \u00bb a fait don de 60 000 cache-nez \u00e0 l\u2019Assembl\u00e9e nationale, le lundi 21 septembre 2020, \u00e0 Ouagadougou. Jean Dionou Si\u00e9 est un m\u00e9decin burkinab\u00e8 travaillant dans le syst\u00e8me de sant\u00e9 fran\u00e7ais. Membre de l\u2019\u00e9quipe de gestion de la crise du coronavirus \u00e0 Paris, il a d\u00e9cid\u00e9 d\u2019apporter sa contribution [&hellip;]<\/p>\n","protected":false},"author":1816,"featured_media":99590,"comment_status":"closed","ping_status":"closed","sticky":false,"template":"","format":"standard","meta":{"fifu_image_url":"","fifu_image_alt":"","footnotes":""},"categories":[73,81],"tags":[],"class_list":["post-99588","post","type-post","status-publish","format-standard","has-post-thumbnail","hentry","category-actualite","category-burkina-faso"],"_links":{"self":[{"href":"https:\/\/linitiative.ca\/International\/wp-json\/wp\/v2\/posts\/99588","targetHints":{"allow":["GET"]}}],"collection":[{"href":"https:\/\/linitiative.ca\/International\/wp-json\/wp\/v2\/posts"}],"about":[{"href":"https:\/\/linitiative.ca\/International\/wp-json\/wp\/v2\/types\/post"}],"author":[{"embeddable":true,"href":"https:\/\/linitiative.ca\/International\/wp-json\/wp\/v2\/users\/1816"}],"replies":[{"embeddable":true,"href":"https:\/\/linitiative.ca\/International\/wp-json\/wp\/v2\/comments?post=99588"}],"version-history":[{"count":0,"href":"https:\/\/linitiative.ca\/International\/wp-json\/wp\/v2\/posts\/99588\/revisions"}],"wp:featuredmedia":[{"embeddable":true,"href":"https:\/\/linitiative.ca\/International\/wp-json\/"}],"wp:attachment":[{"href":"https:\/\/linitiative.ca\/International\/wp-json\/wp\/v2\/media?parent=99588"}],"wp:term":[{"taxonomy":"category","embeddable":true,"href":"https:\/\/linitiative.ca\/International\/wp-json\/wp\/v2\/categories?post=99588"},{"taxonomy":"post_tag","embeddable":true,"href":"https:\/\/linitiative.ca\/International\/wp-json\/wp\/v2\/tags?post=99588"}],"curies":[{"name":"wp","href":"https:\/\/api.w.org\/{rel}","templated":true}]}}