{"id":99595,"date":"2020-09-21T17:18:03","date_gmt":"2020-09-21T21:18:03","guid":{"rendered":"https:\/\/linitiative.ca\/International\/expo-2020-a-dubai-un-bouquet-dhotels-reserves-aux-visiteurs-de-lafrique-et-du-moyen-orient-2\/"},"modified":"2020-09-21T17:18:03","modified_gmt":"2020-09-21T21:18:03","slug":"expo-2020-a-dubai-un-bouquet-dhotels-reserves-aux-visiteurs-de-lafrique-et-du-moyen-orient-2","status":"publish","type":"post","link":"https:\/\/linitiative.ca\/International\/expo-2020-a-dubai-un-bouquet-dhotels-reserves-aux-visiteurs-de-lafrique-et-du-moyen-orient-2\/","title":{"rendered":"Expo 2020 : \u00e0 Duba\u00ef, un bouquet d\u2019h\u00f4tels r\u00e9serv\u00e9s aux visiteurs de l\u2019Afrique et du Moyen-Orient"},"content":{"rendered":"<div readability=\"32\">\n<p>Publi\u00e9 le 21.09.2020 \u00e0 22h18 par APA News<\/p>\n<\/div>\n<div readability=\"67\">\n<p>Un accord conclu entre deux entreprises pr\u00e9voit la construction et la s\u00e9curisation d\u2019une cha\u00eene d\u2019h\u00f4tels pour les visiteurs provenant de l\u2019Afrique et du Moyen-Orient.L\u2019offre est \u00ab exclusivement \u00bb destin\u00e9e aux h\u00f4tes de ces deux zones, dont la population est estim\u00e9e \u00e0 1,6 milliards d\u2019habitants. AS World Group et son partenaire \u00ab IMAR pour l\u2019hospitalit\u00e9 \u00bb ont retenu, au terme de la signature de leur accord, la construction et la s\u00e9curisation d\u2019un bouquet d\u2019h\u00f4tels.<\/p>\n<p>AS World Group, pr\u00e9sente au Centre financier international \u00e0 Duba\u00ef, s\u2019occupe de la distribution des billets pour l\u2019exposition. Pour sa part, \u00ab IMAR pour l\u2019hospitalit\u00e9 \u00bb, filiale de \u00ab IMAR pour l\u2019immobilier \u00bb, est sp\u00e9cialis\u00e9e dans l\u2019accueil et le divertissement. Les visiteurs d\u2019Afrique et du Moyen Orient se verront ainsi offrir des promotions de qualit\u00e9 dans 18 h\u00f4tels douba\u00efotes.<\/p>\n<p>La premi\u00e8re ville des \u00c9mirats arabes unis va accueillir cette exposition universelle du 1er octobre 2021 au 31 mars 2022, soit sur une dur\u00e9e de six mois. Initialement pr\u00e9vue du 20 octobre 2020 au 10 avril 2021, elle avait vu la pand\u00e9mie de Covid-19 imposer son report aux organisateurs. Avant la survenue de cette crise, l\u2019Expo 2020 Duba\u00ef disait attendre pas moins de 25 millions de visiteurs du monde entier.<\/p>\n<p>Toutefois, la soci\u00e9t\u00e9 AS World Group entreprendra une campagne de promotion de \u00ab IMAR pour l\u2019hospitalit\u00e9 \u00bb durant la p\u00e9riode pr\u00e9paratoire. Des propositions seront ainsi faites aux gouvernements f\u00e9d\u00e9raux, aux f\u00e9d\u00e9rations, aux missions commerciales, aux chambres de commerce et d\u2019industrie, aux soci\u00e9t\u00e9s des secteurs publics et priv\u00e9s mais aussi aux particuliers.<\/p>\n<\/div>\n<p>Auteur: APA News<br \/>\n<a href=\"https:\/\/www.journalducameroun.com\/expo-2020-a-dubai-un-bouquet-dhotels-reserves-aux-visiteurs-de-lafrique-et-du-moyen-orient\/\">Cliquez ici pour lire l&rsquo;article depuis sa source.<\/a><\/p>\n","protected":false},"excerpt":{"rendered":"<p>Publi\u00e9 le 21.09.2020 \u00e0 22h18 par APA News Un accord conclu entre deux entreprises pr\u00e9voit la construction et la s\u00e9curisation d\u2019une cha\u00eene d\u2019h\u00f4tels pour les visiteurs provenant de l\u2019Afrique et du Moyen-Orient.L\u2019offre est \u00ab exclusivement \u00bb destin\u00e9e aux h\u00f4tes de ces deux zones, dont la population est estim\u00e9e \u00e0 1,6 milliards d\u2019habitants. AS World Group [&hellip;]<\/p>\n","protected":false},"author":1965,"featured_media":0,"comment_status":"closed","ping_status":"closed","sticky":false,"template":"","format":"standard","meta":{"fifu_image_url":"","fifu_image_alt":"","footnotes":""},"categories":[73,82],"tags":[],"class_list":["post-99595","post","type-post","status-publish","format-standard","hentry","category-actualite","category-cameroun"],"_links":{"self":[{"href":"https:\/\/linitiative.ca\/International\/wp-json\/wp\/v2\/posts\/99595","targetHints":{"allow":["GET"]}}],"collection":[{"href":"https:\/\/linitiative.ca\/International\/wp-json\/wp\/v2\/posts"}],"about":[{"href":"https:\/\/linitiative.ca\/International\/wp-json\/wp\/v2\/types\/post"}],"author":[{"embeddable":true,"href":"https:\/\/linitiative.ca\/International\/wp-json\/wp\/v2\/users\/1965"}],"replies":[{"embeddable":true,"href":"https:\/\/linitiative.ca\/International\/wp-json\/wp\/v2\/comments?post=99595"}],"version-history":[{"count":0,"href":"https:\/\/linitiative.ca\/International\/wp-json\/wp\/v2\/posts\/99595\/revisions"}],"wp:attachment":[{"href":"https:\/\/linitiative.ca\/International\/wp-json\/wp\/v2\/media?parent=99595"}],"wp:term":[{"taxonomy":"category","embeddable":true,"href":"https:\/\/linitiative.ca\/International\/wp-json\/wp\/v2\/categories?post=99595"},{"taxonomy":"post_tag","embeddable":true,"href":"https:\/\/linitiative.ca\/International\/wp-json\/wp\/v2\/tags?post=99595"}],"curies":[{"name":"wp","href":"https:\/\/api.w.org\/{rel}","templated":true}]}}