{"id":99596,"date":"2020-09-21T17:18:04","date_gmt":"2020-09-21T21:18:04","guid":{"rendered":"https:\/\/linitiative.ca\/International\/onu-le-maroc-toujours-engage-en-faveur-du-multilateralisme\/"},"modified":"2020-09-21T17:18:04","modified_gmt":"2020-09-21T21:18:04","slug":"onu-le-maroc-toujours-engage-en-faveur-du-multilateralisme","status":"publish","type":"post","link":"https:\/\/linitiative.ca\/International\/onu-le-maroc-toujours-engage-en-faveur-du-multilateralisme\/","title":{"rendered":"ONU : Le Maroc toujours engag\u00e9 en faveur du multilat\u00e9ralisme"},"content":{"rendered":"<div readability=\"32\">\n<p>Publi\u00e9 le 21.09.2020 \u00e0 22h18 par APA News<\/p>\n<\/div>\n<div readability=\"63\">\n<p>Le Maroc, qui s\u2019est toujours engag\u00e9 en faveur du multilat\u00e9ralisme, prend part \u00e0 la 75\u00e8me session de l\u2019Assembl\u00e9e g\u00e9n\u00e9rale de l\u2019ONU qui se tient pour la premi\u00e8re fois de mani\u00e8re virtuelle, dans un contexte de pand\u00e9mie mondiale.La th\u00e9matique retenue pour cette ann\u00e9e est \u00ab L\u2019avenir que nous voulons, l\u2019ONU qu\u2019il nous faut : R\u00e9affirmons notre attachement collectif au multilat\u00e9ralisme \u00bb.<\/p>\n<p>Cette assembl\u00e9e g\u00e9n\u00e9rale sera l\u2019occasion pour le Maroc de r\u00e9affirmer \u00ab sa foi dans le multilat\u00e9ralisme, renouveler sa confiance dans l\u2019organisation universelle et plaider pour davantage de solidarit\u00e9 et de coop\u00e9ration internationales dans la lutte contre la pand\u00e9mie du Covid-19 \u00bb, indique le minist\u00e8re marocain des Affaires \u00e9trang\u00e8res sur son portail.<\/p>\n<p>Le multilat\u00e9ralisme a \u00e9t\u00e9 une constante de la politique \u00e9trang\u00e8re du Royaume, d\u00e8s son adh\u00e9sion \u00e0 l\u2019ONU, le 12 Novembre 1956. Depuis Son accession au tr\u00f4ne, le Roi Mohammed VI a d\u00e9clin\u00e9 une vision ambitieuse bas\u00e9e sur les principes de solidarit\u00e9 et de coop\u00e9ration autour des trois piliers de l\u2019action des Nations Unies que sont \u00ab Paix et s\u00e9curit\u00e9 \u00bb , \u00ab D\u00e9veloppement \u00bb et \u00ab Droits de l\u2019Homme \u00bb.<\/p>\n<p>Le Royaume contribue ainsi activement au maintien de la paix et de la s\u00e9curit\u00e9 mondiales, plaide de mani\u00e8re active en faveur d\u2019un d\u00e9veloppement durable et \u00e9quitable, et \u0153uvre pour la promotion et pour le respect des droits de l\u2019Homme, faisant ainsi siennes les valeurs port\u00e9es par les Nations Unies.<\/p>\n<\/div>\n<p>Auteur: APA News<br \/>\n<a href=\"https:\/\/www.journalducameroun.com\/onu-le-maroc-toujours-engage-en-faveur-du-multilateralisme\/\">Cliquez ici pour lire l&rsquo;article depuis sa source.<\/a><\/p>\n","protected":false},"excerpt":{"rendered":"<p>Publi\u00e9 le 21.09.2020 \u00e0 22h18 par APA News Le Maroc, qui s\u2019est toujours engag\u00e9 en faveur du multilat\u00e9ralisme, prend part \u00e0 la 75\u00e8me session de l\u2019Assembl\u00e9e g\u00e9n\u00e9rale de l\u2019ONU qui se tient pour la premi\u00e8re fois de mani\u00e8re virtuelle, dans un contexte de pand\u00e9mie mondiale.La th\u00e9matique retenue pour cette ann\u00e9e est \u00ab L\u2019avenir que nous [&hellip;]<\/p>\n","protected":false},"author":1965,"featured_media":0,"comment_status":"closed","ping_status":"closed","sticky":false,"template":"","format":"standard","meta":{"fifu_image_url":"","fifu_image_alt":"","footnotes":""},"categories":[73,82],"tags":[],"class_list":["post-99596","post","type-post","status-publish","format-standard","hentry","category-actualite","category-cameroun"],"_links":{"self":[{"href":"https:\/\/linitiative.ca\/International\/wp-json\/wp\/v2\/posts\/99596","targetHints":{"allow":["GET"]}}],"collection":[{"href":"https:\/\/linitiative.ca\/International\/wp-json\/wp\/v2\/posts"}],"about":[{"href":"https:\/\/linitiative.ca\/International\/wp-json\/wp\/v2\/types\/post"}],"author":[{"embeddable":true,"href":"https:\/\/linitiative.ca\/International\/wp-json\/wp\/v2\/users\/1965"}],"replies":[{"embeddable":true,"href":"https:\/\/linitiative.ca\/International\/wp-json\/wp\/v2\/comments?post=99596"}],"version-history":[{"count":0,"href":"https:\/\/linitiative.ca\/International\/wp-json\/wp\/v2\/posts\/99596\/revisions"}],"wp:attachment":[{"href":"https:\/\/linitiative.ca\/International\/wp-json\/wp\/v2\/media?parent=99596"}],"wp:term":[{"taxonomy":"category","embeddable":true,"href":"https:\/\/linitiative.ca\/International\/wp-json\/wp\/v2\/categories?post=99596"},{"taxonomy":"post_tag","embeddable":true,"href":"https:\/\/linitiative.ca\/International\/wp-json\/wp\/v2\/tags?post=99596"}],"curies":[{"name":"wp","href":"https:\/\/api.w.org\/{rel}","templated":true}]}}