{"id":99599,"date":"2020-09-21T17:18:06","date_gmt":"2020-09-21T21:18:06","guid":{"rendered":"https:\/\/linitiative.ca\/International\/la-societe-civile-ivoirienne-outillee-pour-le-plaidoyer-sur-lape-interimaire-cote-divoire-ue-2\/"},"modified":"2020-09-21T17:18:06","modified_gmt":"2020-09-21T21:18:06","slug":"la-societe-civile-ivoirienne-outillee-pour-le-plaidoyer-sur-lape-interimaire-cote-divoire-ue-2","status":"publish","type":"post","link":"https:\/\/linitiative.ca\/International\/la-societe-civile-ivoirienne-outillee-pour-le-plaidoyer-sur-lape-interimaire-cote-divoire-ue-2\/","title":{"rendered":"La soci\u00e9t\u00e9 civile ivoirienne outill\u00e9e pour le plaidoyer sur l\u2019APE int\u00e9rimaire C\u00f4te d\u2019Ivoire-UE"},"content":{"rendered":"<div readability=\"32\">\n<p>Publi\u00e9 le 21.09.2020 \u00e0 22h18 par APA News<\/p>\n<\/div>\n<div readability=\"95\">\n<p>Un atelier de formation visant \u00e0 renforcer les capacit\u00e9s de la soci\u00e9t\u00e9 civile ivoirienne sur le contr\u00f4le citoyen et le plaidoyer relativement \u00e0 l\u2019Accord de partenariat \u00e9conomique int\u00e9rimaire (APEI) s\u2019est ouvert lundi \u00e0 Dabou, \u00e0 l\u2019Ouest d\u2019Abidjan.Cette session, organis\u00e9e par la Convention de la soci\u00e9t\u00e9 civile ivoirienne (CSCI), est pr\u00e9vue pour durer cinq jours et regroupe des organes du projet, le Comit\u00e9 de pilotage de la CSCI et des partenaires techniques.<\/p>\n<p>\u00ab\u00a0Il s\u2019agit pour nous d\u2019\u00e9valuer cet accord de partenariat \u00e9conomique int\u00e9rimaire\u00a0\u00bb, a indiqu\u00e9 \u00e0 la presse le pr\u00e9sident de la Convention de la soci\u00e9t\u00e9 civile ivoirienne, Mahamadou Kouma, qui se f\u00e9licite de ce que ce projet ait ouvert les produits ivoiriens au march\u00e9 europ\u00e9en.<\/p>\n<p>A ce niveau, il existe toutefois des d\u00e9bats. Si \u00ab\u00a0d\u2019autres estiment que cela cr\u00e9e une forme de servitude, ce n\u2019est pas notre fa\u00e7on de voir\u00a0\u00bb, a dit M. Kouma qui note que depuis l\u2019ex-pr\u00e9sident Laurent Gbagbo, l\u2019APE est adopt\u00e9 par l\u2019Etat ivoirien.<\/p>\n<p>L\u2019Accord de partenariat \u00e9conomique int\u00e9rimaire, explique-t-il, \u00ab\u00a0permet \u00e0 la C\u00f4te d\u2019Ivoire d\u2019acc\u00e9der au march\u00e9 europ\u00e9en, notamment \u00e0 un certain nombre et vice-versa, sans taxe\u00a0\u00bb. Toute chose qui rend les entreprises locales comp\u00e9titives.<\/p>\n<p>Laurent Levard de l\u2019ONG fran\u00e7aise GRET (Groupe de recherche et d\u2019\u00e9changes technologiques), dont la structure est partenaire \u00e0 cet atelier, a fait savoir qu\u2019il s\u2019agit de donner des outils aux acteurs de la soci\u00e9t\u00e9 civile pour mieux d\u00e9fendre aupr\u00e8s du gouvernement des politiques qui r\u00e9pondent aux int\u00e9r\u00eats des secteurs \u00e9conomiques et des populations vuln\u00e9rables.\u00a0<\/p>\n<p>Pour sa part, Rachel Gogoua, pr\u00e9sidente du groupe th\u00e9matique d\u00e9veloppement durable au niveau du Comit\u00e9 national de suivi de l\u2019APEI, a salu\u00e9 cette initiative qui vient combler les insuffisances des acteurs de la soci\u00e9t\u00e9 civile en mati\u00e8re de suivi citoyen de l\u2019action publique.<\/p>\n<p>Critiquer, c\u2019est important, mais la soci\u00e9t\u00e9 civile ivoirienne veut davantage \u00eatre \u00ab\u00a0une force de proposition\u00a0\u00bb afin d\u2019apporter des pistes de solutions aux dirigeants, a d\u00e9clar\u00e9 Mme Rachel Gogoua, une actrice de la soci\u00e9t\u00e9 civile tr\u00e8s engag\u00e9e sur les sujets relatifs au genre.<\/p>\n<p>La Convention de la soci\u00e9t\u00e9 civile ivoirienne fait d\u00e9j\u00e0 le suivi citoyen sur plusieurs projets impliquant l\u2019Etat ivoirien, entre autres la dette espagnole, le Contrat de d\u00e9veloppement et de d\u00e9sendettement (C2D) entre Paris et Abidjan.<\/p>\n<p>Le suivi citoyen de l\u2019action publique est un exercice de la soci\u00e9t\u00e9 civile visant \u00e0 appr\u00e9cier les risques et les opportunit\u00e9s des projets engag\u00e9s par le gouvernement. A terme, la CSCI formule des recommandations en vue de changements qualitatifs des projets au profit des populations.<\/p>\n<\/div>\n<p>Auteur: APA News<br \/>\n<a href=\"https:\/\/www.journalducameroun.com\/la-societe-civile-ivoirienne-outillee-pour-le-plaidoyer-sur-lape-interimaire-cote-divoire-ue\/\">Cliquez ici pour lire l&rsquo;article depuis sa source.<\/a><\/p>\n","protected":false},"excerpt":{"rendered":"<p>Publi\u00e9 le 21.09.2020 \u00e0 22h18 par APA News Un atelier de formation visant \u00e0 renforcer les capacit\u00e9s de la soci\u00e9t\u00e9 civile ivoirienne sur le contr\u00f4le citoyen et le plaidoyer relativement \u00e0 l\u2019Accord de partenariat \u00e9conomique int\u00e9rimaire (APEI) s\u2019est ouvert lundi \u00e0 Dabou, \u00e0 l\u2019Ouest d\u2019Abidjan.Cette session, organis\u00e9e par la Convention de la soci\u00e9t\u00e9 civile ivoirienne [&hellip;]<\/p>\n","protected":false},"author":1965,"featured_media":0,"comment_status":"closed","ping_status":"closed","sticky":false,"template":"","format":"standard","meta":{"fifu_image_url":"","fifu_image_alt":"","footnotes":""},"categories":[73,82],"tags":[],"class_list":["post-99599","post","type-post","status-publish","format-standard","hentry","category-actualite","category-cameroun"],"_links":{"self":[{"href":"https:\/\/linitiative.ca\/International\/wp-json\/wp\/v2\/posts\/99599","targetHints":{"allow":["GET"]}}],"collection":[{"href":"https:\/\/linitiative.ca\/International\/wp-json\/wp\/v2\/posts"}],"about":[{"href":"https:\/\/linitiative.ca\/International\/wp-json\/wp\/v2\/types\/post"}],"author":[{"embeddable":true,"href":"https:\/\/linitiative.ca\/International\/wp-json\/wp\/v2\/users\/1965"}],"replies":[{"embeddable":true,"href":"https:\/\/linitiative.ca\/International\/wp-json\/wp\/v2\/comments?post=99599"}],"version-history":[{"count":0,"href":"https:\/\/linitiative.ca\/International\/wp-json\/wp\/v2\/posts\/99599\/revisions"}],"wp:attachment":[{"href":"https:\/\/linitiative.ca\/International\/wp-json\/wp\/v2\/media?parent=99599"}],"wp:term":[{"taxonomy":"category","embeddable":true,"href":"https:\/\/linitiative.ca\/International\/wp-json\/wp\/v2\/categories?post=99599"},{"taxonomy":"post_tag","embeddable":true,"href":"https:\/\/linitiative.ca\/International\/wp-json\/wp\/v2\/tags?post=99599"}],"curies":[{"name":"wp","href":"https:\/\/api.w.org\/{rel}","templated":true}]}}