{"id":99600,"date":"2020-09-21T18:18:03","date_gmt":"2020-09-21T22:18:03","guid":{"rendered":"https:\/\/linitiative.ca\/International\/mali-un-officier-a-la-retraite-pour-diriger-la-transition\/"},"modified":"2020-09-21T18:18:03","modified_gmt":"2020-09-21T22:18:03","slug":"mali-un-officier-a-la-retraite-pour-diriger-la-transition","status":"publish","type":"post","link":"https:\/\/linitiative.ca\/International\/mali-un-officier-a-la-retraite-pour-diriger-la-transition\/","title":{"rendered":"Mali : un officier \u00e0 la retraite pour diriger la transition"},"content":{"rendered":"<div readability=\"32\">\n<p>Publi\u00e9 le 21.09.2020 \u00e0 23h18 par APA News<\/p>\n<\/div>\n<div readability=\"112\">\n<p>Bah N\u2019daw, colonel-major \u00e0 la retraite et ancien ministre de la D\u00e9fense, a \u00e9t\u00e9 choisi lundi 21 septembre pour diriger une transition vers le retour \u00e0 l\u2019ordre constitutionnel au Mali.Ce n\u2019est pas un anonyme. Ce n\u2019est pas non plus une c\u00e9l\u00e9brit\u00e9. Le Colonel-Major \u00e0 la retraite, Bah N\u2019daw, qui a \u00e9t\u00e9 d\u00e9sign\u00e9 lundi 21 septembre 2020 pour occuper la fonction de chef de l\u2019\u00c9tat durant la p\u00e9riode de transition cens\u00e9e conduire le Mali vers un retour \u00e0 l\u2019ordre constitutionnel, apr\u00e8s la d\u00e9mission forc\u00e9e par l\u2019arm\u00e9e du pr\u00e9sident contest\u00e9 Ibrahim Boubacar Ke\u00efta (IBK), le 18 ao\u00fbt dernier, ne figurait sur aucune de ces nombreuses listes de favoris ou pressentis qui circulent \u00e0 Bamako jusqu\u2019ici pour occuper un tel poste. L\u2019officier retrait\u00e9 devrait \u00eatre second\u00e9 par le chef actuel de la junte, le colonel Assimi Go\u00efta, comme vice-pr\u00e9sident.<\/p>\n<p>Selon ce dernier, qui a personnellement annonc\u00e9 la nouvelle sur les antennes de la t\u00e9l\u00e9vision nationale, une \u00ab c\u00e9r\u00e9monie de prestation de serment aura lieu le vendredi 25 septembre \u00bb.<\/p>\n<p>Natif de San, dans la r\u00e9gion de S\u00e9gou, Bah N\u2019daw, issu de la minorit\u00e9 apparent\u00e9e au groupe Senoufo, les Minianka, pr\u00e9sents aussi comme leurs \u00ab cousins \u00bb au Burkina et en C\u00f4te d\u2019Ivoire, est dipl\u00f4m\u00e9 de la 7e promotion de l\u2019\u00c9cole Militaire Interarmes (EMIA) de Koulikoro, \u00e0 70 kilom\u00e8tres environ de Bamako. Ancien pilote de l\u2019arm\u00e9e de l\u2019air, celui qui vient juste d\u2019avoir 70 ans en ao\u00fbt dernier, a poursuivi une formation de perfectionnement dans l\u2019ex-Union sovi\u00e9tique avant de passer par l\u2019\u00c9cole de guerre de Paris.<\/p>\n<p>Ancien aide de camp de l\u2019ex-pr\u00e9sident d\u00e9c\u00e9d\u00e9 la semaine derni\u00e8re, Moussa Traor\u00e9, l\u2019officier \u00e0 la retraite est r\u00e9put\u00e9 int\u00e8gre, comp\u00e9tent et tr\u00e8s attach\u00e9 aux lois et r\u00e8glements. Selon plusieurs sources maliennes, ce trait de caract\u00e8re explique d\u2019ailleurs \u00ab ses multiples d\u00e9missions \u00e0 chaque fois qu\u2019il s\u2019est trouv\u00e9 face \u00e0 un probl\u00e8me de conscience \u00bb, y compris lorsqu\u2019il officiait aux c\u00f4t\u00e9s de l\u2019ancien pr\u00e9sident Traor\u00e9 alors redout\u00e9 de tous. Ou encore quand il \u00e9tait ministre de la D\u00e9fense sous IBK. Il avait \u00e9t\u00e9 appel\u00e9 \u00e0 ce poste en remplacement de Soumeylou Boub\u00e8ye Ma\u00efga forc\u00e9 alors \u00e0 quitter ses fonctions apr\u00e8s la d\u00e9b\u00e2cle de l\u2019arm\u00e9e malienne en mai 2014 \u00e0 Kidal (ville sous contr\u00f4le de l\u2019ex-r\u00e9bellion touar\u00e8gue) lors d\u2019une visite visiblement mal pr\u00e9par\u00e9e de l\u2019ancien Premier ministre Moussa Mara. Selon plusieurs sources \u00e0 Bamako, son d\u00e9part du minist\u00e8re de la D\u00e9fense r\u00e9sulte d\u2019un diff\u00e9rend sur l\u2019application de certaines mesures contenues dans l\u2019accord de paix n\u00e9goci\u00e9 \u00e0 Alger (Alg\u00e9rie) puis sign\u00e9 \u00e0 Bamako en 2015 entre le gouvernement malien et les anciens groupes rebelles. N\u2019daw, qui serait profond\u00e9ment hostile \u00e0 plusieurs dispositions de cet accord, aurait cat\u00e9goriquement refus\u00e9 d\u2019int\u00e9grer d\u2019anciens rebelles touaregs ayant par le pass\u00e9 servi au sein des forces arm\u00e9es r\u00e9guli\u00e8res avant de rejoindre la r\u00e9bellion en 2012.<\/p>\n<p>Apr\u00e8s de longues semaines de discussions avec les diff\u00e9rents acteurs politiques, civils, religieux et partenaires \u00e9trangers du Mali, la junte avait organis\u00e9 les 10,11 et 12 septembre dernier des \u00ab journ\u00e9es de concertation nationale \u00bb \u00e0 l\u2019issue desquelles une transition d\u2019une dur\u00e9e de 18 mois a \u00e9t\u00e9 d\u00e9cid\u00e9e et un profil de pr\u00e9sident de la transition dessin\u00e9. Selon le document final, adopt\u00e9 lors de ces trois jours d\u2019\u00e2pres discussions, il a \u00e9t\u00e9 d\u00e9cid\u00e9 que le pr\u00e9sident de la transition soit de nationalit\u00e9 malienne, \u00e2g\u00e9 de 35 \u00e0 70 ans, \u00eatre r\u00e9put\u00e9 int\u00e8gre, de bonne moralit\u00e9 et ne jamais avoir \u00e9t\u00e9 condamn\u00e9 p\u00e9nalement. Ce qui de l\u2019avis d\u2019une bonne partie des Maliens semble \u00eatre le cas de l\u2019ancien haut grad\u00e9 \u00e0 la retraite, qui a d\u2019ailleurs plusieurs fois \u00e9t\u00e9 d\u00e9cor\u00e9 durant sa longue carri\u00e8re de militaire : Officier de l\u2019Ordre national, m\u00e9daill\u00e9 du M\u00e9rite militaire et titulaire d\u2019une m\u00e9daille du M\u00e9rite national. Selon les conclusions de ces fameuses journ\u00e9es de concertation, l\u2019ensemble des futurs membres du gouvernement de transition doivent ob\u00e9ir aux m\u00eames crit\u00e8res, y compris le Premier ministre.<\/p>\n<p>S\u2019il est fort probable que la nomination de Bah N\u2019daw comme pr\u00e9sident de la transition soit accept\u00e9e par les Maliens, surtout que cette d\u00e9signation est l\u2019\u0153uvre d\u2019un coll\u00e8ge comprenant d\u2019\u00e9minentes personnalit\u00e9s comme le tr\u00e8s influent Imam Mahmoud Dicko et l\u2019archev\u00eaque de Bamako, il reste un cap d\u00e9cisif que la junte doit faire passer pour cette d\u00e9cision : la validation par la Communaut\u00e9 \u00e9conomique des \u00c9tats de l\u2019Afrique de l\u2019Ouest (Cedeao). Mandat\u00e9e par la communaut\u00e9 internationale pour parvenir \u00e0 un retour \u00e0 une vie constitutionnelle normale, celle-ci avait pris une s\u00e9rie de sanctions \u00e0 l\u2019\u00e9gard du Mali, dont la fermeture totale des fronti\u00e8res a\u00e9riennes et terrestres ainsi que la suspension de certaines transactions financi\u00e8res et commerciales avec Bamako. Apr\u00e8s avoir tent\u00e9, avant de se r\u00e9signer, de forcer les militaires \u00e0 r\u00e9tablir le pr\u00e9sident d\u00e9chu au pouvoir, l\u2019organisation r\u00e9gionale avait finalement conditionn\u00e9 la lev\u00e9e des sanctions prononc\u00e9es \u00e0 la nomination d\u2019un pr\u00e9sident et d\u2019un Premier ministre de transition non militaires mais civils. Un mini-sommet, tenu la semaine derni\u00e8re \u00e0 Accra, au Ghana, auquel le chef de la junte s\u2019\u00e9tait personnellement rendu, avait r\u00e9it\u00e9r\u00e9 de telles exigences. A l\u2019issue d\u2019une nouvelle visite attendue la semaine prochaine du m\u00e9diateur de la Cedeao charg\u00e9 de la crise malienne, l\u2019ancien pr\u00e9sident du Nigeria Goodluck Jonathan, les Maliens sauront si le choix d\u2019un militaire retrait\u00e9 comme chef de l\u2019\u00c9tat de la transition est une bonne ou mauvaise nouvelle pour tous. Leurs voisins et eux.<\/p>\n<\/div>\n<p>Auteur: APA News<br \/>\n<a href=\"https:\/\/www.journalducameroun.com\/mali-un-officier-a-la-retraite-pour-diriger-la-transition\/\">Cliquez ici pour lire l&rsquo;article depuis sa source.<\/a><\/p>\n","protected":false},"excerpt":{"rendered":"<p>Publi\u00e9 le 21.09.2020 \u00e0 23h18 par APA News Bah N\u2019daw, colonel-major \u00e0 la retraite et ancien ministre de la D\u00e9fense, a \u00e9t\u00e9 choisi lundi 21 septembre pour diriger une transition vers le retour \u00e0 l\u2019ordre constitutionnel au Mali.Ce n\u2019est pas un anonyme. Ce n\u2019est pas non plus une c\u00e9l\u00e9brit\u00e9. Le Colonel-Major \u00e0 la retraite, Bah [&hellip;]<\/p>\n","protected":false},"author":1965,"featured_media":0,"comment_status":"closed","ping_status":"closed","sticky":false,"template":"","format":"standard","meta":{"fifu_image_url":"","fifu_image_alt":"","footnotes":""},"categories":[73,82],"tags":[],"class_list":["post-99600","post","type-post","status-publish","format-standard","hentry","category-actualite","category-cameroun"],"_links":{"self":[{"href":"https:\/\/linitiative.ca\/International\/wp-json\/wp\/v2\/posts\/99600","targetHints":{"allow":["GET"]}}],"collection":[{"href":"https:\/\/linitiative.ca\/International\/wp-json\/wp\/v2\/posts"}],"about":[{"href":"https:\/\/linitiative.ca\/International\/wp-json\/wp\/v2\/types\/post"}],"author":[{"embeddable":true,"href":"https:\/\/linitiative.ca\/International\/wp-json\/wp\/v2\/users\/1965"}],"replies":[{"embeddable":true,"href":"https:\/\/linitiative.ca\/International\/wp-json\/wp\/v2\/comments?post=99600"}],"version-history":[{"count":0,"href":"https:\/\/linitiative.ca\/International\/wp-json\/wp\/v2\/posts\/99600\/revisions"}],"wp:attachment":[{"href":"https:\/\/linitiative.ca\/International\/wp-json\/wp\/v2\/media?parent=99600"}],"wp:term":[{"taxonomy":"category","embeddable":true,"href":"https:\/\/linitiative.ca\/International\/wp-json\/wp\/v2\/categories?post=99600"},{"taxonomy":"post_tag","embeddable":true,"href":"https:\/\/linitiative.ca\/International\/wp-json\/wp\/v2\/tags?post=99600"}],"curies":[{"name":"wp","href":"https:\/\/api.w.org\/{rel}","templated":true}]}}