{"id":99604,"date":"2020-09-22T09:00:28","date_gmt":"2020-09-22T13:00:28","guid":{"rendered":"https:\/\/linitiative.ca\/International\/une-faculte-polydisciplinaire-pour-bientot-a-chefchaouen\/"},"modified":"2020-09-22T09:00:28","modified_gmt":"2020-09-22T13:00:28","slug":"une-faculte-polydisciplinaire-pour-bientot-a-chefchaouen","status":"publish","type":"post","link":"https:\/\/linitiative.ca\/International\/une-faculte-polydisciplinaire-pour-bientot-a-chefchaouen\/","title":{"rendered":"Une Facult\u00e9 polydisciplinaire pour bient\u00f4t \u00e0 Chefchaouen"},"content":{"rendered":"<p><img decoding=\"async\" class=\"post_layout_5_img\" src=\"http:\/\/aujourdhui.ma\/wp-content\/uploads\/2018\/07\/universite-abdelmalek-essaadi.jpg\" alt=\"Une Facult&#xE9; polydisciplinaire pour bient&#xF4;t &#xE0; Chefchaouen\"\/><\/p>\n<p><span class=\"c5\"><strong>Ce projet r\u00e9pondra aux attentes d\u2019un grand nombre de bacheliers et d\u2019\u00e9tudiants de cette province<\/strong><\/span> <span id=\"more-355959\"\/><\/p>\n<p><span class=\"c6\">La future Facult\u00e9 polydisciplinaire, qui fait partie d\u2019une structure universitaire pr\u00e9vue d\u2019\u00eatre livr\u00e9e pendant la saison 2020-2022, s\u2019inscrit dans le cadre d\u2019un ambitieux programme visant \u00e0 \u00e9largir l\u2019offre de formation universitaire \u00e0 travers les principales villes de la r\u00e9gion du Nord.<\/span><\/p>\n<p>Apr\u00e8s T\u00e9touan, Larache et Ksar El K\u00e9bir, la province de Chefchaouen se dotera d\u2019une nouvelle Facult\u00e9 polydisciplinaire aux environs de la commune rurale Bab Taza, permettant \u00e0 la r\u00e9gion du Nord de d\u00e9velopper son offre de formation universitaire \u00e0 travers son territoire r\u00e9gional. C\u2019est du moins ce qui est ressorti de la session ordinaire du Conseil provincial tenue, derni\u00e8rement, au titre du mois de septembre. Ainsi, les travaux de cette assembl\u00e9e ont \u00e9t\u00e9 marqu\u00e9s par l\u2019approbation \u00e0 l\u2019unanimit\u00e9 de l\u2019acquisition d\u2019un lot de terrain pour la mise en place de la future facult\u00e9 polydisciplinaire d\u00e9pendant de l\u2019Universit\u00e9 Abdelmalek Essa\u00e2di.<\/p>\n<p>Le choix a \u00e9t\u00e9 port\u00e9 sur la c\u00e9l\u00e8bre zone foresti\u00e8re d\u2019Ain Rami, plus pr\u00e9cis\u00e9ment dans le douar d\u2019Amkri relevant de la commune rurale de Bab Taza, pour la r\u00e9alisation de ce projet universitaire, qui fait l\u2019objet d\u2019une convention de partenariat liant plusieurs partenaires institutionnels et conseils \u00e9lus. Il pr\u00e9voit de r\u00e9pondre aux attentes d\u2019un grand nombre de bacheliers et \u00e9tudiants de Chefchaouen et des autres zones avoisinantes. \u00abLe Conseil provincial de Chefchaouen r\u00e9affirme sa volont\u00e9 d\u2019aller de l\u2019avant et avec d\u00e9termination pour la r\u00e9alisation de ce grand projet que la population chefchaounie attend avec passion\u00bb, selon le Conseil provincial.<br \/>Notons que la future Facult\u00e9 polydisciplinaire, qui fait partie d\u2019une structure universitaire pr\u00e9vue d\u2019\u00eatre livr\u00e9e pendant la saison 2020-2022, s\u2019inscrit dans le cadre d\u2019un ambitieux programme visant \u00e0 \u00e9largir l\u2019offre de formation universitaire \u00e0 travers les principales villes de la r\u00e9gion du Nord. Ce qui permet de rapprocher l\u2019universit\u00e9 des \u00e9tudiants sur le territoire r\u00e9gional.<\/p>\n<p>Repr\u00e9sentant 8% des effectifs de l\u2019enseignement sup\u00e9rieur au Maroc, l\u2019Universit\u00e9 Abdelmalek Essa\u00e2di pr\u00e9voit l\u2019installation d\u2019une autre facult\u00e9 polydisciplinaire \u00e0 Ouezzane. Elle est destin\u00e9e ainsi \u00e0 accueillir des bacheliers de la province d\u2019Ouezzane et des autres zones avoisinantes, tout en cherchant \u00e0 r\u00e9duire la pression sur les autres facult\u00e9s polydisciplinaires des deux villes de Larache et T\u00e9touan et leurs annexes respectives.<br \/>Cr\u00e9\u00e9e il y a une trentaine d\u2019ann\u00e9es \u00e0 T\u00e9touan, l\u2019Universit\u00e9 Abdelmalek Essa\u00e2di a r\u00e9ussi \u00e0 se faire une place parmi les principales institutions universitaires gr\u00e2ce \u00e0 ses \u00e9tablissements r\u00e9partis dans un premier temps entre Tanger, T\u00e9touan et Martil. Elle a pu au fil du temps s\u2019agrandir pour couvrir Larache, Al Hoceima puis Ksar El K\u00e9bir. Gr\u00e2ce \u00e0 sa position de chef-lieu du Nord, la ville du d\u00e9troit se taille la part du lion en termes d\u2019\u00e9tablissements d\u2019enseignement sup\u00e9rieur, dont l\u2019Ecole sup\u00e9rieure du Roi Fahd de traduction, l\u2019ENCG et l\u2019ENSA. Elle est suivie de T\u00e9touan qui accueille la pr\u00e9sidence de l\u2019UAE ainsi que ses deux Facult\u00e9s des lettres et sciences et une annexe de la Facult\u00e9 des sciences juridiques, \u00e9conomiques et sociales.<\/p>\n<p>Auteur: Najat Fa\u00efssal<br \/>\n<a href=\"https:\/\/aujourdhui.ma\/societe\/une-faculte-polydisciplinaire-pour-bientot-a-chefchaouen\">Cliquez ici pour lire l&rsquo;article depuis sa source.<\/a><\/p>\n","protected":false},"excerpt":{"rendered":"<p>Ce projet r\u00e9pondra aux attentes d\u2019un grand nombre de bacheliers et d\u2019\u00e9tudiants de cette province La future Facult\u00e9 polydisciplinaire, qui fait partie d\u2019une structure universitaire pr\u00e9vue d\u2019\u00eatre livr\u00e9e pendant la saison 2020-2022, s\u2019inscrit dans le cadre d\u2019un ambitieux programme visant \u00e0 \u00e9largir l\u2019offre de formation universitaire \u00e0 travers les principales villes de la r\u00e9gion du [&hellip;]<\/p>\n","protected":false},"author":1759,"featured_media":99605,"comment_status":"closed","ping_status":"closed","sticky":false,"template":"","format":"standard","meta":{"fifu_image_url":"","fifu_image_alt":"","footnotes":""},"categories":[73,54],"tags":[],"class_list":["post-99604","post","type-post","status-publish","format-standard","has-post-thumbnail","hentry","category-actualite","category-maroc"],"_links":{"self":[{"href":"https:\/\/linitiative.ca\/International\/wp-json\/wp\/v2\/posts\/99604","targetHints":{"allow":["GET"]}}],"collection":[{"href":"https:\/\/linitiative.ca\/International\/wp-json\/wp\/v2\/posts"}],"about":[{"href":"https:\/\/linitiative.ca\/International\/wp-json\/wp\/v2\/types\/post"}],"author":[{"embeddable":true,"href":"https:\/\/linitiative.ca\/International\/wp-json\/wp\/v2\/users\/1759"}],"replies":[{"embeddable":true,"href":"https:\/\/linitiative.ca\/International\/wp-json\/wp\/v2\/comments?post=99604"}],"version-history":[{"count":0,"href":"https:\/\/linitiative.ca\/International\/wp-json\/wp\/v2\/posts\/99604\/revisions"}],"wp:featuredmedia":[{"embeddable":true,"href":"https:\/\/linitiative.ca\/International\/wp-json\/"}],"wp:attachment":[{"href":"https:\/\/linitiative.ca\/International\/wp-json\/wp\/v2\/media?parent=99604"}],"wp:term":[{"taxonomy":"category","embeddable":true,"href":"https:\/\/linitiative.ca\/International\/wp-json\/wp\/v2\/categories?post=99604"},{"taxonomy":"post_tag","embeddable":true,"href":"https:\/\/linitiative.ca\/International\/wp-json\/wp\/v2\/tags?post=99604"}],"curies":[{"name":"wp","href":"https:\/\/api.w.org\/{rel}","templated":true}]}}