{"id":99610,"date":"2020-09-22T11:00:58","date_gmt":"2020-09-22T15:00:58","guid":{"rendered":"https:\/\/linitiative.ca\/International\/pour-faire-face-aux-effets-de-la-covid-19-min-ajliki-lance-un-programme-daccompagnement-des-femmes\/"},"modified":"2020-09-22T11:00:58","modified_gmt":"2020-09-22T15:00:58","slug":"pour-faire-face-aux-effets-de-la-covid-19-min-ajliki-lance-un-programme-daccompagnement-des-femmes","status":"publish","type":"post","link":"https:\/\/linitiative.ca\/International\/pour-faire-face-aux-effets-de-la-covid-19-min-ajliki-lance-un-programme-daccompagnement-des-femmes\/","title":{"rendered":"Pour faire face aux effets de la Covid-19: Min Ajliki lance un programme d\u2019accompagnement des femmes"},"content":{"rendered":"<header readability=\"1.2769230769231\">\n<\/header>\n<div class=\"entry-content clearfix\" readability=\"59\"><img decoding=\"async\" class=\"post_layout_5_img\" src=\"http:\/\/aujourdhui.ma\/wp-content\/uploads\/2020\/09\/Min-Ajliki-lance-un-programme-d\u2019accompagnement-des-femmes.jpg\" alt=\"Pour faire face aux effets de la Covid-19: Min Ajliki lance un programme d&#x2019;accompagnement des femmes\"\/><\/p>\n<p><span class=\"c5\"><strong>Le programme Min Ajliki lance un plan d\u2019accompagnement post-Covid au profit des femmes entrepreneures issues de plusieurs r\u00e9gions du Royaume pour faire face aux probl\u00e8mes qu\u2019elles ont rencontr\u00e9s \u00e0 cause de la Covid-19 pour trouver des solutions efficaces et efficientes.<\/strong><\/span><span id=\"more-355961\"\/><\/p>\n<p>La fragilit\u00e9 de certaines TPE (Tr\u00e8s petites entreprises) a \u00e9t\u00e9 amplifi\u00e9e par la crise sanitaire. Les TPE et PME doivent aujourd\u2019hui relancer et poursuivre leurs activit\u00e9s et ont besoin d\u2019\u00eatre accompagn\u00e9es dans la reprise.<br \/>C\u2019est dans cette optique que l\u2019APEFE Wallonie-Bruxelles, \u00e0 travers son programme belgo-marocain de soutien \u00e0 l\u2019entrepreneuriat f\u00e9minin Min Ajliki, a lanc\u00e9 un dispositif d\u2019accompagnement et d\u2019assistance \u00e0 des entreprises f\u00e9minines dans plusieurs r\u00e9gions du Royaume.<br \/>L\u2019objectif est de permettre aux entreprises f\u00e9minines accompagn\u00e9es de r\u00e9agir rapidement afin de s\u2019adapter aux changements au fur et \u00e0 mesure et mettre en place, avec l\u2019aide d\u2019experts, un plan d\u2019actions concret sur une dur\u00e9e de trois \u00e0 six mois autour des aspects financiers, humains, strat\u00e9giques et op\u00e9rationnels pour pr\u00e9voir et programmer la relance de leurs activit\u00e9s.<br \/>L\u2019intervention consiste dans un premier temps \u00e0 recenser les entreprises cr\u00e9\u00e9es dans le cadre du programme Min Ajliki et dans un second temps \u00e0 op\u00e9rer un diagnostic interne et externe de celles-ci. Les diagnostics permettront de tracer des pistes d\u2019am\u00e9lioration et de d\u00e9veloppement possibles afin d\u2019accompagner 450 entreprises f\u00e9minines dans plusieurs r\u00e9gions du Maroc.<br \/>Notons que Min Ajliki est un programme belgo-marocain de soutien \u00e0 l\u2019entrepreneuriat f\u00e9minin, qui a vu le jour en 2013. A sa gen\u00e8se, Min Ajliki avait comme objectif de contribuer \u00e0 am\u00e9liorer le niveau de vie des femmes au Maroc et participer \u00e0 l\u2019am\u00e9lioration du taux des femmes entrepreneures au Maroc. Il a \u00e9t\u00e9 initialement lanc\u00e9 en phase test pilote allant de 2013 et \u00e9tait disponible uniquement dans quelques r\u00e9gions. Pour sa deuxi\u00e8me phase qui s\u2019\u00e9tale de 2017 \u00e0 2021, outre l\u2019Anapec, l\u2019AFEM et Al Amana microfinance \u2013 partenaires de la premi\u00e8re phase \u2013 le programme s\u2019est attach\u00e9 de nouveaux partenaires, \u00e0 savoir le minist\u00e8re du travail et de l\u2019insertion professionnelle comme chef de file, Attawfiq Microfinance, le R\u00e9seau Entre-Elles, Maroc PME et le Centre Mohammed VI de soutien \u00e0 la microfinance solidaire.<br \/>Dans la premi\u00e8re phase du programme \u00abMin Ajliki\u00bb qui s\u2019est \u00e9tendue de 2013 a\u0300 2016, plus de 18.000 femmes ont \u00e9t\u00e9 sensibilis\u00e9es a\u0300 l\u2019entrepreneuriat, plus de 10.000 ont b\u00e9n\u00e9fici\u00e9 de formations, plus de 5.000 ont b\u00e9n\u00e9fici\u00e9 d\u2019accompagnement et plus de 150 projets ont \u00e9t\u00e9 incub\u00e9s dans les 10 incubateurs d\u2019entreprises. Lors des trois premi\u00e8res ann\u00e9es de la deuxi\u00e8me version du programme (2017 et 2019), plus de 9.000 femmes ont b\u00e9n\u00e9fici\u00e9 de formations de renforcement des capacit\u00e9s entrepreneuriales, plus de 600 structures f\u00e9minines sont pass\u00e9es du secteur informel au secteur formel, plus de 6.000 entreprises ont \u00e9t\u00e9 cr\u00e9\u00e9es par des femmes et plus de 7.000 emplois f\u00e9minins ont \u00e9t\u00e9 g\u00e9n\u00e9r\u00e9s.<\/p>\n<\/div>\n<p>Auteur: Mohamed Laabid<br \/>\n<a href=\"https:\/\/aujourdhui.ma\/societe\/pour-faire-face-aux-effets-de-la-covid-19-min-ajliki-lance-un-programme-daccompagnement-des-femmes\">Cliquez ici pour lire l&rsquo;article depuis sa source.<\/a><\/p>\n","protected":false},"excerpt":{"rendered":"<p>Le programme Min Ajliki lance un plan d\u2019accompagnement post-Covid au profit des femmes entrepreneures issues de plusieurs r\u00e9gions du Royaume pour faire face aux probl\u00e8mes qu\u2019elles ont rencontr\u00e9s \u00e0 cause de la Covid-19 pour trouver des solutions efficaces et efficientes. La fragilit\u00e9 de certaines TPE (Tr\u00e8s petites entreprises) a \u00e9t\u00e9 amplifi\u00e9e par la crise sanitaire. [&hellip;]<\/p>\n","protected":false},"author":1759,"featured_media":99611,"comment_status":"closed","ping_status":"closed","sticky":false,"template":"","format":"standard","meta":{"fifu_image_url":"","fifu_image_alt":"","footnotes":""},"categories":[73,54],"tags":[],"class_list":["post-99610","post","type-post","status-publish","format-standard","has-post-thumbnail","hentry","category-actualite","category-maroc"],"_links":{"self":[{"href":"https:\/\/linitiative.ca\/International\/wp-json\/wp\/v2\/posts\/99610","targetHints":{"allow":["GET"]}}],"collection":[{"href":"https:\/\/linitiative.ca\/International\/wp-json\/wp\/v2\/posts"}],"about":[{"href":"https:\/\/linitiative.ca\/International\/wp-json\/wp\/v2\/types\/post"}],"author":[{"embeddable":true,"href":"https:\/\/linitiative.ca\/International\/wp-json\/wp\/v2\/users\/1759"}],"replies":[{"embeddable":true,"href":"https:\/\/linitiative.ca\/International\/wp-json\/wp\/v2\/comments?post=99610"}],"version-history":[{"count":0,"href":"https:\/\/linitiative.ca\/International\/wp-json\/wp\/v2\/posts\/99610\/revisions"}],"wp:featuredmedia":[{"embeddable":true,"href":"https:\/\/linitiative.ca\/International\/wp-json\/"}],"wp:attachment":[{"href":"https:\/\/linitiative.ca\/International\/wp-json\/wp\/v2\/media?parent=99610"}],"wp:term":[{"taxonomy":"category","embeddable":true,"href":"https:\/\/linitiative.ca\/International\/wp-json\/wp\/v2\/categories?post=99610"},{"taxonomy":"post_tag","embeddable":true,"href":"https:\/\/linitiative.ca\/International\/wp-json\/wp\/v2\/tags?post=99610"}],"curies":[{"name":"wp","href":"https:\/\/api.w.org\/{rel}","templated":true}]}}