{"id":99612,"date":"2020-09-22T09:06:24","date_gmt":"2020-09-22T13:06:24","guid":{"rendered":"https:\/\/linitiative.ca\/International\/au-siege-de-laiea-une-fontaine-marocaine-soffre-un-lifting\/"},"modified":"2020-09-22T09:06:24","modified_gmt":"2020-09-22T13:06:24","slug":"au-siege-de-laiea-une-fontaine-marocaine-soffre-un-lifting","status":"publish","type":"post","link":"https:\/\/linitiative.ca\/International\/au-siege-de-laiea-une-fontaine-marocaine-soffre-un-lifting\/","title":{"rendered":"Au si\u00e8ge de l\u2019AIEA, une fontaine marocaine s\u2019offre un lifting"},"content":{"rendered":"<p class=\"c2\"><strong>DNES: Houcine Maimouni<\/strong><\/p>\n<p class=\"has-text-color c3\"><strong>La fontaine marocaine, qui tr\u00f4nait depuis 23 ans au si\u00e8ge de l\u2019Agence internationale de l\u2019\u00e9nergie atomique (AIEA) \u00e0 Vienne, a \u00e9t\u00e9 inaugur\u00e9e, lundi, apr\u00e8s une op\u00e9ration de lifting dont les travaux co\u00efncident avec la pr\u00e9sidence marocaine de la 64\u00e8me Conf\u00e9rence g\u00e9n\u00e9rale de l\u2019AIEA.<\/strong><\/p>\n<p>\u00abC\u2019est une journ\u00e9e m\u00e9morable au cours de laquelle nous proc\u00e9dons \u00e0 la c\u00e9r\u00e9monie d\u2019inauguration de cette belle fontaine marocaine\u00bb, a d\u00e9clar\u00e9 l\u2019ambassadeur, repr\u00e9sentant permanent du Maroc aupr\u00e8s des organisations internationales \u00e0 Vienne, Azzeddine Farhane.<\/p>\n<p>Cette journ\u00e9e est, selon lui, m\u00e9morable compte tenu de l\u2019histoire de cette \u0153uvre authentique de l\u2019artisanat marocain et du message qu\u2019elle v\u00e9hicule, mais aussi parce que cette inauguration se tient \u00e0 l\u2019occasion de la pr\u00e9sidence marocaine de la 64e Conf\u00e9rence g\u00e9n\u00e9rale de l\u2019AIEA.<\/p>\n<p>La c\u00e9r\u00e9monie d\u2019inauguration a \u00e9t\u00e9 rehauss\u00e9e par la pr\u00e9sence notamment du Directeur G\u00e9n\u00e9ral de l\u2019AIEA, Rafael Mariano Grossi, de la Directrice g\u00e9n\u00e9rale de l\u2019Office des Nations-Unies \u00e0 Vienne, Ghada Fathi Waly, du Secr\u00e9taire ex\u00e9cutif de l\u2019Organisation du trait\u00e9 d\u2019interdiction compl\u00e8te des essais nucl\u00e9aires (OTICE), et des pr\u00e9sidents des groupes r\u00e9gionaux des Nations-Unies.<\/p>\n<p>La fontaine est un don du Royaume du Maroc \u00e0 l\u2019AIEA en 1997 \u00e0 l\u2019occasion du 40e anniversaire de l\u2019Organisation, comme l\u2019indique la plaque inaugurale.<\/p>\n<p>Ce don, pr\u00e9sent\u00e9 comme un gage du soutien du Maroc \u00e0 l\u2019AIEA, exprime l\u2019engagement du Royaume pour la promotion des valeurs et des principes du multilat\u00e9ralisme, si n\u00e9cessaire aujourd\u2019hui \u00e0 la gestion des enjeux mondiaux, qui rev\u00eatent une importance cruciale pour le genre humain comme la gestion de l\u2019\u00e9nergie nucl\u00e9aire, a soulign\u00e9 M. Farhane.<\/p>\n<p>L\u2019inauguration d\u2019aujourd\u2019hui, a-t-il poursuivi, fait suite \u00e0 l\u2019ach\u00e8vement d\u2019importants travaux de restauration entrepris apr\u00e8s la d\u00e9couverte d\u2019une fuite d\u2019eau ayant endommag\u00e9 des parties de la fontaine et terni la beaut\u00e9 de ses pi\u00e8ces de \u00abzellige\u00bb.<\/p>\n<p>Redonner sa splendeur originelle \u00e0 cette fontaine, d\u00e9positaire de tant de symboles et d\u2019\u00e9vocations, est une autre mani\u00e8re de t\u00e9moigner de l\u2019engagement du Maroc pour une coop\u00e9ration active avec l\u2019AIEA, a-t-il relev\u00e9.<\/p>\n<p>Le diplomate marocain a formul\u00e9 l\u2019espoir de voir cette fontaine, source de vie, continuer \u00e0 couler \u00e9ternellement pour rappeler que la promotion de la coop\u00e9ration internationale sera toujours au c\u0153ur des actions de l\u2019AIEA.<\/p>\n<p>Le Directeur g\u00e9n\u00e9ral de l\u2019AIEA s\u2019est pour sa part appesanti sur les significations profondes des deux versets coraniques qui perlent cette fontaine. Alors que le premier \u00abfait de l\u2019eau toute chose vivante\u00bb, le second (contexte oblige !) souligne que \u00abQuiconque fait un bien f\u00fbt-ce du poids d\u2019un atome, le verra, et quiconque fait un mal, f\u00fbt-ce du poids d\u2019un atome le verra\u00bb.<\/p>\n<p>\u00abCe sont des r\u00e9flexions tr\u00e8s profondes et je crois que c\u2019est tr\u00e8s beau de les avoir ici, particuli\u00e8rement durant cette ann\u00e9e alors que nous nous effor\u00e7ons de combattre une terrible pand\u00e9mie\u00bb, a-t-il soutenu.<\/p>\n<p>Et de conclure que cette belle fontaine, qui rappelle l\u2019ambiance des m\u00e9dinas marocaines comme Marrakech et Rabat, cristallise certains aspects de la culture marocaine authentique, tout en apportant un souffle de paix et de m\u00e9ditation \u00e0 l\u2019enceinte du Centre international de Vienne.<\/p>\n<p>Auteur: M&rsquo;hammed rahal<br \/>\n<a href=\"http:\/\/albayane.press.ma\/au-siege-de-laiea-une-fontaine-marocaine-soffre-un-lifting.html\">Cliquez ici pour lire l&rsquo;article depuis sa source.<\/a><\/p>\n","protected":false},"excerpt":{"rendered":"<p>DNES: Houcine Maimouni La fontaine marocaine, qui tr\u00f4nait depuis 23 ans au si\u00e8ge de l\u2019Agence internationale de l\u2019\u00e9nergie atomique (AIEA) \u00e0 Vienne, a \u00e9t\u00e9 inaugur\u00e9e, lundi, apr\u00e8s une op\u00e9ration de lifting dont les travaux co\u00efncident avec la pr\u00e9sidence marocaine de la 64\u00e8me Conf\u00e9rence g\u00e9n\u00e9rale de l\u2019AIEA. \u00abC\u2019est une journ\u00e9e m\u00e9morable au cours de laquelle nous [&hellip;]<\/p>\n","protected":false},"author":1760,"featured_media":0,"comment_status":"closed","ping_status":"closed","sticky":false,"template":"","format":"standard","meta":{"fifu_image_url":"","fifu_image_alt":"","footnotes":""},"categories":[73,54],"tags":[],"class_list":["post-99612","post","type-post","status-publish","format-standard","hentry","category-actualite","category-maroc"],"_links":{"self":[{"href":"https:\/\/linitiative.ca\/International\/wp-json\/wp\/v2\/posts\/99612","targetHints":{"allow":["GET"]}}],"collection":[{"href":"https:\/\/linitiative.ca\/International\/wp-json\/wp\/v2\/posts"}],"about":[{"href":"https:\/\/linitiative.ca\/International\/wp-json\/wp\/v2\/types\/post"}],"author":[{"embeddable":true,"href":"https:\/\/linitiative.ca\/International\/wp-json\/wp\/v2\/users\/1760"}],"replies":[{"embeddable":true,"href":"https:\/\/linitiative.ca\/International\/wp-json\/wp\/v2\/comments?post=99612"}],"version-history":[{"count":0,"href":"https:\/\/linitiative.ca\/International\/wp-json\/wp\/v2\/posts\/99612\/revisions"}],"wp:attachment":[{"href":"https:\/\/linitiative.ca\/International\/wp-json\/wp\/v2\/media?parent=99612"}],"wp:term":[{"taxonomy":"category","embeddable":true,"href":"https:\/\/linitiative.ca\/International\/wp-json\/wp\/v2\/categories?post=99612"},{"taxonomy":"post_tag","embeddable":true,"href":"https:\/\/linitiative.ca\/International\/wp-json\/wp\/v2\/tags?post=99612"}],"curies":[{"name":"wp","href":"https:\/\/api.w.org\/{rel}","templated":true}]}}