{"id":99613,"date":"2020-09-22T09:09:26","date_gmt":"2020-09-22T13:09:26","guid":{"rendered":"https:\/\/linitiative.ca\/International\/le-maroc-membre-de-la-delegation-de-haut-niveau-de-loif-pour-le-mali\/"},"modified":"2020-09-22T09:09:26","modified_gmt":"2020-09-22T13:09:26","slug":"le-maroc-membre-de-la-delegation-de-haut-niveau-de-loif-pour-le-mali","status":"publish","type":"post","link":"https:\/\/linitiative.ca\/International\/le-maroc-membre-de-la-delegation-de-haut-niveau-de-loif-pour-le-mali\/","title":{"rendered":"Le Maroc membre de la d\u00e9l\u00e9gation de haut niveau de l\u2019OIF pour le Mali"},"content":{"rendered":"<p class=\"has-text-color c2\"><strong>La Secr\u00e9taire g\u00e9n\u00e9rale de la Francophonie, Mme Louise Mushikiwabo, a d\u00e9sign\u00e9 M. Moha Ouali Tagma, Ambassadeur du Maroc \u00e0 Abuja, comme membre de la d\u00e9l\u00e9gation de haut niveau de l\u2019Organisation internationale de la francophonie (OIF) charg\u00e9e d\u2019accompagner le processus de transition civile au Mali.<\/strong><\/p>\n<p>Cette nomination est une reconnaissance de l\u2019engagement du Maroc au service de la paix et de la stabilit\u00e9 r\u00e9gionale, et du r\u00f4le sage et constructif du Royaume, sous les Tr\u00e8s Hautes Orientations de Sa Majest\u00e9 le Roi au Mali, mais aussi en Libye et ailleurs.<\/p>\n<p>M. Moha Ouali Tagma est diplomate depuis pr\u00e8s de 40 ans. Il a notamment \u00e9t\u00e9 Ambassadeur de Sa Majest\u00e9 le Roi du Maroc \u00e0 Dakar (S\u00e9n\u00e9gal) et \u00e0 Varsovie (Pologne). Il a servi en tant que membre de la mission permanente du Maroc aupr\u00e8s de l\u2019ONU \u00e0 Gen\u00e8ve. Au terme de son mandat \u00e0 la t\u00eate de la Direction Afrique au minist\u00e8re, M. Tagma a \u00e9t\u00e9 nomm\u00e9 en 2016 Ambassadeur \u00e0 Abuja (Nigeria).<\/p>\n<p>Conduite par Cheikh Tidiane Gadio, ancien Ministre d\u2019Etat, Ministre des Affaires \u00e9trang\u00e8res de la R\u00e9publique du S\u00e9n\u00e9gal et actuel Vice-pr\u00e9sident de l\u2019Assembl\u00e9e nationale, la d\u00e9l\u00e9gation de L\u2019OIF pour le suivi de la situation au Mali, comprend \u00e9galement Mme Nadia El Yousfi, d\u00e9put\u00e9e au Parlement bruxellois et au Parlement de la F\u00e9d\u00e9ration Wallonie-Bruxelles, membre du Bureau de la Commission des affaires parlementaires de l\u2019Assembl\u00e9e parlementaire de la Francophonie (APF).<\/p>\n<p>La mise en place de la d\u00e9l\u00e9gation de haut niveau s\u2019inscrit dans le cadre de la r\u00e9solution adopt\u00e9e le 25 ao\u00fbt par la 111\u00e8me session extraordinaire du Conseil permanent de la Francophonie (CPF), pour soutenir le processus de restauration des institutions d\u00e9mocratiques au Mali et contribuer \u00e0 trouver des solutions de sortie de crise durables et cr\u00e9dibles prenant en consid\u00e9ration les attentes des citoyens maliens, pr\u00e9cise l\u2019OIF.<\/p>\n<p>En \u00e9troite coordination avec les partenaires internationaux, tout principalement la CEDEAO et l\u2019Union Africaine, la d\u00e9l\u00e9gation de haut niveau sera charg\u00e9e d\u2019appuyer la Secr\u00e9taire g\u00e9n\u00e9rale de la Francophonie dans l\u2019accompagnement du processus de transition civile, ajoute la m\u00eame source.<\/p>\n<p>Auteur: M&rsquo;hammed rahal<br \/>\n<a href=\"http:\/\/albayane.press.ma\/le-maroc-membre-de-la-delegation-de-haut-niveau-de-loif-pour-le-mali.html\">Cliquez ici pour lire l&rsquo;article depuis sa source.<\/a><\/p>\n","protected":false},"excerpt":{"rendered":"<p>La Secr\u00e9taire g\u00e9n\u00e9rale de la Francophonie, Mme Louise Mushikiwabo, a d\u00e9sign\u00e9 M. Moha Ouali Tagma, Ambassadeur du Maroc \u00e0 Abuja, comme membre de la d\u00e9l\u00e9gation de haut niveau de l\u2019Organisation internationale de la francophonie (OIF) charg\u00e9e d\u2019accompagner le processus de transition civile au Mali. Cette nomination est une reconnaissance de l\u2019engagement du Maroc au service [&hellip;]<\/p>\n","protected":false},"author":1760,"featured_media":0,"comment_status":"closed","ping_status":"closed","sticky":false,"template":"","format":"standard","meta":{"fifu_image_url":"","fifu_image_alt":"","footnotes":""},"categories":[73,54],"tags":[],"class_list":["post-99613","post","type-post","status-publish","format-standard","hentry","category-actualite","category-maroc"],"_links":{"self":[{"href":"https:\/\/linitiative.ca\/International\/wp-json\/wp\/v2\/posts\/99613","targetHints":{"allow":["GET"]}}],"collection":[{"href":"https:\/\/linitiative.ca\/International\/wp-json\/wp\/v2\/posts"}],"about":[{"href":"https:\/\/linitiative.ca\/International\/wp-json\/wp\/v2\/types\/post"}],"author":[{"embeddable":true,"href":"https:\/\/linitiative.ca\/International\/wp-json\/wp\/v2\/users\/1760"}],"replies":[{"embeddable":true,"href":"https:\/\/linitiative.ca\/International\/wp-json\/wp\/v2\/comments?post=99613"}],"version-history":[{"count":0,"href":"https:\/\/linitiative.ca\/International\/wp-json\/wp\/v2\/posts\/99613\/revisions"}],"wp:attachment":[{"href":"https:\/\/linitiative.ca\/International\/wp-json\/wp\/v2\/media?parent=99613"}],"wp:term":[{"taxonomy":"category","embeddable":true,"href":"https:\/\/linitiative.ca\/International\/wp-json\/wp\/v2\/categories?post=99613"},{"taxonomy":"post_tag","embeddable":true,"href":"https:\/\/linitiative.ca\/International\/wp-json\/wp\/v2\/tags?post=99613"}],"curies":[{"name":"wp","href":"https:\/\/api.w.org\/{rel}","templated":true}]}}