{"id":99614,"date":"2020-09-22T09:12:51","date_gmt":"2020-09-22T13:12:51","guid":{"rendered":"https:\/\/linitiative.ca\/International\/%ef%bb%bfle-maroc-appelle-a-oeuvrer-pour-repondre-aux-besoins-des-pays-en-developpement\/"},"modified":"2020-09-22T09:12:51","modified_gmt":"2020-09-22T13:12:51","slug":"%ef%bb%bfle-maroc-appelle-a-oeuvrer-pour-repondre-aux-besoins-des-pays-en-developpement","status":"publish","type":"post","link":"https:\/\/linitiative.ca\/International\/%ef%bb%bfle-maroc-appelle-a-oeuvrer-pour-repondre-aux-besoins-des-pays-en-developpement\/","title":{"rendered":"\ufeffLe Maroc appelle \u00e0 oeuvrer pour r\u00e9pondre aux besoins des pays en d\u00e9veloppement"},"content":{"rendered":"<p class=\"has-text-color has-vivid-red-color c2\"><strong>61\u00e8 Assembl\u00e9e de l\u2019OMPI<\/strong><\/p>\n<p class=\"has-text-color c3\"><strong>La d\u00e9l\u00e9gation marocaine prenant part \u00e0 la 61\u00e8me r\u00e9union des Assembl\u00e9es des Etats membres de l\u2019Organisation mondiale de la propri\u00e9t\u00e9 intellectuelle (OMPI) a mis l\u2019accent lundi \u00e0 Gen\u00e8ve sur la n\u00e9cessit\u00e9 \u00abd\u2019\u0153uvrer davantage, pour r\u00e9pondre aux besoins des \u00c9tats membres, notamment les pays en d\u00e9veloppement\u00bb.<\/strong><\/p>\n<p>\u00abLes avanc\u00e9es notables enregistr\u00e9es par l\u2019OMPI durant la d\u00e9cennie \u00e9coul\u00e9e ne doivent pas escamoter la n\u00e9cessit\u00e9 d\u2019\u0153uvrer davantage, pour r\u00e9pondre aux besoins des \u00c9tats membres, notamment les pays en d\u00e9veloppement, et de relever les multiples d\u00e9fis auxquels nous sommes confront\u00e9s aujourd\u2019hui\u00bb, a affirm\u00e9 le Repr\u00e9sentant Permanent adjoint \u00e0 la Mission du Royaume \u00e0 Gen\u00e8ve, Abdellah Boutadghart, dans une d\u00e9claration au nom du Maroc.<\/p>\n<p>\u00c0 cet \u00e9gard, a-t-il poursuivi, \u00abune mise en \u0153uvre efficace des recommandations du Plan d\u2019action pour le d\u00e9veloppement de l\u2019OMPI permettra, certainement, aux pays en d\u00e9veloppement de tirer meilleur parti des avantages divers qu\u2019offre le syst\u00e8me international de la propri\u00e9t\u00e9 intellectuelle\u00bb.<\/p>\n<p>Les mutations profondes qui affectent le monde, invitent l\u2019OMPI \u00e0 reconsid\u00e9rer le cadre de la propri\u00e9t\u00e9 intellectuelle, en analysant les aspects juridiques, politiques et \u00e9thiques concernant l\u2019impact de l\u2019intelligence artificielle sur la cr\u00e9ativit\u00e9 et l\u2019innovation, a ajout\u00e9 le diplomate marocain.<\/p>\n<p>De surcro\u00eet, une attention particuli\u00e8re devrait \u00eatre accord\u00e9e \u00e0 l\u2019agenda normatif dans la perspective d\u2019achever les longues n\u00e9gociations, concernant notamment la protection des ressources g\u00e9n\u00e9tiques, des savoirs traditionnels et des expressions culturelles traditionnelles, des organismes de radio diffusion contre le piratage du signal, ainsi que les n\u00e9gociations aff\u00e9rentes \u00e0 la question de la convocation d\u2019une conf\u00e9rence diplomatique pour l\u2019adoption du trait\u00e9 sur le droit des dessins et mod\u00e8les (DLT), a plaid\u00e9 M. Boutadghart.<\/p>\n<p>Aussi, a-t-il ajout\u00e9, \u00absommes-nous convaincus de la possibilit\u00e9 de trouver des issues favorables \u00e0 ces questions \u00e0 caract\u00e8re normatif, ainsi qu\u2019\u00e0 d\u2019autres ayant un aspect institutionnel, si nous travaillons dans un esprit de bonne volont\u00e9, de compromis, de collaboration et de consensus\u00bb.<\/p>\n<p>Tout en souligant l\u2019attachement du Maroc au multilateralisme en tant qu\u2019\u00ab\u00e9l\u00e9ment incontournable dans le monde d\u2019aujourd\u2019hui, plus complexe et interd\u00e9pendant\u00bb, le diplomate marocain a relev\u00e9 qu\u00bbil est indispensable que chacun de nous fasse preuve de souplesse et mod\u00e8re ses pr\u00e9tentions dans l\u2019int\u00e9r\u00eat commun\u00bb.<\/p>\n<p>La 61\u00e8me s\u00e9rie de r\u00e9unions des Assembl\u00e9es des Etats membres de l\u2019Organisation mondiale de la propri\u00e9t\u00e9 intellectuelle s\u2019est ouverte lundi \u00e0 Gen\u00e8ve sous la pr\u00e9sidence du Maroc en sa qualit\u00e9 de Pr\u00e9sident de l\u2019Assembl\u00e9e G\u00e9n\u00e9rale de l\u2019Organisation pour l\u2019exercice biennal 2020\/2021. Outre les d\u00e9clarations des pays membres, la premi\u00e8re journ\u00e9e de cette rencontre, qui se poursuivra jusqu\u2019au 25 septembre, a \u00e9t\u00e9 marqu\u00e9e notamment par la pr\u00e9sentation du rapport du Directeur g\u00e9n\u00e9ral de l\u2019Organisation sur les activit\u00e9s de l\u2019OMPI depuis 2008.<\/p>\n<p>Auteur: M&rsquo;hammed rahal<br \/>\n<a href=\"http:\/\/albayane.press.ma\/%EF%BB%BFle-maroc-appelle-a-oeuvrer-pour-repondre-aux-besoins-des-pays-en-developpement.html\">Cliquez ici pour lire l&rsquo;article depuis sa source.<\/a><\/p>\n","protected":false},"excerpt":{"rendered":"<p>61\u00e8 Assembl\u00e9e de l\u2019OMPI La d\u00e9l\u00e9gation marocaine prenant part \u00e0 la 61\u00e8me r\u00e9union des Assembl\u00e9es des Etats membres de l\u2019Organisation mondiale de la propri\u00e9t\u00e9 intellectuelle (OMPI) a mis l\u2019accent lundi \u00e0 Gen\u00e8ve sur la n\u00e9cessit\u00e9 \u00abd\u2019\u0153uvrer davantage, pour r\u00e9pondre aux besoins des \u00c9tats membres, notamment les pays en d\u00e9veloppement\u00bb. \u00abLes avanc\u00e9es notables enregistr\u00e9es par l\u2019OMPI [&hellip;]<\/p>\n","protected":false},"author":1760,"featured_media":0,"comment_status":"closed","ping_status":"closed","sticky":false,"template":"","format":"standard","meta":{"fifu_image_url":"","fifu_image_alt":"","footnotes":""},"categories":[73,54],"tags":[],"class_list":["post-99614","post","type-post","status-publish","format-standard","hentry","category-actualite","category-maroc"],"_links":{"self":[{"href":"https:\/\/linitiative.ca\/International\/wp-json\/wp\/v2\/posts\/99614","targetHints":{"allow":["GET"]}}],"collection":[{"href":"https:\/\/linitiative.ca\/International\/wp-json\/wp\/v2\/posts"}],"about":[{"href":"https:\/\/linitiative.ca\/International\/wp-json\/wp\/v2\/types\/post"}],"author":[{"embeddable":true,"href":"https:\/\/linitiative.ca\/International\/wp-json\/wp\/v2\/users\/1760"}],"replies":[{"embeddable":true,"href":"https:\/\/linitiative.ca\/International\/wp-json\/wp\/v2\/comments?post=99614"}],"version-history":[{"count":0,"href":"https:\/\/linitiative.ca\/International\/wp-json\/wp\/v2\/posts\/99614\/revisions"}],"wp:attachment":[{"href":"https:\/\/linitiative.ca\/International\/wp-json\/wp\/v2\/media?parent=99614"}],"wp:term":[{"taxonomy":"category","embeddable":true,"href":"https:\/\/linitiative.ca\/International\/wp-json\/wp\/v2\/categories?post=99614"},{"taxonomy":"post_tag","embeddable":true,"href":"https:\/\/linitiative.ca\/International\/wp-json\/wp\/v2\/tags?post=99614"}],"curies":[{"name":"wp","href":"https:\/\/api.w.org\/{rel}","templated":true}]}}