{"id":99616,"date":"2020-09-22T09:54:02","date_gmt":"2020-09-22T13:54:02","guid":{"rendered":"https:\/\/linitiative.ca\/International\/%ef%bb%bfhausse-de-14-de-lindice-des-prix-a-la-consommation-en-aout\/"},"modified":"2020-09-22T09:54:02","modified_gmt":"2020-09-22T13:54:02","slug":"%ef%bb%bfhausse-de-14-de-lindice-des-prix-a-la-consommation-en-aout","status":"publish","type":"post","link":"https:\/\/linitiative.ca\/International\/%ef%bb%bfhausse-de-14-de-lindice-des-prix-a-la-consommation-en-aout\/","title":{"rendered":"\ufeffHausse de 1,4% de l\u2019indice des prix \u00e0 la consommation en ao\u00fbt"},"content":{"rendered":"<p class=\"has-text-color has-vivid-red-color c2\"><strong>Haut-commissariat au plan<\/strong><\/p>\n<p class=\"has-text-color c3\"><strong>L\u2019indice des prix \u00e0 la consommation a connu, au cours du mois d\u2019ao\u00fbt 2020, une hausse de 1,4% par rapport au mois pr\u00e9c\u00e9dent, selon le Haut-commissariat au plan (HCP).<\/strong><\/p>\n<p>Cette variation est le r\u00e9sultat de la hausse de 3,4% de l\u2019indice des produits alimentaires et de 0,1% de l\u2019indice des produits non alimentaires, explique le HCP dans sa note d\u2019information relative \u00e0 l\u2019IPC du mois d\u2019ao\u00fbt 2020.<\/p>\n<p>Les hausses des produits alimentaires observ\u00e9es entre juillet et ao\u00fbt 2020 concernent principalement les \u00abfruits\u00bb avec 14,6%, les \u00abl\u00e9gumes\u00bb avec 10,9%, les \u00abpoissons et fruits de mer\u00bb avec 6,1%, les \u00abviandes\u00bb avec 1,6% et le \u00abcaf\u00e9, th\u00e9 et cacao\u00bb avec 0,4%.<\/p>\n<p>En revanche, les prix ont diminu\u00e9 de 0,6% pour les \u00abEaux min\u00e9rales, boissons rafraichissantes, jus de fruits et de l\u00e9gumes\u00bb et de 0,2% pour le \u00ablait, fromage et \u0153ufs\u00bb. Pour les produits non alimentaires, la hausse a concern\u00e9 principalement les prix des \u00abcarburants\u00bb avec 0,4%.<\/p>\n<p>Les hausses les plus importantes de l\u2019IPC ont \u00e9t\u00e9 enregistr\u00e9es \u00e0 Beni-Mellal avec 2,8%, \u00e0 T\u00e9touan et La\u00e2youne avec 2,2%, \u00e0 Errachidia avec 2,0%, \u00e0 K\u00e9nitra et Al-Hoceima avec 1,7%, \u00e0 Agadir, Marrakech, Oujda et Settat avec 1,5%, \u00e0 Mekn\u00e8s avec 1,4% et \u00e0 F\u00e8s, Tanger et Safi avec 1,3%.<\/p>\n<p>Compar\u00e9 au m\u00eame mois de l\u2019ann\u00e9e pr\u00e9c\u00e9dente, l\u2019indice des prix \u00e0 la consommation a enregistr\u00e9 une hausse de 0,9% au cours du mois d\u2019ao\u00fbt 2020 cons\u00e9quence de la hausse de l\u2019indice des produits alimentaires de 1,4% et de celui des produits non alimentaires de 0,4%. Pour les produits non alimentaires, les variations vont d\u2019une baisse de 1,3% dans le \u00abTransport\u00bb \u00e0 une hausse de 3,1% dans l\u2019\u00abEnseignement\u00bb.<\/p>\n<p>Concernant l\u2019indicateur d\u2019inflation sous-jacente, qui exclut les produits \u00e0 prix volatiles et les produits \u00e0 tarifs publics, il aurait connu au cours du mois d\u2019ao\u00fbt 2020 une augmentation de 0,2% par rapport au mois de juillet 2020 et de 0,6% par rapport au mois d\u2019ao\u00fbt 2019.<\/p>\n<p>Auteur: M&rsquo;hammed rahal<br \/>\n<a href=\"http:\/\/albayane.press.ma\/%EF%BB%BFhausse-de-14-de-lindice-des-prix-a-la-consommation-en-aout.html\">Cliquez ici pour lire l&rsquo;article depuis sa source.<\/a><\/p>\n","protected":false},"excerpt":{"rendered":"<p>Haut-commissariat au plan L\u2019indice des prix \u00e0 la consommation a connu, au cours du mois d\u2019ao\u00fbt 2020, une hausse de 1,4% par rapport au mois pr\u00e9c\u00e9dent, selon le Haut-commissariat au plan (HCP). Cette variation est le r\u00e9sultat de la hausse de 3,4% de l\u2019indice des produits alimentaires et de 0,1% de l\u2019indice des produits non [&hellip;]<\/p>\n","protected":false},"author":1760,"featured_media":0,"comment_status":"closed","ping_status":"closed","sticky":false,"template":"","format":"standard","meta":{"fifu_image_url":"","fifu_image_alt":"","footnotes":""},"categories":[73,54],"tags":[],"class_list":["post-99616","post","type-post","status-publish","format-standard","hentry","category-actualite","category-maroc"],"_links":{"self":[{"href":"https:\/\/linitiative.ca\/International\/wp-json\/wp\/v2\/posts\/99616","targetHints":{"allow":["GET"]}}],"collection":[{"href":"https:\/\/linitiative.ca\/International\/wp-json\/wp\/v2\/posts"}],"about":[{"href":"https:\/\/linitiative.ca\/International\/wp-json\/wp\/v2\/types\/post"}],"author":[{"embeddable":true,"href":"https:\/\/linitiative.ca\/International\/wp-json\/wp\/v2\/users\/1760"}],"replies":[{"embeddable":true,"href":"https:\/\/linitiative.ca\/International\/wp-json\/wp\/v2\/comments?post=99616"}],"version-history":[{"count":0,"href":"https:\/\/linitiative.ca\/International\/wp-json\/wp\/v2\/posts\/99616\/revisions"}],"wp:attachment":[{"href":"https:\/\/linitiative.ca\/International\/wp-json\/wp\/v2\/media?parent=99616"}],"wp:term":[{"taxonomy":"category","embeddable":true,"href":"https:\/\/linitiative.ca\/International\/wp-json\/wp\/v2\/categories?post=99616"},{"taxonomy":"post_tag","embeddable":true,"href":"https:\/\/linitiative.ca\/International\/wp-json\/wp\/v2\/tags?post=99616"}],"curies":[{"name":"wp","href":"https:\/\/api.w.org\/{rel}","templated":true}]}}