{"id":99618,"date":"2020-09-22T04:14:14","date_gmt":"2020-09-22T08:14:14","guid":{"rendered":"https:\/\/linitiative.ca\/International\/fao-lance-linitiative-villes-vertes\/"},"modified":"2020-09-22T04:14:14","modified_gmt":"2020-09-22T08:14:14","slug":"fao-lance-linitiative-villes-vertes","status":"publish","type":"post","link":"https:\/\/linitiative.ca\/International\/fao-lance-linitiative-villes-vertes\/","title":{"rendered":"FAO lance l\u2019initiative Villes vertes"},"content":{"rendered":"<h2>La FAO a d\u00e9voil\u00e9 vendredi sa\u00a0<a href=\"https:\/\/reliefweb.int\/report\/world\/la-fao-lance-l-initiative-villes-vertes-en-vue-de-contribuer-transformer-les-syst-mes#:~:text=L'Initiative%20Villes%20vertes%20vise,initiative%20d'ici%20%C3%A0%202030.\" target=\"_blank\" rel=\"noopener noreferrer\">nouvelle initiative<\/a>\u00a0Villes vertes et son plan d\u2019action. Ils visent \u00e0 contribuer \u00e0 la<\/h2>\n<h2>transformation des syst\u00e8mes agroalimentaires, \u00e0 l\u2019\u00e9limination de la faim et \u00e0 l\u2019am\u00e9lioration de la nutrition au sein des<\/h2>\n<h2>villes et autour de celles\u2010ci. Et ce, lors de la p\u00e9riode suivant la pand\u00e9mie de COVID\u201019. C\u2019est ce qu\u2019annonce<\/h2>\n<h2>l\u2019organisation, dans un communiqu\u00e9 rendu public, aujourd\u2019hui 21 septembre.<\/h2>\n<p>Ainsi, le lancement a eu lieu \u00e0 l\u2019occasion de la manifestation de haut-niveau tenue \u00e0 distance sur le th\u00e8me \u00ab Des villes vertes pour reconstruire en mieux et atteindre les ODD. Il s\u2019agit d\u2019une initiative\u00a0 nouvelle et efficace \u00bb. La FAO a pris soin de l\u2019organiser. Et ce, lors de la 75\u00e8me session de l\u2019Assembl\u00e9e g\u00e9n\u00e9rale des Nations Unies.<\/p>\n<p>En effet, la m\u00eame source affirme que l\u2019Initiative Villes vertes vise \u00e0 am\u00e9liorer les moyens d\u2019existence et le bien\u2010\u00eatre des populations urbaines et p\u00e9riurbaines d\u2019une centaine de villes. Et ce, \u00e0 travers le monde et au cours des trois prochaines ann\u00e9es (15 m\u00e9tropoles, 40 villes moyennes et 45 petites villes). Mille autres villes se joindront \u00e0 l\u2019initiative d\u2019ici \u00e0 2030.<\/p>\n<p>A cet \u00e9gard, l\u2019initiative est particuli\u00e8rement ax\u00e9e sur: l\u2019am\u00e9lioration de l\u2019environnement urbain; le renforcement des liens entre zones urbaines et zones rurales. Mais aussi la r\u00e9silience des syst\u00e8mes, des services et des populations urbaines face aux chocs externes. Elle permettra de garantir l\u2019acc\u00e8s \u00e0 un environnement sain et \u00e0 une alimentation saine \u00e0 partir de syst\u00e8mes alimentaires durables. Et contribuera \u00e0 l\u2019adaptation au changement climatique et \u00e0 l\u2019att\u00e9nuation de ses effets; ainsi qu\u2019\u00e0 la gestion durable des ressources.<\/p>\n<p>La nouvelle initiative comprend \u00e9galement la cr\u00e9ation d\u2019un \u00ab R\u00e9seau de villes vertes \u00bb. Au sein duquel des villes de toutes tailles (des m\u00e9gapoles aux villes de taille moyenne et petite) \u00e9changeront leurs exp\u00e9riences sur les meilleures pratiques, les r\u00e9ussites et les enseignements. Et cr\u00e9eront des opportunit\u00e9s de coop\u00e9ration.<\/p>\n<p>Alors, le FAO affirme son intention de \u00ab renforcer l\u2019action men\u00e9e aupr\u00e8s des autorit\u00e9s locales et nationales, des conseils municipaux, des maires, du secteur priv\u00e9, des institutions universitaires et des organisations internationales, et s\u2019engagera aupr\u00e8s des habitants des zones urbaines, en particulier les femmes et les jeunes \u00bb.<\/p>\n<h2>Pourquoi les initiatives de verdissement urbain sont\u2010elles importantes?<\/h2>\n<p>Par ailleurs, \u00ab le monde est de plus en plus urbanis\u00e9. D\u2019ici \u00e0 2050, pr\u00e8s de 70% de la population mondiale vivra en ville. L\u2019Afrique et l\u2019Asie conna\u00eetront 90% de cet accroissement. Environ 70% des disponibilit\u00e9s alimentaires sont consomm\u00e9es par des citadins. Et ce nombre augmente r\u00e9guli\u00e8rement \u00bb. C\u2019est ce qui ressort encore du m\u00eame communiqu\u00e9.<\/p>\n<p>En outre, l\u2019accroissement de la population et l\u2019urbanisation rapide occasionnent des modifications de l\u2019alimentation. Ils causent \u00e9galement une demande accrue en produits et services de base. Ainsi qu\u2019une comp\u00e9tition croissante pour les ressources naturelles. Afin d\u2019assurer \u00e0 chacun l\u2019acc\u00e8s \u00e0 une alimentation saine. Les administrations locales \u00e9prouvent de plus en plus de difficult\u00e9s \u00e0 r\u00e9pondre aux besoins des populations urbaines et p\u00e9riurbaines. De nouveaux d\u00e9fis li\u00e9s \u00e0 la pand\u00e9mie de COVID\u201019 sont venus s\u2019ajouter aux difficult\u00e9s existantes. Notamment les perturbations des syst\u00e8mes alimentaires, la perte d\u2019emploi et l\u2019ins\u00e9curit\u00e9 alimentaire. Ainsi que l\u2019aggravation des conditions de vie pour les plus vuln\u00e9rables.<\/p>\n<p>De nombreux habitants des zones urbaines et p\u00e9riurbaines sont plus que jamais expos\u00e9s \u00e0 l\u2019ins\u00e9curit\u00e9 alimentaire et nutritionnelle. Ainsi qu\u2019aux maladies non transmissibles li\u00e9es \u00e0 l\u2019alimentation et \u00e0 une augmentation des taux d\u2019ob\u00e9sit\u00e9 et de surcharge pond\u00e9rale.<\/p>\n<p>D\u2019apr\u00e8s les estimation de l\u2019organisation, \u00ab les villes utilisent pr\u00e8s de 80% de toute l\u2019\u00e9nergie produite dans le monde. Elles sont responsables de 70% des d\u00e9chets produits. Et ce, \u00e0 l\u2019\u00e9chelle mondiale. Et de 70% environ des \u00e9missions mondiales de gaz \u00e0 effet de serre li\u00e9es \u00e0 l\u2019\u00e9nergie \u00bb.<\/p>\n<p>Enfin, les villes doivent imp\u00e9rativement maintenir des syst\u00e8mes alimentaires durables et davantage d\u2019espaces verts. Y compris consacr\u00e9s \u00e0 l\u2019agriculture urbaine, p\u00e9riurbaine et aux for\u00eats. Et ce, afin d\u2019accro\u00eetre la r\u00e9silience face aux effets du changement climatique et de la COVID\u201019. Mais aussi de faire en sorte que les probl\u00e8mes sanitaires ne perturbent pas les r\u00e9seaux d\u2019approvisionnement et de distribution alimentaires.<\/p>\n<div class=\"wp-post-author-wrap wp-post-author-shortcode left\">\n<h3 class=\"awpa-title\"\/>\n<div class=\"wp-post-author\">\n<div class=\"awpa-img awpa-author-block square\"><a href=\"http:\/\/lexpertjournal.net\/fr\/?author=5\"><img loading=\"lazy\" decoding=\"async\" alt=\"\" src=\"http:\/\/0.gravatar.com\/avatar\/97f8e10a1c1125ba104a76514ee07b16?s=150&amp;d=mm&amp;r=g\" srcset=\"http:\/\/0.gravatar.com\/avatar\/97f8e10a1c1125ba104a76514ee07b16?s=300&amp;d=mm&amp;r=g 2x\" class=\"avatar avatar-150 photo\" height=\"150\" width=\"150\"\/><\/a><\/div>\n<\/div>\n<\/div>\n<aside class=\"mashsb-container mashsb-main mashsb-stretched\">\n<\/aside>\n<p>Auteur: L&rsquo;expert<br \/>\n<a href=\"http:\/\/lexpertjournal.net\/fr\/?p=16663\">Cliquez ici pour lire l&rsquo;article depuis sa source.<\/a><\/p>\n","protected":false},"excerpt":{"rendered":"<p>La FAO a d\u00e9voil\u00e9 vendredi sa\u00a0nouvelle initiative\u00a0Villes vertes et son plan d\u2019action. Ils visent \u00e0 contribuer \u00e0 la transformation des syst\u00e8mes agroalimentaires, \u00e0 l\u2019\u00e9limination de la faim et \u00e0 l\u2019am\u00e9lioration de la nutrition au sein des villes et autour de celles\u2010ci. Et ce, lors de la p\u00e9riode suivant la pand\u00e9mie de COVID\u201019. C\u2019est ce qu\u2019annonce [&hellip;]<\/p>\n","protected":false},"author":1775,"featured_media":0,"comment_status":"closed","ping_status":"closed","sticky":false,"template":"","format":"standard","meta":{"fifu_image_url":"","fifu_image_alt":"","footnotes":""},"categories":[78,55],"tags":[],"class_list":["post-99618","post","type-post","status-publish","format-standard","hentry","category-economie","category-tunisie"],"_links":{"self":[{"href":"https:\/\/linitiative.ca\/International\/wp-json\/wp\/v2\/posts\/99618","targetHints":{"allow":["GET"]}}],"collection":[{"href":"https:\/\/linitiative.ca\/International\/wp-json\/wp\/v2\/posts"}],"about":[{"href":"https:\/\/linitiative.ca\/International\/wp-json\/wp\/v2\/types\/post"}],"author":[{"embeddable":true,"href":"https:\/\/linitiative.ca\/International\/wp-json\/wp\/v2\/users\/1775"}],"replies":[{"embeddable":true,"href":"https:\/\/linitiative.ca\/International\/wp-json\/wp\/v2\/comments?post=99618"}],"version-history":[{"count":0,"href":"https:\/\/linitiative.ca\/International\/wp-json\/wp\/v2\/posts\/99618\/revisions"}],"wp:attachment":[{"href":"https:\/\/linitiative.ca\/International\/wp-json\/wp\/v2\/media?parent=99618"}],"wp:term":[{"taxonomy":"category","embeddable":true,"href":"https:\/\/linitiative.ca\/International\/wp-json\/wp\/v2\/categories?post=99618"},{"taxonomy":"post_tag","embeddable":true,"href":"https:\/\/linitiative.ca\/International\/wp-json\/wp\/v2\/tags?post=99618"}],"curies":[{"name":"wp","href":"https:\/\/api.w.org\/{rel}","templated":true}]}}