{"id":99619,"date":"2020-09-22T06:52:59","date_gmt":"2020-09-22T10:52:59","guid":{"rendered":"https:\/\/linitiative.ca\/International\/economic-policy-dialogue-deficit-energetique-et-energies-renouvelables\/"},"modified":"2020-09-22T06:52:59","modified_gmt":"2020-09-22T10:52:59","slug":"economic-policy-dialogue-deficit-energetique-et-energies-renouvelables","status":"publish","type":"post","link":"https:\/\/linitiative.ca\/International\/economic-policy-dialogue-deficit-energetique-et-energies-renouvelables\/","title":{"rendered":"Economic Policy Dialogue : \u00ab D\u00e9ficit \u00e9nerg\u00e9tique et \u00e9nergies renouvelables \u00bb"},"content":{"rendered":"<div class=\"td-post-content\">\n<h2>cinqui\u00e8me rencontre de L\u2019Economic Policy Dialogue (EPD) se tiendra \u00e0 Tozeur. Et ce,\u00a0 le 24 septembre 2020 sur le<\/h2>\n<h2>th\u00e8me: \u00ab\u00a0D\u00e9ficit \u00e9nerg\u00e9tique et Energies renouvelables\u00a0\u00bb.<\/h2>\n<p>En Tunisie, le d\u00e9ficit \u00e9nerg\u00e9tique structurel et croissant ne fait que s\u2019accentuer depuis 2011. En raison de la croissance continue de la demande \u00e9nerg\u00e9tique et de la diminution soutenue de la production nationale en hydrocarbures. D\u2019un autre c\u00f4t\u00e9 le d\u00e9veloppement des \u00e9nergies renouvelables reste tr\u00e8s limit\u00e9. En effet, la part des \u00e9nergies renouvelables dans la production de l\u2019\u00e9lectricit\u00e9 est seulement de l\u2019ordre de 3%.<\/p>\n<h2>Sc\u00e9nario alarmant<\/h2>\n<p>Des travaux r\u00e9cents de prospective \u00e9nerg\u00e9tique ont montr\u00e9 que le d\u00e9ficit \u00e9nerg\u00e9tique de la Tunisie devrait augmenter de mani\u00e8re drastique durant les prochaines d\u00e9cennies. Ce sc\u00e9nario alarmant est \u00e0 l\u2019origine de r\u00e9flexions avanc\u00e9es par les pouvoirs publics. Et ce, sur la n\u00e9cessit\u00e9 d\u2019adopter et de mettre en \u0153uvre une politique de transition \u00e9nerg\u00e9tique. Laquelle permettra, \u00e0 la fois, de r\u00e9duire la d\u00e9pendance \u00e9nerg\u00e9tique et de jouer un r\u00f4le cl\u00e9 dans la cr\u00e9ation de richesse et d\u2019emplois. Et par cons\u00e9quent avoir un apport consid\u00e9rable en mati\u00e8re de croissance \u00e9conomique inclusive.<\/p>\n<p>Cette situation a conduit les pouvoirs publics \u00e0 adopter en 2016 une strat\u00e9gie \u00e9nerg\u00e9tique \u00e0 l\u2019horizon 2030. La mise en \u0153uvre de cette strat\u00e9gie devait permettre \u00e0 la Tunisie d\u2019engager une nouvelle politique de transition \u00e9nerg\u00e9tique. Celle-ci aura certes des retomb\u00e9es positives sur la croissance \u00e9conomique et l\u2019\u00e9quit\u00e9 sociale.<\/p>\n<p>Par ailleurs, la Tunisie a soumis sa contribution nationale d\u00e9termin\u00e9e (CDN) dans le cadre de ses engagements envers l\u2019Accord de Paris. Avec un objectif climat de baisser l\u2019intensit\u00e9 carbone de 41% \u00e0 l\u2019horizon 2030, par rapport \u00e0 2010.<\/p>\n<p>Atteindre cet objectif climat est conditionn\u00e9 par la mise en \u0153uvre de la strat\u00e9gie \u00e9nerg\u00e9tique. Vu que le secteur de l\u2019\u00e9nergie repr\u00e9sente 75% du potentiel d\u2019att\u00e9nuation de la CDN.<\/p>\n<p>Actuellement, la Tunisie a lanc\u00e9 les travaux de mise \u00e0 jour de la CDN. Ainsi que l\u2019\u00e9laboration d\u2019une strat\u00e9gie bas carbone \u00e0 l\u2019horizon 2050 dans le secteur de l\u2019\u00e9nergie.<\/p>\n<h2>N\u00e9cessit\u00e9 d\u2019une r\u00e9forme int\u00e9grale et progressive<\/h2>\n<p>De plus, dans le domaine des \u00e9nergies renouvelables plusieurs initiatives ont \u00e9t\u00e9 entreprises. En d\u00e9pit de ces initiatives, plusieurs barri\u00e8res entravent encore l\u2019atteinte des objectifs pr\u00e9conis\u00e9s. Elles sont de diff\u00e9rents ordres: technique (r\u00e9seau de transport, interconnexion, etc.); financier (bancabilit\u00e9 du PPA, op\u00e9rationnalisation du Fonds de Transition Energ\u00e9tique); foncier, gouvernance (r\u00f4les du minist\u00e8re de l\u2019\u00e9nergie, de l\u2019ANME, de la STEG, du secteur priv\u00e9\u2026); et r\u00e9glementaire (r\u00e9gulateur ind\u00e9pendant).<\/p>\n<p>Il y va sans dire que le syst\u00e8me \u00e9nerg\u00e9tique n\u00e9cessite une r\u00e9forme int\u00e9grale et progressive. Le Gouvernement l\u2019a d\u00e9j\u00e0 initi\u00e9e. Via plusieurs initiatives et la mise en place de politiques \u00e9nerg\u00e9tiques et de plans d\u2019action d\u00e9di\u00e9s. Fixant des objectifs en mati\u00e8re de p\u00e9n\u00e9tration des \u00e9nergies renouvelables dans le mix \u00e9lectrique.<\/p>\n<p>Toutefois, l\u2019atteinte de ces objectifs exige aussi une vision globale de long terme, coh\u00e9rente et int\u00e9gr\u00e9e. Et ce, pour transformer progressivement le syst\u00e8me \u00e9nerg\u00e9tique en un syst\u00e8me qui r\u00e9pond: aux exigences de la s\u00e9curit\u00e9 \u00e9nerg\u00e9tique; la comp\u00e9titivit\u00e9 \u00e9conomique; l\u2019\u00e9quit\u00e9 sociale; et la protection de l\u2019environnement.<\/p>\n<h2>Favoriser la r\u00e9silience des syst\u00e8mes et des populations<\/h2>\n<p>\u00c9tant donn\u00e9 le contexte de la Covid-19 et la grande fragilit\u00e9 introduite par la pand\u00e9mie dans nos syst\u00e8mes \u00e9conomiques, il est primordial que cette vision favorise la r\u00e9silience des syst\u00e8mes et des populations, post-Covid. Dans une optique de croissance durable privil\u00e9giant les PPP durables (\u00e9co-tourisme, transports verts, agriculture verte, etc.). Et le d\u00e9veloppement d\u2019activit\u00e9s vertes et inclusives.<\/p>\n<p>En effet, cette cinqui\u00e8me rencontre de\u00a0<a href=\"http:\/\/www.leconomistemaghrebin.com\/2020\/02\/24\/l-economic-policy-dialogue-disseque-probleme-transport-portuaire\/\" target=\"_blank\" rel=\"noopener noreferrer\">l\u2019Economic Policy Dialogue<\/a>\u00a0a pour objectif de proposer des recommandations. Elles permettent de d\u00e9passer les obstacles, afin d\u2019acc\u00e9l\u00e9rer le d\u00e9veloppement des \u00e9nergies renouvelables.<\/p>\n<p>Car, le but ultime est de r\u00e9duire le d\u00e9ficit \u00e9nerg\u00e9tique. Mais aussi contribuer \u00e0 l\u2019atteinte des objectifs de la transition \u00e9nerg\u00e9tique: la s\u00e9curit\u00e9 \u00e9nerg\u00e9tique; la comp\u00e9titivit\u00e9 \u00e9conomique; l\u2019\u00e9quit\u00e9 sociale; et l\u2019action climat.<\/p>\n<p>La rencontre prendra la forme d\u2019un dialogue libre, franc et dynamique. Le d\u00e9bat sera men\u00e9, durant deux heures, en donnant la parole \u00e0 tous les participants. Les interventions seront orient\u00e9es vers des recommandations tr\u00e8s pr\u00e9cises sur les probl\u00e9matiques soulev\u00e9es lors du d\u00e9bat.<\/p>\n<p>Les intervenants d\u00e9battront, dans un premier temps, de la s\u00e9curit\u00e9 \u00e9nerg\u00e9tique et les moyens du d\u00e9veloppement des \u00e9nergies renouvelables (ER) et la mise en \u0153uvre du plan d\u2019acc\u00e9l\u00e9ration des projets ER y compris la gouvernance du secteur de l\u2019\u00e9nergie, le dispositif r\u00e9glementaire au profit du d\u00e9veloppement des ER et le financement des \u00e9nergies renouvelables: r\u00f4le du secteur priv\u00e9 et des acteurs financiers ; op\u00e9rationnalisation du Fonds de transition \u00e9nerg\u00e9tique (FTE).<\/p>\n<p>Dans un deuxi\u00e8me temps, les intervenants d\u00e9battront de la question du d\u00e9veloppement des \u00e9nergies renouvelables dans un contexte de rel\u00e8vement post-pand\u00e9mie et de renforcement de la r\u00e9silience; ainsi que la promotion d\u2019une croissance durable, verte et bas carbone.<\/p>\n<\/div>\n<footer>\n<div class=\"td-post-source-tags\">\n<ul class=\"td-tags td-post-small-box clearfix\">\n<li>source:leconomistemaghrebin<\/li>\n<\/ul>\n<\/div>\n<\/footer>\n<div class=\"wp-post-author-wrap wp-post-author-shortcode left\">\n<h3 class=\"awpa-title\"\/>\n<div class=\"wp-post-author\">\n<div class=\"awpa-img awpa-author-block square\"><a href=\"http:\/\/lexpertjournal.net\/fr\/?author=5\"><img loading=\"lazy\" decoding=\"async\" alt=\"\" src=\"http:\/\/0.gravatar.com\/avatar\/97f8e10a1c1125ba104a76514ee07b16?s=150&amp;d=mm&amp;r=g\" srcset=\"http:\/\/0.gravatar.com\/avatar\/97f8e10a1c1125ba104a76514ee07b16?s=300&amp;d=mm&amp;r=g 2x\" class=\"avatar avatar-150 photo\" height=\"150\" width=\"150\"\/><\/a><\/div>\n<\/div>\n<\/div>\n<aside class=\"mashsb-container mashsb-main mashsb-stretched\">\n<\/aside>\n<p>Auteur: L&rsquo;expert<br \/>\n<a href=\"http:\/\/lexpertjournal.net\/fr\/?p=16667\">Cliquez ici pour lire l&rsquo;article depuis sa source.<\/a><\/p>\n","protected":false},"excerpt":{"rendered":"<p>cinqui\u00e8me rencontre de L\u2019Economic Policy Dialogue (EPD) se tiendra \u00e0 Tozeur. Et ce,\u00a0 le 24 septembre 2020 sur le th\u00e8me: \u00ab\u00a0D\u00e9ficit \u00e9nerg\u00e9tique et Energies renouvelables\u00a0\u00bb. En Tunisie, le d\u00e9ficit \u00e9nerg\u00e9tique structurel et croissant ne fait que s\u2019accentuer depuis 2011. En raison de la croissance continue de la demande \u00e9nerg\u00e9tique et de la diminution soutenue de [&hellip;]<\/p>\n","protected":false},"author":1775,"featured_media":0,"comment_status":"closed","ping_status":"closed","sticky":false,"template":"","format":"standard","meta":{"fifu_image_url":"","fifu_image_alt":"","footnotes":""},"categories":[78,55],"tags":[],"class_list":["post-99619","post","type-post","status-publish","format-standard","hentry","category-economie","category-tunisie"],"_links":{"self":[{"href":"https:\/\/linitiative.ca\/International\/wp-json\/wp\/v2\/posts\/99619","targetHints":{"allow":["GET"]}}],"collection":[{"href":"https:\/\/linitiative.ca\/International\/wp-json\/wp\/v2\/posts"}],"about":[{"href":"https:\/\/linitiative.ca\/International\/wp-json\/wp\/v2\/types\/post"}],"author":[{"embeddable":true,"href":"https:\/\/linitiative.ca\/International\/wp-json\/wp\/v2\/users\/1775"}],"replies":[{"embeddable":true,"href":"https:\/\/linitiative.ca\/International\/wp-json\/wp\/v2\/comments?post=99619"}],"version-history":[{"count":0,"href":"https:\/\/linitiative.ca\/International\/wp-json\/wp\/v2\/posts\/99619\/revisions"}],"wp:attachment":[{"href":"https:\/\/linitiative.ca\/International\/wp-json\/wp\/v2\/media?parent=99619"}],"wp:term":[{"taxonomy":"category","embeddable":true,"href":"https:\/\/linitiative.ca\/International\/wp-json\/wp\/v2\/categories?post=99619"},{"taxonomy":"post_tag","embeddable":true,"href":"https:\/\/linitiative.ca\/International\/wp-json\/wp\/v2\/tags?post=99619"}],"curies":[{"name":"wp","href":"https:\/\/api.w.org\/{rel}","templated":true}]}}