{"id":99623,"date":"2020-09-21T19:37:37","date_gmt":"2020-09-21T23:37:37","guid":{"rendered":"https:\/\/linitiative.ca\/International\/vibrant-hommage-a-danciens-footballeurs-de-la-ville\/"},"modified":"2020-09-21T19:37:37","modified_gmt":"2020-09-21T23:37:37","slug":"vibrant-hommage-a-danciens-footballeurs-de-la-ville","status":"publish","type":"post","link":"https:\/\/linitiative.ca\/International\/vibrant-hommage-a-danciens-footballeurs-de-la-ville\/","title":{"rendered":"Vibrant hommage \u00e0 d\u2019anciens footballeurs de la ville"},"content":{"rendered":"<div readability=\"37\">\n<p>Essaouira \u2013 Un vibrant hommage a \u00e9t\u00e9 rendu \u00e0 d\u2019anciens footballeurs d\u2019Essaouira, \u00e0 l\u2019occasion d\u2019une c\u00e9r\u00e9monie tenue, r\u00e9cemment dans la cit\u00e9 des Aliz\u00e9s, \u00e0 l\u2019occasion de la 3\u00e8me \u00e9dition de la Coupe d\u2019Essaouira de Beach Soccer.<\/p>\n<\/div>\n<div readability=\"95\">\n<p>Cette 3\u00e8me \u00e9dition s\u2019est d\u00e9roul\u00e9e exceptionnellement, cette ann\u00e9e, sous forme de c\u00e9r\u00e9monie d\u2019hommage en raison de la crise sanitaire que traverse le Royaume, induite par la propagation de la pand\u00e9mie de la Covid-19.<\/p>\n<p>Cet \u00e9v\u00e9nement, organis\u00e9 dans le cadre des festivit\u00e9s marquant la c\u00e9l\u00e9bration de la glorieuse f\u00eate du Tr\u00f4ne, s\u2019est d\u00e9roul\u00e9 dans le strict respect des mesures pr\u00e9ventives et de pr\u00e9caution pour endiguer la propagation du nouveau coronavirus.<\/p>\n<p>Initi\u00e9e par une soci\u00e9t\u00e9 locale sp\u00e9cialis\u00e9e en communication, m\u00e9dias et services publicitaires, en coordination avec la ligue sud de football (section-Essaouira) et l\u2019association \u00ab\u00a0Rmila\u00a0\u00bb pour le sport et en partenariat avec les conseils provincial et communal ainsi que les d\u00e9l\u00e9gations provinciales de la sant\u00e9 et de la jeunesse et des sports, cette c\u00e9r\u00e9monie visait \u00e0 rendre un hommage appuy\u00e9 \u00e0 16 anciens footballeurs, dont une femme, qui ont marqu\u00e9 de leurs empreintes la sc\u00e8ne sportive locale gr\u00e2ce \u00e0 leurs performances dans ce domaine.<\/p>\n<p>Elle ambitionnait notamment de contribuer \u00e0 l\u2019\u00e9mergence d\u2019une nouvelle g\u00e9n\u00e9ration de sportifs capables de r\u00e9aliser, comme leurs pr\u00e9d\u00e9cesseurs, des performances lors des diverses manifestations sportives.<\/p>\n<p>Dans une allocution de circonstance, M. Youssef Mourih, du comit\u00e9 d\u2019organisation, a dit toute sa joie de la tenue, en cette conjoncture si exceptionnelle induite par la propagation de la Covid-19, de cette c\u00e9r\u00e9monie d\u2019hommage \u00e0 une pl\u00e9iade d\u2019anciens joueurs, ajoutant qu\u2019elle se veut une v\u00e9ritable reconnaissance de leurs performances et contributions pour faire rayonner le nom de la ville sur la sc\u00e8ne sportive, aussi bien \u00e0 l\u2019\u00e9chelle locale, nationale, r\u00e9gionale qu\u2019internationale.<\/p>\n<p>Il a pr\u00e9cis\u00e9 que ces sportifs, \u00e0 la riche carri\u00e8re footballistique, n\u2019ont m\u00e9nag\u00e9 aucun effort pour repr\u00e9senter dignement leur ville, ce qui t\u00e9moigne de leur amour inconditionnel et de leur fiert\u00e9 d\u2019appartenance \u00e0 cette partie du territoire national.<\/p>\n<p>M. Mourih a, en outre, tenu \u00e0 saluer la grande contribution des femmes souiries qui ont tant donn\u00e9 \u00e0 la cit\u00e9 des Aliz\u00e9s dans le domaine sportif et footballistique et ne cessent d\u2019encourager leurs prog\u00e9nitures, notamment les jeunes, \u00e0 redoubler toujours d\u2019efforts pour que le nom d\u2019Essaouira continue de r\u00e9sonner dans les diff\u00e9rentes manifestations sportives nationales et internationales.<\/p>\n<p>Au cours de cette c\u00e9r\u00e9monie, ponctu\u00e9e d\u2019un match ayant oppos\u00e9 de jeunes footballeurs d\u2019Essaouira, il a \u00e9t\u00e9 proc\u00e9d\u00e9 \u00e0 la remise de certificats de m\u00e9rite et de cadeaux symboliques \u00e0 ces anciens sportifs.<\/p>\n<\/div>\n<p>Auteur: Meriem IGASS<br \/>\n<a href=\"http:\/\/www.mapmarrakech.ma\/fr\/vibrant-hommage-a-danciens-footballeurs-de-la-ville\/\">Cliquez ici pour lire l&rsquo;article depuis sa source.<\/a><\/p>\n","protected":false},"excerpt":{"rendered":"<p>Essaouira \u2013 Un vibrant hommage a \u00e9t\u00e9 rendu \u00e0 d\u2019anciens footballeurs d\u2019Essaouira, \u00e0 l\u2019occasion d\u2019une c\u00e9r\u00e9monie tenue, r\u00e9cemment dans la cit\u00e9 des Aliz\u00e9s, \u00e0 l\u2019occasion de la 3\u00e8me \u00e9dition de la Coupe d\u2019Essaouira de Beach Soccer. Cette 3\u00e8me \u00e9dition s\u2019est d\u00e9roul\u00e9e exceptionnellement, cette ann\u00e9e, sous forme de c\u00e9r\u00e9monie d\u2019hommage en raison de la crise sanitaire [&hellip;]<\/p>\n","protected":false},"author":1788,"featured_media":0,"comment_status":"closed","ping_status":"closed","sticky":false,"template":"","format":"standard","meta":{"fifu_image_url":"","fifu_image_alt":"","footnotes":""},"categories":[54,76],"tags":[],"class_list":["post-99623","post","type-post","status-publish","format-standard","hentry","category-maroc","category-regions"],"_links":{"self":[{"href":"https:\/\/linitiative.ca\/International\/wp-json\/wp\/v2\/posts\/99623","targetHints":{"allow":["GET"]}}],"collection":[{"href":"https:\/\/linitiative.ca\/International\/wp-json\/wp\/v2\/posts"}],"about":[{"href":"https:\/\/linitiative.ca\/International\/wp-json\/wp\/v2\/types\/post"}],"author":[{"embeddable":true,"href":"https:\/\/linitiative.ca\/International\/wp-json\/wp\/v2\/users\/1788"}],"replies":[{"embeddable":true,"href":"https:\/\/linitiative.ca\/International\/wp-json\/wp\/v2\/comments?post=99623"}],"version-history":[{"count":0,"href":"https:\/\/linitiative.ca\/International\/wp-json\/wp\/v2\/posts\/99623\/revisions"}],"wp:attachment":[{"href":"https:\/\/linitiative.ca\/International\/wp-json\/wp\/v2\/media?parent=99623"}],"wp:term":[{"taxonomy":"category","embeddable":true,"href":"https:\/\/linitiative.ca\/International\/wp-json\/wp\/v2\/categories?post=99623"},{"taxonomy":"post_tag","embeddable":true,"href":"https:\/\/linitiative.ca\/International\/wp-json\/wp\/v2\/tags?post=99623"}],"curies":[{"name":"wp","href":"https:\/\/api.w.org\/{rel}","templated":true}]}}