{"id":99633,"date":"2020-09-22T13:12:12","date_gmt":"2020-09-22T17:12:12","guid":{"rendered":"https:\/\/linitiative.ca\/International\/oran-loperation-dinstallation-des-coordinateurs-communaux-de-la-delegation-de-lanie-touche-a-sa-fin\/"},"modified":"2020-09-22T13:12:12","modified_gmt":"2020-09-22T17:12:12","slug":"oran-loperation-dinstallation-des-coordinateurs-communaux-de-la-delegation-de-lanie-touche-a-sa-fin","status":"publish","type":"post","link":"https:\/\/linitiative.ca\/International\/oran-loperation-dinstallation-des-coordinateurs-communaux-de-la-delegation-de-lanie-touche-a-sa-fin\/","title":{"rendered":"Oran: l\u2019op\u00e9ration d\u2019installation des coordinateurs communaux de la  d\u00e9l\u00e9gation de l\u2019ANIE touche \u00e0 sa fin"},"content":{"rendered":"<p><span class=\"sp-nh-title\">Mostaganem: l\u2019h\u00f4pital de 240 lits sera universitaire<\/span> &#8211; <span class=\"sp-nh-date\">mardi 22 septembre 2020 18:26<\/span><\/p>\n<p><span class=\"sp-nh-title\">Journ\u00e9e internationale de la paix: l&rsquo;imp\u00e9ratif de d\u00e9coloniser la Palestine et le Sahara occidental<\/span> &#8211; <span class=\"sp-nh-date\">mardi 22 septembre 2020 18:24<\/span><\/p>\n<p><span class=\"sp-nh-title\">L&rsquo;amendement du code de proc\u00e9dure p\u00e9nale vise \u00e0 renforcer le syst\u00e8me judiciaire sp\u00e9cialis\u00e9<\/span> &#8211; <span class=\"sp-nh-date\">mardi 22 septembre 2020 18:14<\/span><\/p>\n<p><span class=\"sp-nh-title\">Oran: l\u2019op\u00e9ration d\u2019installation des coordinateurs communaux de la d\u00e9l\u00e9gation de l\u2019ANIE touche \u00e0 sa fin<\/span> &#8211; <span class=\"sp-nh-date\">mardi 22 septembre 2020 18:12<\/span><\/p>\n<p><span class=\"sp-nh-title\">Coalition Internationale , une autre voie pour exiger un r\u00e9f\u00e9rendum au Sahara Occidental<\/span> &#8211; <span class=\"sp-nh-date\">mardi 22 septembre 2020 18:08<\/span><\/p>\n<p><span class=\"sp-nh-title\">Signature d&rsquo;une convention de partenariat entre l&rsquo;ANVREDET et le CRSTDLA<\/span> &#8211; <span class=\"sp-nh-date\">mardi 22 septembre 2020 18:06<\/span><\/p>\n<p><span class=\"sp-nh-title\">La BNA lance la finance islamique dans quatre nouvelles agences<\/span> &#8211; <span class=\"sp-nh-date\">mardi 22 septembre 2020 18:02<\/span><\/p>\n<p><span class=\"sp-nh-title\">Zeghmati : les bandes de quartiers ont cr\u00e9\u00e9 un climat d&rsquo;ins\u00e9curit\u00e9<\/span> &#8211; <span class=\"sp-nh-date\">mardi 22 septembre 2020 17:53<\/span><\/p>\n<p><span class=\"sp-nh-title\">Mostaganem: mise en \u00e9chec de quatre tentatives d\u2019\u00e9migration clandestine et arrestation de 51 personnes<\/span> &#8211; <span class=\"sp-nh-date\">mardi 22 septembre 2020 17:50<\/span><\/p>\n<p><span class=\"sp-nh-title\">Khenchela : lancement de projets de r\u00e9alisation de 98 terrains de proximit\u00e9 \u00e0 travers les communes de la wilaya<\/span> &#8211; <span class=\"sp-nh-date\">mardi 22 septembre 2020 17:48<\/span><\/p>\n<p><span class=\"sp-nh-title\">Appel \u00e0 une participation massive au r\u00e9f\u00e9rendum sur la Constitution pour contribuer \u00e0 l&rsquo;\u00e9dification de l&rsquo;Alg\u00e9rie nouvelle<\/span> &#8211; <span class=\"sp-nh-date\">mardi 22 septembre 2020 17:29<\/span><\/p>\n<p><span class=\"sp-nh-title\">Coronavirus: 191 nouveaux cas, 127 gu\u00e9risons et 10 d\u00e9c\u00e8s<\/span> &#8211; <span class=\"sp-nh-date\">mardi 22 septembre 2020 17:24<\/span><\/p>\n<p><span class=\"sp-nh-title\">Brexit: L&rsquo;UE exhorte Londres \u00e0 renoncer \u00e0 revenir sur l&rsquo;accord<\/span> &#8211; <span class=\"sp-nh-date\">mardi 22 septembre 2020 17:08<\/span><\/p>\n<p><span class=\"sp-nh-title\">Les startups devraient \u00eatre la source des solutions intelligentes et innovantes<\/span> &#8211; <span class=\"sp-nh-date\">mardi 22 septembre 2020 16:57<\/span><\/p>\n<p><span class=\"sp-nh-title\">Zeghmati : la protection p\u00e9nale du corps m\u00e9dical n&rsquo;a pas abrog\u00e9 celle du citoyen<\/span> &#8211; <span class=\"sp-nh-date\">mardi 22 septembre 2020 16:40<\/span><\/p>\n<p><span class=\"sp-nh-title\">Exportations: l\u2019ANCA plaide pour des conventions avec les pays africains limitrophes<\/span> &#8211; <span class=\"sp-nh-date\">mardi 22 septembre 2020 16:22<\/span><\/p>\n<p><span class=\"sp-nh-title\">Accidents de la route: 29 morts et 1.254 bless\u00e9s en une semaine<\/span> &#8211; <span class=\"sp-nh-date\">mardi 22 septembre 2020 16:15<\/span><\/p>\n<p><span class=\"sp-nh-title\">Assurances agricoles: un projet de r\u00e9forme en cours de pr\u00e9paration<\/span> &#8211; <span class=\"sp-nh-date\">mardi 22 septembre 2020 16:12<\/span><\/p>\n<p><span class=\"sp-nh-title\">Basket-ball : la s\u00e9lection alg\u00e9rienne reprend du service<\/span> &#8211; <span class=\"sp-nh-date\">mardi 22 septembre 2020 15:59<\/span><\/p>\n<p><span class=\"sp-nh-title\">Amendement constitutionnel: la Cour constitutionnelle, une valeur ajout\u00e9e habilit\u00e9e \u00e0 intervenir dans le d\u00e9bat politique<\/span> &#8211; <span class=\"sp-nh-date\">mardi 22 septembre 2020 15:48<\/span><\/p>\n<p>Auteur:<br \/>\n<a href=\"http:\/\/www.aps.dz\/regions\/110025-oran-l-operation-d-installation-des-coordinateurs-communaux-de-la-delegation-de-l-anie-touche-a-sa-fin\">Cliquez ici pour lire l&rsquo;article depuis sa source.<\/a><\/p>\n","protected":false},"excerpt":{"rendered":"<p>Mostaganem: l\u2019h\u00f4pital de 240 lits sera universitaire &#8211; mardi 22 septembre 2020 18:26 Journ\u00e9e internationale de la paix: l&rsquo;imp\u00e9ratif de d\u00e9coloniser la Palestine et le Sahara occidental &#8211; mardi 22 septembre 2020 18:24 L&rsquo;amendement du code de proc\u00e9dure p\u00e9nale vise \u00e0 renforcer le syst\u00e8me judiciaire sp\u00e9cialis\u00e9 &#8211; mardi 22 septembre 2020 18:14 Oran: l\u2019op\u00e9ration d\u2019installation [&hellip;]<\/p>\n","protected":false},"author":1790,"featured_media":0,"comment_status":"closed","ping_status":"closed","sticky":false,"template":"","format":"standard","meta":{"fifu_image_url":"","fifu_image_alt":"","footnotes":""},"categories":[53,76],"tags":[],"class_list":["post-99633","post","type-post","status-publish","format-standard","hentry","category-algerie","category-regions"],"_links":{"self":[{"href":"https:\/\/linitiative.ca\/International\/wp-json\/wp\/v2\/posts\/99633","targetHints":{"allow":["GET"]}}],"collection":[{"href":"https:\/\/linitiative.ca\/International\/wp-json\/wp\/v2\/posts"}],"about":[{"href":"https:\/\/linitiative.ca\/International\/wp-json\/wp\/v2\/types\/post"}],"author":[{"embeddable":true,"href":"https:\/\/linitiative.ca\/International\/wp-json\/wp\/v2\/users\/1790"}],"replies":[{"embeddable":true,"href":"https:\/\/linitiative.ca\/International\/wp-json\/wp\/v2\/comments?post=99633"}],"version-history":[{"count":0,"href":"https:\/\/linitiative.ca\/International\/wp-json\/wp\/v2\/posts\/99633\/revisions"}],"wp:attachment":[{"href":"https:\/\/linitiative.ca\/International\/wp-json\/wp\/v2\/media?parent=99633"}],"wp:term":[{"taxonomy":"category","embeddable":true,"href":"https:\/\/linitiative.ca\/International\/wp-json\/wp\/v2\/categories?post=99633"},{"taxonomy":"post_tag","embeddable":true,"href":"https:\/\/linitiative.ca\/International\/wp-json\/wp\/v2\/tags?post=99633"}],"curies":[{"name":"wp","href":"https:\/\/api.w.org\/{rel}","templated":true}]}}