{"id":99634,"date":"2020-09-22T08:59:24","date_gmt":"2020-09-22T12:59:24","guid":{"rendered":"https:\/\/linitiative.ca\/International\/jerada-des-mesures-anti-covid-a-partir-du-22-septembre\/"},"modified":"2020-09-22T08:59:24","modified_gmt":"2020-09-22T12:59:24","slug":"jerada-des-mesures-anti-covid-a-partir-du-22-septembre","status":"publish","type":"post","link":"https:\/\/linitiative.ca\/International\/jerada-des-mesures-anti-covid-a-partir-du-22-septembre\/","title":{"rendered":"Jerada : Des mesures anti-Covid \u00e0 partir du 22 septembre"},"content":{"rendered":"<p class=\"c4\">Les autorit\u00e9s provinciales de Jerada ont annonc\u00e9 l\u2019adoption, \u00e0 compter de ce mardi 22 septembre et pour une dur\u00e9e d\u2019une semaine renouvelable, de plusieurs mesures exceptionnelles pour enrayer la propagation de la pand\u00e9mie du nouveau coronavirus (Covid-19).<\/p>\n<p class=\"c4\">Sur la base du suivi quotidien de la situation \u00e9pid\u00e9miologique au niveau de la province, marqu\u00e9e par une hausse constante du nombre de contamination, et des recommandations \u00e9manant de la r\u00e9union du comit\u00e9 provincial de vigilance tenue lundi, il a \u00e9t\u00e9 d\u00e9cid\u00e9, pour une dur\u00e9e d\u2019une semaine renouvelable (du 22 septembre \u00e0 18H au 29 septembre \u00e0 18H), la mise en place d\u2019une s\u00e9rie de mesures exceptionnelles pour stopper la propagation du Covid-19, soulignent les autorit\u00e9s provinciales dans un communiqu\u00e9.<\/p>\n<p class=\"c4\">Ces mesures concernent l\u2019imposition d\u2019un permis exceptionnel pour se d\u00e9placer de et vers la ville de Jerada, d\u00e9livr\u00e9 par les autorit\u00e9s comp\u00e9tentes, l\u2019interdiction des rassemblements dans les espaces publics, et la fermeture des commerces, restaurants et snacks \u00e0 22H.<\/p>\n<p class=\"c4\">Il s\u2019agit aussi de la fermeture des parcs publics, des salles de jeux, des salles de sport et des terrains de proximit\u00e9, et la r\u00e9duction de la capacit\u00e9 des transports publics (taxis et bus) \u00e0 50 pc.<\/p>\n<p class=\"c4\">Le communiqu\u00e9 met \u00e9galement l\u2019accent sur le contr\u00f4le strict en ce qui concerne le respect du port de masques et la distanciation sociale, avec la r\u00e9pression de tous les contrevenants aux mesures de pr\u00e9vention sanitaire, conform\u00e9ment aux dispositions juridiques en vigueur.<\/p>\n<p class=\"c4\">Il a \u00e9t\u00e9 aussi d\u00e9cid\u00e9 la fermeture partielle, au niveau de la ville de Jerada, du quartier \u00ab\u00a0Al Mjahaz\u00a0\u00bb et du quartier \u00ab\u00a0Oulad Sidi Ali\u00a0\u00bb qui constituent d\u00e9sormais des foyers \u00e9pid\u00e9miques, en sus de la prise d\u2019un ensemble de mesures exceptionnelles portant sur l\u2019interdiction des d\u00e9placements de et vers les parties concern\u00e9es par la fermeture, sauf \u00e0 des fins professionnelles, humanitaires ou sanitaires, et la fermeture \u00e0 20H des commerces, restaurants et snacks dans ces quartiers, ainsi que la fermeture des hammams, douches, salons de coiffure et salles de sport situ\u00e9s dans ces deux zones.<\/p>\n<p class=\"c4\">Le communiqu\u00e9 pr\u00e9cise que toutes ces mesures restent en vigueur pendant une semaine et pourraient \u00eatre prolong\u00e9es \u00e0 la lumi\u00e8re de l\u2019\u00e9volution de la situation \u00e9pid\u00e9miologique et son \u00e9valuation par le comit\u00e9 provincial de vigilance.<\/p>\n<p class=\"c4\">Par ailleurs, ces m\u00eames mesures pourraient \u00eatre mises en place au niveau des diff\u00e9rentes localit\u00e9s de la province suivant la situation \u00e9pid\u00e9miologique, fait remarquer la m\u00eame source tout en soulignant la possibilit\u00e9 de lever ces restrictions en fonction de l\u2019am\u00e9lioration des indicateurs li\u00e9s \u00e0 cette pand\u00e9mie.<\/p>\n<p class=\"c4\">Enfin, les autorit\u00e9s provinciales appellent l\u2019ensemble des citoyens \u00e0 faire preuve de vigilance et d\u2019esprit de responsabilit\u00e9 partag\u00e9e, et \u00e0 respecter scrupuleusement les mesures pr\u00e9ventives qui demeurent l\u2019unique moyen efficace pour lutter contre le Covid-19.<\/p>\n<p>Auteur: Soufiane ELAHMAR<br \/>\n<a href=\"http:\/\/www.mapoujda.ma\/fr\/jerada-des-mesures-anti-covid-a-partir-du-22-septembre\/\">Cliquez ici pour lire l&rsquo;article depuis sa source.<\/a><\/p>\n","protected":false},"excerpt":{"rendered":"<p>Les autorit\u00e9s provinciales de Jerada ont annonc\u00e9 l\u2019adoption, \u00e0 compter de ce mardi 22 septembre et pour une dur\u00e9e d\u2019une semaine renouvelable, de plusieurs mesures exceptionnelles pour enrayer la propagation de la pand\u00e9mie du nouveau coronavirus (Covid-19). Sur la base du suivi quotidien de la situation \u00e9pid\u00e9miologique au niveau de la province, marqu\u00e9e par une [&hellip;]<\/p>\n","protected":false},"author":1788,"featured_media":0,"comment_status":"closed","ping_status":"closed","sticky":false,"template":"","format":"standard","meta":{"fifu_image_url":"","fifu_image_alt":"","footnotes":""},"categories":[54,76],"tags":[],"class_list":["post-99634","post","type-post","status-publish","format-standard","hentry","category-maroc","category-regions"],"_links":{"self":[{"href":"https:\/\/linitiative.ca\/International\/wp-json\/wp\/v2\/posts\/99634","targetHints":{"allow":["GET"]}}],"collection":[{"href":"https:\/\/linitiative.ca\/International\/wp-json\/wp\/v2\/posts"}],"about":[{"href":"https:\/\/linitiative.ca\/International\/wp-json\/wp\/v2\/types\/post"}],"author":[{"embeddable":true,"href":"https:\/\/linitiative.ca\/International\/wp-json\/wp\/v2\/users\/1788"}],"replies":[{"embeddable":true,"href":"https:\/\/linitiative.ca\/International\/wp-json\/wp\/v2\/comments?post=99634"}],"version-history":[{"count":0,"href":"https:\/\/linitiative.ca\/International\/wp-json\/wp\/v2\/posts\/99634\/revisions"}],"wp:attachment":[{"href":"https:\/\/linitiative.ca\/International\/wp-json\/wp\/v2\/media?parent=99634"}],"wp:term":[{"taxonomy":"category","embeddable":true,"href":"https:\/\/linitiative.ca\/International\/wp-json\/wp\/v2\/categories?post=99634"},{"taxonomy":"post_tag","embeddable":true,"href":"https:\/\/linitiative.ca\/International\/wp-json\/wp\/v2\/tags?post=99634"}],"curies":[{"name":"wp","href":"https:\/\/api.w.org\/{rel}","templated":true}]}}